{"id":4467,"date":"2016-05-31T14:00:02","date_gmt":"2016-05-31T17:00:02","guid":{"rendered":"http:\/\/jornalismo.ufsj.edu.br\/van\/?p=4467"},"modified":"2016-05-31T13:05:45","modified_gmt":"2016-05-31T16:05:45","slug":"producao-de-flores-e-foco-de-pesquisa-em-minas-gerais","status":"publish","type":"post","link":"http:\/\/jornalismo.ufsj.edu.br\/van\/producao-de-flores-e-foco-de-pesquisa-em-minas-gerais\/","title":{"rendered":"Produ\u00e7\u00e3o de flores \u00e9 foco de pesquisa em Minas Gerais"},"content":{"rendered":"<p style=\"text-align: center;\"><i><span style=\"font-weight: 400;\">Pesquisa visa contribuir com o avan\u00e7o da floricultura no estado<\/span><\/i><\/p>\n<figure id=\"attachment_4468\" aria-describedby=\"caption-attachment-4468\" style=\"width: 848px\" class=\"wp-caption aligncenter\"><img loading=\"lazy\" decoding=\"async\" class=\" wp-image-4468\" src=\"http:\/\/jornalismo.ufsj.edu.br\/van\/wp-content\/uploads\/2016\/05\/Rog\u00e9rio-da-Silva-300x200.jpg\" alt=\"Minas Gerais \u00e9 o segundo maior produtor de flores do pa\u00eds. FOTO: Rog\u00e9rio da Silva\" width=\"848\" height=\"565\" srcset=\"http:\/\/jornalismo.ufsj.edu.br\/van\/wp-content\/uploads\/2016\/05\/Rog\u00e9rio-da-Silva-300x200.jpg 300w, http:\/\/jornalismo.ufsj.edu.br\/van\/wp-content\/uploads\/2016\/05\/Rog\u00e9rio-da-Silva.jpg 500w\" sizes=\"auto, (max-width: 848px) 100vw, 848px\" \/><figcaption id=\"caption-attachment-4468\" class=\"wp-caption-text\">Minas Gerais \u00e9 o segundo maior produtor de flores do pa\u00eds. FOTO: Rog\u00e9rio da Silva<\/figcaption><\/figure>\n<p><span style=\"font-weight: 400;\">A Empresa de Assist\u00eancia T\u00e9cnica e Extens\u00e3o Rural do Estado de Minas Gerais (EMATER-MG) em parceria com a Secretaria de Agricultura, Pecu\u00e1ria e Abastecimento de Minas Gerais (SEAPA) est\u00e1 realizando uma pesquisa sobre o fortalecimento da produ\u00e7\u00e3o de flores em Minas Gerais. Cidades como S\u00e3o Jo\u00e3o del-Rei, Barbacena, Alfredo Vasconcelos e Ant\u00f4nio Carlos representam o Campo das Vertentes na lista da pesquisa. O objetivo \u00e9 reunir, mensalmente, dados sobre a produtividade de flores para contribuir com o avan\u00e7o da \u00e1rea.<\/span><\/p>\n<p><span style=\"font-weight: 400;\">A parceria entre EMATER e SEAPA teve in\u00edcio em abril e pretende concluir at\u00e9 o m\u00eas de junho o primeiro levantamento de dados sobre a floricultura da regi\u00e3o. \u201cA primeira divulga\u00e7\u00e3o deve apresentar dados consistentes e um panorama geral da produ\u00e7\u00e3o em Minas\u201d, ressalta o coordenador t\u00e9cnico da EMATER de Minas Gerais, Edson Logato. <\/span><\/p>\n<p><span style=\"font-weight: 400;\">Os pequenos e m\u00e9dios floristas do estado, que \u00e9 o segundo maior do Brasil na produ\u00e7\u00e3o de flores de diversas variedades, s\u00e3o o alvo da pesquisa. A an\u00e1lise elenca v\u00e1rias informa\u00e7\u00f5es, como: esp\u00e9cies produzidas, quantidades, n\u00famero de agricultores familiares e tamb\u00e9m n\u00e3o familiares envolvidos na atividade.<\/span><\/p>\n<p><span style=\"font-weight: 400;\">De acordo com o gerente regional da EMATER de S\u00e3o Jo\u00e3o del-Rei, Ademir Mendes, a pesquisa surgiu como um pedido de inclus\u00e3o da Secretaria de Agricultura, visto que j\u00e1 \u00e9 realizado um mapeamento de dados sobre gr\u00e3os e animais por outras empresas. Esse mapeamento est\u00e1 sendo feito mensalmente em todo o estado de Minas Gerais e, a curto prazo, serve como um controle da EMATER sobre a produ\u00e7\u00e3o de flores da regi\u00e3o. J\u00e1 a longo prazo, as informa\u00e7\u00f5es podem ser aproveitadas para a obten\u00e7\u00e3o do Cr\u00e9dito Rural, pois o Governo Federal tem a inten\u00e7\u00e3o de investir nesses produtores.<\/span><\/p>\n<p><span style=\"font-weight: 400;\">A EMATER de Minas Gerais acompanha, desde a sua cria\u00e7\u00e3o, a safra agr\u00edcola do estado em todos os munic\u00edpios. Em 2015, introduziu a Safra Pecu\u00e1ria, compilando dados sobre todos os produtos relacionados a esse setor. Nesta mesma ferramenta informatizada de an\u00e1lise, em 2016, foi inclu\u00eddo o Sistema para Acompanhamento da Floricultura, que permite que cada escrit\u00f3rio da EMATER fa\u00e7a o <\/span><i><span style=\"font-weight: 400;\">upload online <\/span><\/i><span style=\"font-weight: 400;\">de informa\u00e7\u00f5es sobre a produ\u00e7\u00e3o de flores do munic\u00edpio de abrang\u00eancia.<\/span><\/p>\n<p><span style=\"font-weight: 400;\">O florista S\u00e3o-joanense, Wilson Naves, v\u00ea na pesquisa uma t\u00e1tica positiva. \u201cO mapeamento desses tipos de dados, t\u00e3o esquecidos em pesquisas gerais, vai, com certeza, ajudar no crescimento da \u00e1rea. Vai ser bom n\u00e3o s\u00f3 para as empresas que est\u00e3o realizando a an\u00e1lise, mas tamb\u00e9m para n\u00f3s, produtores, para sabermos se um tipo de flor est\u00e1 sendo produzida mais ou menos, onde podemos investir, essas quest\u00f5es\u201d, completa Wilson.<\/span><\/p>\n<p>&nbsp;<\/p>\n<p><span style=\"font-weight: 400;\">TEXTO\/VAN: Sofia Pacheco<\/span><\/p>\n","protected":false},"excerpt":{"rendered":"<p>A EMATER-MG em parceria com a SEAPA est\u00e1 realizando uma pesquisa sobre o fortalecimento da produ\u00e7\u00e3o de flores em Minas Gerais. Quatro cidades da regi\u00e3o do Campo das Vertentes fazem parte da lista da pesquisa. Confira:<\/p>\n","protected":false},"author":2,"featured_media":4468,"comment_status":"open","ping_status":"open","sticky":false,"template":"","format":"standard","meta":{"_monsterinsights_skip_tracking":false,"_monsterinsights_sitenote_active":false,"_monsterinsights_sitenote_note":"","_monsterinsights_sitenote_category":0,"_themeisle_gutenberg_block_has_review":false,"cybocfi_hide_featured_image":"","footnotes":""},"categories":[409,410,20,113,109],"tags":[413,412,411],"class_list":["post-4467","post","type-post","status-publish","format-standard","has-post-thumbnail","hentry","category-alfredo-vasconcelos","category-antonio-carlos","category-barbacena","category-ciencia-e-tecnologia","category-sao-joao-del-rei-microrregiao-de-sao-joao-del-rei","tag-emater-mg","tag-floricultura","tag-producao-de-flores-no-campo-das-vertentes"],"_links":{"self":[{"href":"http:\/\/jornalismo.ufsj.edu.br\/van\/wp-json\/wp\/v2\/posts\/4467","targetHints":{"allow":["GET"]}}],"collection":[{"href":"http:\/\/jornalismo.ufsj.edu.br\/van\/wp-json\/wp\/v2\/posts"}],"about":[{"href":"http:\/\/jornalismo.ufsj.edu.br\/van\/wp-json\/wp\/v2\/types\/post"}],"author":[{"embeddable":true,"href":"http:\/\/jornalismo.ufsj.edu.br\/van\/wp-json\/wp\/v2\/users\/2"}],"replies":[{"embeddable":true,"href":"http:\/\/jornalismo.ufsj.edu.br\/van\/wp-json\/wp\/v2\/comments?post=4467"}],"version-history":[{"count":2,"href":"http:\/\/jornalismo.ufsj.edu.br\/van\/wp-json\/wp\/v2\/posts\/4467\/revisions"}],"predecessor-version":[{"id":4470,"href":"http:\/\/jornalismo.ufsj.edu.br\/van\/wp-json\/wp\/v2\/posts\/4467\/revisions\/4470"}],"wp:featuredmedia":[{"embeddable":true,"href":"http:\/\/jornalismo.ufsj.edu.br\/van\/wp-json\/wp\/v2\/media\/4468"}],"wp:attachment":[{"href":"http:\/\/jornalismo.ufsj.edu.br\/van\/wp-json\/wp\/v2\/media?parent=4467"}],"wp:term":[{"taxonomy":"category","embeddable":true,"href":"http:\/\/jornalismo.ufsj.edu.br\/van\/wp-json\/wp\/v2\/categories?post=4467"},{"taxonomy":"post_tag","embeddable":true,"href":"http:\/\/jornalismo.ufsj.edu.br\/van\/wp-json\/wp\/v2\/tags?post=4467"}],"curies":[{"name":"wp","href":"https:\/\/api.w.org\/{rel}","templated":true}]}}