{"id":4462,"date":"2016-05-31T09:00:28","date_gmt":"2016-05-31T12:00:28","guid":{"rendered":"http:\/\/jornalismo.ufsj.edu.br\/van\/?p=4462"},"modified":"2016-05-30T21:44:47","modified_gmt":"2016-05-31T00:44:47","slug":"feira-sustentavel-valoriza-produtos-da-regiao-das-vertentes","status":"publish","type":"post","link":"http:\/\/jornalismo.ufsj.edu.br\/van\/feira-sustentavel-valoriza-produtos-da-regiao-das-vertentes\/","title":{"rendered":"Feira sustent\u00e1vel valoriza produtos da regi\u00e3o das Vertentes"},"content":{"rendered":"<p style=\"text-align: center;\"><i><span style=\"font-weight: 400;\">Evento contou com artesanato e comidas t\u00edpicas.<\/span><\/i><\/p>\n<figure id=\"attachment_4463\" aria-describedby=\"caption-attachment-4463\" style=\"width: 857px\" class=\"wp-caption aligncenter\"><img loading=\"lazy\" decoding=\"async\" class=\" wp-image-4463\" src=\"http:\/\/jornalismo.ufsj.edu.br\/van\/wp-content\/uploads\/2016\/05\/Feira-movimentou-a-economia-e-a-rela\u00e7\u00e3o-entre-comerciante-e-visitante.-FOTO-Al\u00edcia-Antonioli-300x200.jpg\" alt=\"Feira movimentou a economia e a rela\u00e7\u00e3o entre comerciante e visitante. FOTO: Al\u00edcia Antonioli\" width=\"857\" height=\"571\" srcset=\"http:\/\/jornalismo.ufsj.edu.br\/van\/wp-content\/uploads\/2016\/05\/Feira-movimentou-a-economia-e-a-rela\u00e7\u00e3o-entre-comerciante-e-visitante.-FOTO-Al\u00edcia-Antonioli-300x200.jpg 300w, http:\/\/jornalismo.ufsj.edu.br\/van\/wp-content\/uploads\/2016\/05\/Feira-movimentou-a-economia-e-a-rela\u00e7\u00e3o-entre-comerciante-e-visitante.-FOTO-Al\u00edcia-Antonioli-768x512.jpg 768w, http:\/\/jornalismo.ufsj.edu.br\/van\/wp-content\/uploads\/2016\/05\/Feira-movimentou-a-economia-e-a-rela\u00e7\u00e3o-entre-comerciante-e-visitante.-FOTO-Al\u00edcia-Antonioli-1024x683.jpg 1024w\" sizes=\"auto, (max-width: 857px) 100vw, 857px\" \/><figcaption id=\"caption-attachment-4463\" class=\"wp-caption-text\">Feira movimentou a economia e a rela\u00e7\u00e3o entre comerciante e visitante. FOTO: Al\u00edcia Antonioli<\/figcaption><\/figure>\n<p><span style=\"font-weight: 400;\">Nos dias 28 e 29 de maio, aconteceu a Feira de Economia Sustent\u00e1vel, na Pra\u00e7a do Coreto, em S\u00e3o Jo\u00e3o del-Rei. Produtos artesanais em madeira, em tecido e em material recicl\u00e1vel, al\u00e9m de queijo, caf\u00e9, roscas, biscoitos e rocamboles t\u00edpicos da regi\u00e3o do Campo das Vertentes foram os produtos comercializados durante o evento, <\/span><span style=\"font-weight: 400;\">realizado pela Secretaria Estadual de Desenvolvimento Social (Sedese), em parceria com o F\u00f3rum Mineiro da Economia Popular Solid\u00e1ria, o Conselho Estadual da Economia Popular Solid\u00e1ria e a Prefeitura Municipal.<\/span><\/p>\n<p><span style=\"font-weight: 400;\">Os 30 participantes vieram de diversos munic\u00edpios mineiros: <\/span><span style=\"font-weight: 400;\">S\u00e3o Jo\u00e3o del-Rei, Ant\u00f4nio Carlos, Barbacena, Barroso, Catas Altas da Noruega, Cipot\u00e2nia, Congonhas, Conselheiro Lafaiete, Coronel Xavier Chaves, Desterro do Melo, Lagoa Dourada, Lavras, Mariana, Prados, Ressaquinha, Santa Cruz de Minas, Tiradentes e Santa B\u00e1rbara do Teg\u00fario. Cada empreendedor trouxe produtos tradicionais de sua cidade.<\/span><\/p>\n<figure id=\"attachment_4464\" aria-describedby=\"caption-attachment-4464\" style=\"width: 917px\" class=\"wp-caption aligncenter\"><img loading=\"lazy\" decoding=\"async\" class=\" wp-image-4464\" src=\"http:\/\/jornalismo.ufsj.edu.br\/van\/wp-content\/uploads\/2016\/05\/Os-artes\u00e3os-tiveram-a-oportunidade-de-mostrar-seus-trabalhos.-FOTO-Al\u00edcia-Antonioli-300x200.jpg\" alt=\"Os artes\u00e3os tiveram a oportunidade de mostrar seus trabalhos. FOTO: Al\u00edcia Antonioli\" width=\"917\" height=\"611\" srcset=\"http:\/\/jornalismo.ufsj.edu.br\/van\/wp-content\/uploads\/2016\/05\/Os-artes\u00e3os-tiveram-a-oportunidade-de-mostrar-seus-trabalhos.-FOTO-Al\u00edcia-Antonioli-300x200.jpg 300w, http:\/\/jornalismo.ufsj.edu.br\/van\/wp-content\/uploads\/2016\/05\/Os-artes\u00e3os-tiveram-a-oportunidade-de-mostrar-seus-trabalhos.-FOTO-Al\u00edcia-Antonioli-768x512.jpg 768w, http:\/\/jornalismo.ufsj.edu.br\/van\/wp-content\/uploads\/2016\/05\/Os-artes\u00e3os-tiveram-a-oportunidade-de-mostrar-seus-trabalhos.-FOTO-Al\u00edcia-Antonioli-1024x683.jpg 1024w\" sizes=\"auto, (max-width: 917px) 100vw, 917px\" \/><figcaption id=\"caption-attachment-4464\" class=\"wp-caption-text\">Os artes\u00e3os tiveram a oportunidade de mostrar seus trabalhos. FOTO: Al\u00edcia Antonioli<\/figcaption><\/figure>\n<p><span style=\"font-weight: 400;\">Segundo uma das organizadoras, Concei\u00e7\u00e3o Maria do Carmo de Souza Costa, a Tutuca, que faz parte do F\u00f3rum Regional de Economia Solid\u00e1ria, o objetivo maior da Feira \u00e9 a intera\u00e7\u00e3o entre os grupos por meio da troca, em um relacionamento voltado para um mundo mais solid\u00e1rio. \u201cN\u00e3o \u00e9 s\u00f3 uma feira, \u00e9 uma pol\u00edtica p\u00fablica que est\u00e1 sendo consolidada, e a comercializa\u00e7\u00e3o \u00e9 uma das suas linhas de atua\u00e7\u00e3o. A Feira vem afirmar que as pessoas t\u00eam interesse em um sistema de com\u00e9rcio que n\u00e3o est\u00e1 focado apenas no retorno financeiro\u201d, ressalta. <\/span><\/p>\n<figure id=\"attachment_4465\" aria-describedby=\"caption-attachment-4465\" style=\"width: 482px\" class=\"wp-caption alignleft\"><img loading=\"lazy\" decoding=\"async\" class=\" wp-image-4465\" src=\"http:\/\/jornalismo.ufsj.edu.br\/van\/wp-content\/uploads\/2016\/05\/Turistas-passaram-pela-Feira-Sustent\u00e1vel-FOTO-Al\u00edcia-Antonioli-300x200.jpg\" alt=\"Turistas passaram pela Feira Sustent\u00e1vel. FOTO: Al\u00edcia Antonioli\" width=\"482\" height=\"321\" srcset=\"http:\/\/jornalismo.ufsj.edu.br\/van\/wp-content\/uploads\/2016\/05\/Turistas-passaram-pela-Feira-Sustent\u00e1vel-FOTO-Al\u00edcia-Antonioli-300x200.jpg 300w, http:\/\/jornalismo.ufsj.edu.br\/van\/wp-content\/uploads\/2016\/05\/Turistas-passaram-pela-Feira-Sustent\u00e1vel-FOTO-Al\u00edcia-Antonioli-768x512.jpg 768w, http:\/\/jornalismo.ufsj.edu.br\/van\/wp-content\/uploads\/2016\/05\/Turistas-passaram-pela-Feira-Sustent\u00e1vel-FOTO-Al\u00edcia-Antonioli-1024x683.jpg 1024w\" sizes=\"auto, (max-width: 482px) 100vw, 482px\" \/><figcaption id=\"caption-attachment-4465\" class=\"wp-caption-text\">Turistas passaram pela Feira Sustent\u00e1vel. FOTO: Al\u00edcia Antonioli<\/figcaption><\/figure>\n<p><span style=\"font-weight: 400;\">O encontro foi ben\u00e9fico para os comerciantes e para quem esteve presente e teve a oportunidade de ver produtos feitos \u00e0 m\u00e3o. Para professora Maria Stella Veloso, a divulga\u00e7\u00e3o deveria ter sido mais efetiva.\u00a0<\/span>Ela conta que foi \u00e0 Feira porque estava passeando pela cidade e viu o evento. \u201cAchei \u00f3tima essa ideia. A iniciativa \u00e9 fant\u00e1stica, pois a cultura artesanal \u00e9 pouco valorizada. O evento \u00e9, ent\u00e3o, uma forma de as pessoas conhecerem\u201d, explica.<\/p>\n<p><span style=\"font-weight: 400;\">A artes\u00e3 Maril\u00e9ia da Boa Morte Assun\u00e7\u00e3o, que trabalha na Prefeitura Municipal de Coronel Xavier Chaves, tamb\u00e9m considera que a Feira ajuda a divulgar o trabalho artesanal. \u201cAs pessoas ficam admiradas com os produtos e com os materiais que a gente usa. No nosso caso, \u00e9 a vassoura pet. As pessoas ficam encantadas com esse processo de transformar a garrafa pet em vassoura\u201d, conta.<\/span><\/p>\n<p>&nbsp;<\/p>\n<p><span style=\"font-weight: 400;\">TEXTO\/VAN: Elaine Maciel<\/span><\/p>\n<p><span style=\"font-weight: 400;\">COLABORA\u00c7\u00c3O: Scarlet Freitas<\/span><\/p>\n","protected":false},"excerpt":{"rendered":"<p>S\u00e3o Jo\u00e3o del-Rei sediou, no \u00faltimo fim de semana, a Feira de Economia Sustent\u00e1vel, realizada na Pra\u00e7a do Coreto. Produtos artesanais feitos de madeira, em tecido e em material recicl\u00e1vel, al\u00e9m de queijo, caf\u00e9, roscas, biscoitos e rocamboles t\u00edpicos da regi\u00e3o do Campo das Vertentes foram os produtos comercializados durante o evento. Saiba como foi:<\/p>\n","protected":false},"author":2,"featured_media":4463,"comment_status":"open","ping_status":"open","sticky":false,"template":"","format":"standard","meta":{"_monsterinsights_skip_tracking":false,"_monsterinsights_sitenote_active":false,"_monsterinsights_sitenote_note":"","_monsterinsights_sitenote_category":0,"_themeisle_gutenberg_block_has_review":false,"cybocfi_hide_featured_image":"","footnotes":""},"categories":[17,24,109],"tags":[149,161,407,408],"class_list":["post-4462","post","type-post","status-publish","format-standard","has-post-thumbnail","hentry","category-cidade","category-economia","category-sao-joao-del-rei-microrregiao-de-sao-joao-del-rei","tag-cidades","tag-economia","tag-economia-solidaria","tag-feria-de-economia-sustentavel"],"_links":{"self":[{"href":"http:\/\/jornalismo.ufsj.edu.br\/van\/wp-json\/wp\/v2\/posts\/4462","targetHints":{"allow":["GET"]}}],"collection":[{"href":"http:\/\/jornalismo.ufsj.edu.br\/van\/wp-json\/wp\/v2\/posts"}],"about":[{"href":"http:\/\/jornalismo.ufsj.edu.br\/van\/wp-json\/wp\/v2\/types\/post"}],"author":[{"embeddable":true,"href":"http:\/\/jornalismo.ufsj.edu.br\/van\/wp-json\/wp\/v2\/users\/2"}],"replies":[{"embeddable":true,"href":"http:\/\/jornalismo.ufsj.edu.br\/van\/wp-json\/wp\/v2\/comments?post=4462"}],"version-history":[{"count":1,"href":"http:\/\/jornalismo.ufsj.edu.br\/van\/wp-json\/wp\/v2\/posts\/4462\/revisions"}],"predecessor-version":[{"id":4466,"href":"http:\/\/jornalismo.ufsj.edu.br\/van\/wp-json\/wp\/v2\/posts\/4462\/revisions\/4466"}],"wp:featuredmedia":[{"embeddable":true,"href":"http:\/\/jornalismo.ufsj.edu.br\/van\/wp-json\/wp\/v2\/media\/4463"}],"wp:attachment":[{"href":"http:\/\/jornalismo.ufsj.edu.br\/van\/wp-json\/wp\/v2\/media?parent=4462"}],"wp:term":[{"taxonomy":"category","embeddable":true,"href":"http:\/\/jornalismo.ufsj.edu.br\/van\/wp-json\/wp\/v2\/categories?post=4462"},{"taxonomy":"post_tag","embeddable":true,"href":"http:\/\/jornalismo.ufsj.edu.br\/van\/wp-json\/wp\/v2\/tags?post=4462"}],"curies":[{"name":"wp","href":"https:\/\/api.w.org\/{rel}","templated":true}]}}