{"id":4317,"date":"2016-05-20T09:00:02","date_gmt":"2016-05-20T12:00:02","guid":{"rendered":"http:\/\/jornalismo.ufsj.edu.br\/van\/?p=4317"},"modified":"2016-05-19T23:24:33","modified_gmt":"2016-05-20T02:24:33","slug":"iv-mostra-de-artesanato-e-cultura-acontece-em-resende-costa","status":"publish","type":"post","link":"http:\/\/jornalismo.ufsj.edu.br\/van\/iv-mostra-de-artesanato-e-cultura-acontece-em-resende-costa\/","title":{"rendered":"IV Mostra de Artesanato e Cultura acontece em Resende Costa"},"content":{"rendered":"<p style=\"text-align: center;\"><i><span style=\"font-weight: 400;\">Os artes\u00e3os da cidade aproveitam a oportunidade para divulgar seu trabalho<\/span><\/i><\/p>\n<figure id=\"attachment_4318\" aria-describedby=\"caption-attachment-4318\" style=\"width: 960px\" class=\"wp-caption aligncenter\"><img loading=\"lazy\" decoding=\"async\" class=\"size-full wp-image-4318\" src=\"http:\/\/jornalismo.ufsj.edu.br\/van\/wp-content\/uploads\/2016\/05\/IV-Mostra-de-Artesanato-e-Cutura-de-Resende-Costa.jpg\" alt=\"IV Mostra de Artesanato e Cutura de Resende Costa \u00e9 realizada entre 26 e 29 de maio. FOTO: Divulga\u00e7\u00e3o\" width=\"960\" height=\"679\" srcset=\"http:\/\/jornalismo.ufsj.edu.br\/van\/wp-content\/uploads\/2016\/05\/IV-Mostra-de-Artesanato-e-Cutura-de-Resende-Costa.jpg 960w, http:\/\/jornalismo.ufsj.edu.br\/van\/wp-content\/uploads\/2016\/05\/IV-Mostra-de-Artesanato-e-Cutura-de-Resende-Costa-300x212.jpg 300w, http:\/\/jornalismo.ufsj.edu.br\/van\/wp-content\/uploads\/2016\/05\/IV-Mostra-de-Artesanato-e-Cutura-de-Resende-Costa-768x543.jpg 768w\" sizes=\"auto, (max-width: 960px) 100vw, 960px\" \/><figcaption id=\"caption-attachment-4318\" class=\"wp-caption-text\">IV Mostra de Artesanato e Cutura de Resende Costa \u00e9 realizada entre 26 e 29 de maio. FOTO: Divulga\u00e7\u00e3o<\/figcaption><\/figure>\n<p><span style=\"font-weight: 400;\">A IV Mostra de Artesanato e Cultura de Resende Costa acontece entre os dias 26 e 29 de maio. O evento, que pela primeira vez n\u00e3o coincidir\u00e1 com o anivers\u00e1rio da cidade, objetiva divulgar o trabalho dos artes\u00e3os locais, conhecidos em todo o Brasil. \u201cA cidade toda ganha, pois o artesanato \u00e9 uma das maiores fontes de renda da popula\u00e7\u00e3o resende-costense\u201d, explica uma das organizadoras do evento, Estela Maria da Silva Resende.<\/span><\/p>\n<p><span style=\"font-weight: 400;\">Al\u00e9m do tradicional artesanato, a Mostra oferece atra\u00e7\u00f5es musicais. Bruna Assis \u00e9 uma das artistas da cidade que se apresentar\u00e3o na ocasi\u00e3o. \u201cFa\u00e7o apresenta\u00e7\u00f5es fora de Resende Costa, mas quando tenho a oportunidade de cantar para o meu povo, a emo\u00e7\u00e3o \u00e9 sempre diferente. A Mostra nos ajuda bastante a divulgar nosso trabalho e a solidificar a nossa carreira\u201d, explica a cantora de 16 anos.<\/span><\/p>\n<p><span style=\"font-weight: 400;\">Os resende-costenses apoiam a realiza\u00e7\u00e3o da Mostra. \u201cEu sempre participei e, para mim, \u00e9 um evento sensacional em sua proposta e realiza\u00e7\u00e3o. \u00c9 uma forma de valorizar e ter conhecimento do que temos de mais especial em nossa cidade, que \u00e9 o artesanato. \u00c9 uma oportunidade de transformar a cidade numa vitrine de pura arte\u201d, conta o morador Lucas Lara.<\/span><\/p>\n<figure id=\"attachment_4319\" aria-describedby=\"caption-attachment-4319\" style=\"width: 419px\" class=\"wp-caption alignleft\"><img loading=\"lazy\" decoding=\"async\" class=\" wp-image-4319\" src=\"http:\/\/jornalismo.ufsj.edu.br\/van\/wp-content\/uploads\/2016\/05\/Aretesanato-em-Resende-Costa-tem-tecnicas-semelhantes-ao-s\u00e9culo-XVIII-Foto-Divulga\u00e7\u00e3o.jpg\" alt=\"Artesanato em Resende Costa tem t\u00e9cnicas semelhantes ao s\u00e9culo XVIII Foto: Divulga\u00e7\u00e3o\" width=\"419\" height=\"278\" srcset=\"http:\/\/jornalismo.ufsj.edu.br\/van\/wp-content\/uploads\/2016\/05\/Aretesanato-em-Resende-Costa-tem-tecnicas-semelhantes-ao-s\u00e9culo-XVIII-Foto-Divulga\u00e7\u00e3o.jpg 800w, http:\/\/jornalismo.ufsj.edu.br\/van\/wp-content\/uploads\/2016\/05\/Aretesanato-em-Resende-Costa-tem-tecnicas-semelhantes-ao-s\u00e9culo-XVIII-Foto-Divulga\u00e7\u00e3o-300x199.jpg 300w, http:\/\/jornalismo.ufsj.edu.br\/van\/wp-content\/uploads\/2016\/05\/Aretesanato-em-Resende-Costa-tem-tecnicas-semelhantes-ao-s\u00e9culo-XVIII-Foto-Divulga\u00e7\u00e3o-768x510.jpg 768w\" sizes=\"auto, (max-width: 419px) 100vw, 419px\" \/><figcaption id=\"caption-attachment-4319\" class=\"wp-caption-text\">Artesanato em Resende Costa tem t\u00e9cnicas semelhantes ao s\u00e9culo XVIII Foto: Divulga\u00e7\u00e3o<\/figcaption><\/figure>\n<p><span style=\"font-weight: 400;\">A Mostra tamb\u00e9m se prop\u00f5e a exp\u00f4r aos moradores e turistas um pouco mais da hist\u00f3ria da cidade, terra de dois inconfidentes: Jos\u00e9 de Resende Costa Pai e Filho. \u201cA participa\u00e7\u00e3o desses fazendeiros na Inconfid\u00eancia Mineira \u00e9, claramente, um ind\u00edcio da import\u00e2ncia da regi\u00e3o e de sua integra\u00e7\u00e3o ao n\u00facleo din\u00e2mico da capitania mineira no s\u00e9culo XVIII. Resende Costa teve uma grande participa\u00e7\u00e3o econ\u00f4mica no s\u00e9culo XVIII e XIX. A venda de g\u00eaneros aliment\u00edcios para Vila Rica e, posteriormente, para a Coroa, enriqueceu muitos agricultores. Al\u00e9m disso, a t\u00e9cnica utilizada no artesanato na cidade \u00e9 preservada desde aquela \u00e9poca\u201d, comenta a historiadora resende-costense Edna Resende.<\/span><\/p>\n<p><span style=\"font-weight: 400;\">A expectativa desse ano \u00e9 receber entre 15 e 20 mil pessoas durante os quatro dias de evento. \u201cA cada ano, espera-se que a Mostra tenha uma repercuss\u00e3o melhor. As expectativas deste ano s\u00e3o maiores, al\u00e9m da oficina viva de artesanato, teremos exposi\u00e7\u00e3o das nossas mercadorias, de coisas da ro\u00e7a, de biscoito, de m\u00f3veis e muito mais\u201d, alegra-se Estela.<\/span><\/p>\n<p>&nbsp;<\/p>\n<p><span style=\"font-weight: 400;\">TEXTO\/VAN: Ana Resende Quadros<\/span><\/p>\n","protected":false},"excerpt":{"rendered":"<p>A IV Mostra de Artesanato e Cultura de Resende Costa est\u00e1 chegando. O evento acontece entre os dias 26 e 29 de maio, na pr\u00f3xima semana. Saiba mais:<\/p>\n","protected":false},"author":2,"featured_media":4318,"comment_status":"open","ping_status":"open","sticky":false,"template":"","format":"standard","meta":{"_monsterinsights_skip_tracking":false,"_monsterinsights_sitenote_active":false,"_monsterinsights_sitenote_note":"","_monsterinsights_sitenote_category":0,"_themeisle_gutenberg_block_has_review":false,"cybocfi_hide_featured_image":"","footnotes":""},"categories":[13,24,29],"tags":[391,390,164],"class_list":["post-4317","post","type-post","status-publish","format-standard","has-post-thumbnail","hentry","category-cultura","category-economia","category-resende-costa","tag-artesanato","tag-mostra-de-artesanato-e-cultura-de-resende-costa","tag-resende-costa"],"_links":{"self":[{"href":"http:\/\/jornalismo.ufsj.edu.br\/van\/wp-json\/wp\/v2\/posts\/4317","targetHints":{"allow":["GET"]}}],"collection":[{"href":"http:\/\/jornalismo.ufsj.edu.br\/van\/wp-json\/wp\/v2\/posts"}],"about":[{"href":"http:\/\/jornalismo.ufsj.edu.br\/van\/wp-json\/wp\/v2\/types\/post"}],"author":[{"embeddable":true,"href":"http:\/\/jornalismo.ufsj.edu.br\/van\/wp-json\/wp\/v2\/users\/2"}],"replies":[{"embeddable":true,"href":"http:\/\/jornalismo.ufsj.edu.br\/van\/wp-json\/wp\/v2\/comments?post=4317"}],"version-history":[{"count":1,"href":"http:\/\/jornalismo.ufsj.edu.br\/van\/wp-json\/wp\/v2\/posts\/4317\/revisions"}],"predecessor-version":[{"id":4320,"href":"http:\/\/jornalismo.ufsj.edu.br\/van\/wp-json\/wp\/v2\/posts\/4317\/revisions\/4320"}],"wp:featuredmedia":[{"embeddable":true,"href":"http:\/\/jornalismo.ufsj.edu.br\/van\/wp-json\/wp\/v2\/media\/4318"}],"wp:attachment":[{"href":"http:\/\/jornalismo.ufsj.edu.br\/van\/wp-json\/wp\/v2\/media?parent=4317"}],"wp:term":[{"taxonomy":"category","embeddable":true,"href":"http:\/\/jornalismo.ufsj.edu.br\/van\/wp-json\/wp\/v2\/categories?post=4317"},{"taxonomy":"post_tag","embeddable":true,"href":"http:\/\/jornalismo.ufsj.edu.br\/van\/wp-json\/wp\/v2\/tags?post=4317"}],"curies":[{"name":"wp","href":"https:\/\/api.w.org\/{rel}","templated":true}]}}