{"id":4186,"date":"2016-05-14T16:00:41","date_gmt":"2016-05-14T19:00:41","guid":{"rendered":"http:\/\/jornalismo.ufsj.edu.br\/van\/?p=4186"},"modified":"2016-05-14T14:41:44","modified_gmt":"2016-05-14T17:41:44","slug":"livro-sobre-a-historia-de-carandai-e-lancado-em-barbacena","status":"publish","type":"post","link":"http:\/\/jornalismo.ufsj.edu.br\/van\/livro-sobre-a-historia-de-carandai-e-lancado-em-barbacena\/","title":{"rendered":"Livro sobre a hist\u00f3ria de Caranda\u00ed \u00e9 lan\u00e7ado em Barbacena"},"content":{"rendered":"<p style=\"text-align: center;\"><i>A publica\u00e7\u00e3o do historiador e \u00a0memorialista Jo\u00e3o Paulo Ferreira de Assis abrange a hist\u00f3ria do munic\u00edpio do s\u00e9culo XVIII ao XX<\/i><\/p>\n<figure id=\"attachment_4187\" aria-describedby=\"caption-attachment-4187\" style=\"width: 350px\" class=\"wp-caption alignleft\"><img loading=\"lazy\" decoding=\"async\" class=\"wp-image-4187\" src=\"http:\/\/jornalismo.ufsj.edu.br\/van\/wp-content\/uploads\/2016\/05\/Livro-Hist\u00f3ria-do-Munic\u00edpio-de-Caranda\u00ed-\u00e9-lan\u00e7ado-em-Barbacena-Foto-Divulga\u00e7\u00e3o-ACHAMPAS-211x300.jpg\" alt=\"Livro Hist\u00f3ria do Munic\u00edpio de Caranda\u00ed \u00e9 lan\u00e7ado em Barbacena - Foto: Divulga\u00e7\u00e3o ACHAMPAS\" width=\"350\" height=\"497\" srcset=\"http:\/\/jornalismo.ufsj.edu.br\/van\/wp-content\/uploads\/2016\/05\/Livro-Hist\u00f3ria-do-Munic\u00edpio-de-Caranda\u00ed-\u00e9-lan\u00e7ado-em-Barbacena-Foto-Divulga\u00e7\u00e3o-ACHAMPAS-211x300.jpg 211w, http:\/\/jornalismo.ufsj.edu.br\/van\/wp-content\/uploads\/2016\/05\/Livro-Hist\u00f3ria-do-Munic\u00edpio-de-Caranda\u00ed-\u00e9-lan\u00e7ado-em-Barbacena-Foto-Divulga\u00e7\u00e3o-ACHAMPAS-768x1091.jpg 768w, http:\/\/jornalismo.ufsj.edu.br\/van\/wp-content\/uploads\/2016\/05\/Livro-Hist\u00f3ria-do-Munic\u00edpio-de-Caranda\u00ed-\u00e9-lan\u00e7ado-em-Barbacena-Foto-Divulga\u00e7\u00e3o-ACHAMPAS-721x1024.jpg 721w, http:\/\/jornalismo.ufsj.edu.br\/van\/wp-content\/uploads\/2016\/05\/Livro-Hist\u00f3ria-do-Munic\u00edpio-de-Caranda\u00ed-\u00e9-lan\u00e7ado-em-Barbacena-Foto-Divulga\u00e7\u00e3o-ACHAMPAS.jpg 2008w\" sizes=\"auto, (max-width: 350px) 100vw, 350px\" \/><figcaption id=\"caption-attachment-4187\" class=\"wp-caption-text\">Livro Hist\u00f3ria do Munic\u00edpio de Caranda\u00ed \u00e9 lan\u00e7ado em Barbacena &#8211; Foto: Divulga\u00e7\u00e3o ACHAMPAS<\/figcaption><\/figure>\n<p>A Associa\u00e7\u00e3o Cultural do Arquivo Hist\u00f3rico Municipal Professor Altair Savassi (ACAHMPAS) e a Sociedade de Cultura Musical de Barbacena (SMB) realizam o lan\u00e7amento do livro \u201cHist\u00f3ria do Munic\u00edpio de Caranda\u00ed\u201d, no pr\u00f3ximo dia 20 de maio, \u00e0s 19h30, na Casa da Cultura, em Barbacena. O livro \u00e9 fruto de cuidadosa pesquisa documental do historiador e memorialista Jo\u00e3o Paulo Ferreira de Assis.<\/p>\n<p>A pesquisa para a realiza\u00e7\u00e3o da obra foi iniciada nos anos 1990, nos arquivos de Mariana, Caranda\u00ed, Prados, Barbacena, Belo Horizonte, S\u00e3o Jo\u00e3o del-Rei, Ouro Preto, Tiradentes e Rio de Janeiro. Antes de escrever \u201cHist\u00f3ria do Munic\u00edpio de Caranda\u00ed\u201d, o professor Jo\u00e3o Paulo havia lan\u00e7ado uma s\u00e9rie de artigos mensais sobre Ressaquinha, Senhora dos Rem\u00e9dios e Caranda\u00ed. \u201cDepois de alguns anos, a ideia de escrever a hist\u00f3ria do Munic\u00edpio de Caranda\u00ed ressurgiu, agora com nova motiva\u00e7\u00e3o: Caranda\u00ed, al\u00e9m de ser o meu local de trabalho, \u00e9 a terra de alguns de meus antepassados\u201d, explica o autor.<\/p>\n<p>Para a fundadora do Arquivo Hist\u00f3rico Municipal Professor Altair Savassi (AHMPAS), Edna Resende, pesquisas como a de Jo\u00e3o Paulo contribuem para a valoriza\u00e7\u00e3o dos acervos hist\u00f3ricos. \u201cA publica\u00e7\u00e3o do livro, fortemente baseado nas fontes dispon\u00edveis no AHMPAS, ressalta o papel fundamental do Arquivo como guardi\u00e3o da mem\u00f3ria regional\u201d, comenta.<\/p>\n<p>Embora pesquisas memorialistas sejam, por vezes, criticadas, a professora Edna, salienta o valor dessa metodologia. \u201cO trabalho do historiador depende fundamentalmente dos registros da mem\u00f3ria. Os memorialistas, amparados em fontes documentais, contribuem de forma imprescind\u00edvel para a constru\u00e7\u00e3o da identidade e da hist\u00f3ria de uma sociedade\u201d, afirma.<\/p>\n<p>Em Caranda\u00ed, o livro foi bem recepcionado, tendo vendido cerca de 20% de sua tiragem e ainda rendendo ao autor uma homenagem da C\u00e2mara Municipal e um futuro t\u00edtulo de Cidad\u00e3o Honor\u00e1rio. \u00a0\u201cQuem n\u00e3o valoriza a hist\u00f3ria da sua terra se arrisca a repetir os mesmos erros do passado. A consci\u00eancia de preserva\u00e7\u00e3o do patrim\u00f4nio deve prevalecer em todos os sentidos\u201d, defende Jo\u00e3o Paulo.<\/p>\n<p>As expectativas para o lan\u00e7amento em Barbacena tamb\u00e9m est\u00e3o elevadas, j\u00e1 que a hist\u00f3ria das duas cidades est\u00e3o conectadas. \u201cCaranda\u00ed foi distrito de Barbacena entre 1890 e 1924. E parte do atual munic\u00edpio (Ressaca) j\u00e1 o havia sido entre 1791 e 1831\u201d, explica o autor.<\/p>\n<p>O livro \u201cHist\u00f3ria do Munic\u00edpio de Caranda\u00ed\u201d tamb\u00e9m ser\u00e1 lan\u00e7ado nas cidades de S\u00e3o Jo\u00e3o del-Rei, Tiradentes e Conselheiro Lafaiete. A obra, editada pela Gr\u00e1fica e Editora Cidade de Barbacena, tem 520 p\u00e1ginas e \u00e9 comercializada por 50 reais.<\/p>\n<figure id=\"attachment_4190\" aria-describedby=\"caption-attachment-4190\" style=\"width: 1024px\" class=\"wp-caption aligncenter\"><img loading=\"lazy\" decoding=\"async\" class=\"wp-image-4190 size-full\" src=\"http:\/\/jornalismo.ufsj.edu.br\/van\/wp-content\/uploads\/2016\/05\/Casa-da-Cultura-Foto-Robson-Ferreira.jpg\" alt=\"Casa da Cultura - Foto - Robson Ferreira\" width=\"1024\" height=\"575\" srcset=\"http:\/\/jornalismo.ufsj.edu.br\/van\/wp-content\/uploads\/2016\/05\/Casa-da-Cultura-Foto-Robson-Ferreira.jpg 1024w, http:\/\/jornalismo.ufsj.edu.br\/van\/wp-content\/uploads\/2016\/05\/Casa-da-Cultura-Foto-Robson-Ferreira-300x168.jpg 300w, http:\/\/jornalismo.ufsj.edu.br\/van\/wp-content\/uploads\/2016\/05\/Casa-da-Cultura-Foto-Robson-Ferreira-768x431.jpg 768w\" sizes=\"auto, (max-width: 1024px) 100vw, 1024px\" \/><figcaption id=\"caption-attachment-4190\" class=\"wp-caption-text\">Casa da Cultura &#8211; Foto: Robson Ferreira<\/figcaption><\/figure>\n<h2>A ACHAMPAS<\/h2>\n<p>A Associa\u00e7\u00e3o Cultural do Arquivo Hist\u00f3rico Municipal Professor Altair Savassi (ACAHMPAS) \u00e9 uma sociedade civil, de direito privado e sem fins lucrativos, fundada em dezembro de 2009, por pesquisadores do Arquivo Hist\u00f3rico de Barbacena e por moradores da cidade. O objetivo da Associa\u00e7\u00e3o \u00e9, por meio de doa\u00e7\u00f5es, produ\u00e7\u00e3o de fotografias e filmografia, edi\u00e7\u00e3o de publica\u00e7\u00f5es e promo\u00e7\u00e3o de exposi\u00e7\u00f5es, fomentar a pesquisa e a produ\u00e7\u00e3o arquiv\u00edstica do munic\u00edpio de Barbacena, bem como da preserva\u00e7\u00e3o do patrim\u00f4nio documental da regi\u00e3o.<\/p>\n<p>O presidente da ACAHMPAS, Sheldon Augusto Soares de Carvalho, conta que \u00e9 importante valorizar a hist\u00f3ria regional, pois, para ele, o avan\u00e7o dessas pesquisas esclarecem o saber hist\u00f3rico e geram novas abordagens e novos objetos de investiga\u00e7\u00e3o hist\u00f3rica. Por essa raz\u00e3o, a institui\u00e7\u00e3o pretende lan\u00e7ar outros livros com tem\u00e1tica regional. \u201cIremos valorizar muitas outras pesquisas e iniciativas culturais. Sem d\u00favida, isso \u00e9 uma das frentes de a\u00e7\u00e3o da nossa Associa\u00e7\u00e3o\u201d, explica o presidente.<\/p>\n<p>TEXTO\/VAN: Ana Resende Quadros<\/p>\n<p>COLABORA\u00c7\u00c3O: Camille Gallo<\/p>\n","protected":false},"excerpt":{"rendered":"<p>A Associa\u00e7\u00e3o Cultural do Arquivo Hist\u00f3rico Municipal Professor Altair Savassi e a Sociedade de Cultura Musical de Barbacena realizam o lan\u00e7amento do livro \u201cHist\u00f3ria do Munic\u00edpio de Caranda\u00ed\u201d, no pr\u00f3ximo dia 20 de maio, \u00e0s 19h30, na Casa da Cultura, em Barbacena. Saiba mais:<\/p>\n","protected":false},"author":2,"featured_media":4190,"comment_status":"open","ping_status":"open","sticky":false,"template":"","format":"standard","meta":{"_monsterinsights_skip_tracking":false,"_monsterinsights_sitenote_active":false,"_monsterinsights_sitenote_note":"","_monsterinsights_sitenote_category":0,"_themeisle_gutenberg_block_has_review":false,"cybocfi_hide_featured_image":"","footnotes":""},"categories":[20,13],"tags":[],"class_list":["post-4186","post","type-post","status-publish","format-standard","has-post-thumbnail","hentry","category-barbacena","category-cultura"],"_links":{"self":[{"href":"http:\/\/jornalismo.ufsj.edu.br\/van\/wp-json\/wp\/v2\/posts\/4186","targetHints":{"allow":["GET"]}}],"collection":[{"href":"http:\/\/jornalismo.ufsj.edu.br\/van\/wp-json\/wp\/v2\/posts"}],"about":[{"href":"http:\/\/jornalismo.ufsj.edu.br\/van\/wp-json\/wp\/v2\/types\/post"}],"author":[{"embeddable":true,"href":"http:\/\/jornalismo.ufsj.edu.br\/van\/wp-json\/wp\/v2\/users\/2"}],"replies":[{"embeddable":true,"href":"http:\/\/jornalismo.ufsj.edu.br\/van\/wp-json\/wp\/v2\/comments?post=4186"}],"version-history":[{"count":4,"href":"http:\/\/jornalismo.ufsj.edu.br\/van\/wp-json\/wp\/v2\/posts\/4186\/revisions"}],"predecessor-version":[{"id":4192,"href":"http:\/\/jornalismo.ufsj.edu.br\/van\/wp-json\/wp\/v2\/posts\/4186\/revisions\/4192"}],"wp:featuredmedia":[{"embeddable":true,"href":"http:\/\/jornalismo.ufsj.edu.br\/van\/wp-json\/wp\/v2\/media\/4190"}],"wp:attachment":[{"href":"http:\/\/jornalismo.ufsj.edu.br\/van\/wp-json\/wp\/v2\/media?parent=4186"}],"wp:term":[{"taxonomy":"category","embeddable":true,"href":"http:\/\/jornalismo.ufsj.edu.br\/van\/wp-json\/wp\/v2\/categories?post=4186"},{"taxonomy":"post_tag","embeddable":true,"href":"http:\/\/jornalismo.ufsj.edu.br\/van\/wp-json\/wp\/v2\/tags?post=4186"}],"curies":[{"name":"wp","href":"https:\/\/api.w.org\/{rel}","templated":true}]}}