{"id":316,"date":"2014-07-29T17:22:00","date_gmt":"2014-07-29T17:22:00","guid":{"rendered":"http:\/\/jornalismo.ufsj.edu.br\/van\/?p=316"},"modified":"2014-07-29T17:22:00","modified_gmt":"2014-07-29T17:22:00","slug":"ihg-de-sao-tiago-realizou-no-forno-da","status":"publish","type":"post","link":"http:\/\/jornalismo.ufsj.edu.br\/van\/ihg-de-sao-tiago-realizou-no-forno-da\/","title":{"rendered":"IHG de S\u00e3o Tiago realizou no Forno da Pra\u00e7a seu primeiro Sarau"},"content":{"rendered":"<div class=\"separator\" style=\"clear: both; text-align: center;\">\n<a href=\"http:\/\/4.bp.blogspot.com\/-gQpcAmzyxRg\/U9fYAug6gcI\/AAAAAAAADjE\/Yw9YFuNySKc\/s1600\/ihhsarausaotiago.jpg\" imageanchor=\"1\" style=\"margin-left: 1em; margin-right: 1em;\"><img loading=\"lazy\" decoding=\"async\" border=\"0\" src=\"http:\/\/4.bp.blogspot.com\/-gQpcAmzyxRg\/U9fYAug6gcI\/AAAAAAAADjE\/Yw9YFuNySKc\/s1600\/ihhsarausaotiago.jpg\" height=\"300\" width=\"400\" \/><\/a><\/div>\n<p>\nO Instituto Hist\u00f3rico e Geogr\u00e1fico de S\u00e3o Tiago (IHG) promoveu no s\u00e1bado (19\/07) o 1\u00ba Sarau no receptivo tur\u00edstico Forno da Pra\u00e7a. O objetivo foi fazer um resgate de poesias\/poemas, cantar can\u00e7\u00f5es escolares, folcl\u00f3ricas, religiosas e homenagear pessoas da comunidade que contribuem ou contribu\u00edram para a cultura e hist\u00f3ria local.<\/p>\n<p>Maria de Lourdes Rezende, conhecida como Cair\u00fa, coordenadora do evento e curadora do Memorial Santiaguense explica o que \u00e9 o Sarau e fala do legado cultural que a cidade adquiriu ao longo dos anos:<\/p>\n<p>&#8211; \u201cSarau \u00e9 uma atividade art\u00edstica e cultural antiga usada nos pal\u00e1cios reais quando se promovia festas, audit\u00f3rios, declama\u00e7\u00f5es de poemas, m\u00fasicas, tocatas para divertir o rei e a sua corte. Hoje usamos esse termo remontando a essa hist\u00f3ria antiga, mas com fatos mais atuais. Entretanto a inten\u00e7\u00e3o do IHG em realizar um Sarau em S\u00e3o Tiago e, ainda, no Forno da Pra\u00e7a que \u00e9 um local tur\u00edstico foi com o objetivo de resgatar nossa hist\u00f3ria escolar, da comunidade com nossas festas, teatros, atividades culturais. Ent\u00e3o este nosso Sarau teve como objetivo resgatar um pouco dessa nossa hist\u00f3ria local\u201d, ressalta Cair\u00fa.<\/p>\n<p>Salima Caputo Fernandes, participante do Sarau, comenta sobre o evento. \u201cHoje tivemos uma programa\u00e7\u00e3o especial, um momento muito significativo e simb\u00f3lico. Um resgate da mem\u00f3ria s\u00e3o-tiaguense. Parab\u00e9ns a equipe do IHG pela iniciativa em propor um evento como esse para comunidade, onde relembramos nossa inf\u00e2ncia, nossa hist\u00f3ria, nossa cultura. Que outros momentos como esse venham acontecer, pois \u00e9 muito importante lembrar pessoas, hist\u00f3rias, culturas que n\u00e3o passam e n\u00e3o acabam nunca, pois fazem parte da coletividade local\u201d, comenta Salima.<\/p>\n<p>T\u00e1ssio Resende maestro da Banda Lira Imaculada Concei\u00e7\u00e3o parabeniza a iniciativa da equipe organizadora em realizar o Sarau. \u201cAcredito ser muito importante um evento como esse para divulgar os artistas que h\u00e1 na cidade e que em muitas vezes s\u00e3o desconhecidos por falta de eventos como esse que \u00e9 uma oportunidade para divulg\u00e1-los. Essa iniciativa foi o caminho para isso. Deve continuar para divulgar esses nomes que \u00e0s vezes ficam escondidos, como teve a dona Ant\u00f4nia da Perc\u00edlia e v\u00e1rias outras pessoas\u201d, enfatiza T\u00e1ssio.<\/p>\n<p>Durante o evento houve recita\u00e7\u00e3o de poemas pelas convidadas, In\u00eas Silveira (\u201cP\u00e1ssaro Cativo\u201d), Nilda Reis (\u201cDeus\u201d), Eliza Cristina (Ave-Maria) e Maria de Lourdes (\u201cPalha\u00e7o\u201d). Em seguida houve a apresenta\u00e7\u00e3o da Sra. Ant\u00f4nia Geralda Santiago, membro do IHGST, musicista e instrumentista. Houve homenagens \u00e0 pessoas da comunidade.<\/p>\n<p>Finalizando o Sarau teve a apresenta\u00e7\u00e3o musical do Padre Jos\u00e9 Geraldo Lopes com sua voz e viol\u00e3o e a apresenta\u00e7\u00e3o de um document\u00e1rio intitulado, \u201cAnt\u00f4nia da Perc\u00edlia\u201d. O pr\u00f3ximo Sarau j\u00e1 est\u00e1 com data marcada para outubro desde ano.<\/p>\n<div>\n<\/div>\n<div>\nTexto: VAN\/ Marcus Santiago<\/div>\n<div>\nFoto:<\/div>\n","protected":false},"excerpt":{"rendered":"<p>O Instituto Hist\u00f3rico e Geogr\u00e1fico de S\u00e3o Tiago (IHG) promoveu no s\u00e1bado (19\/07) o 1\u00ba Sarau no receptivo tur\u00edstico Forno da Pra\u00e7a. O objetivo foi fazer um resgate de poesias\/poemas,<\/p>\n","protected":false},"author":2,"featured_media":0,"comment_status":"open","ping_status":"open","sticky":false,"template":"","format":"standard","meta":{"_monsterinsights_skip_tracking":false,"_monsterinsights_sitenote_active":false,"_monsterinsights_sitenote_note":"","_monsterinsights_sitenote_category":0,"_themeisle_gutenberg_block_has_review":false,"cybocfi_hide_featured_image":"","footnotes":""},"categories":[1],"tags":[152,163],"class_list":["post-316","post","type-post","status-publish","format-standard","hentry","category-sem-categoria","tag-cultura","tag-sao-tiago"],"_links":{"self":[{"href":"http:\/\/jornalismo.ufsj.edu.br\/van\/wp-json\/wp\/v2\/posts\/316","targetHints":{"allow":["GET"]}}],"collection":[{"href":"http:\/\/jornalismo.ufsj.edu.br\/van\/wp-json\/wp\/v2\/posts"}],"about":[{"href":"http:\/\/jornalismo.ufsj.edu.br\/van\/wp-json\/wp\/v2\/types\/post"}],"author":[{"embeddable":true,"href":"http:\/\/jornalismo.ufsj.edu.br\/van\/wp-json\/wp\/v2\/users\/2"}],"replies":[{"embeddable":true,"href":"http:\/\/jornalismo.ufsj.edu.br\/van\/wp-json\/wp\/v2\/comments?post=316"}],"version-history":[{"count":0,"href":"http:\/\/jornalismo.ufsj.edu.br\/van\/wp-json\/wp\/v2\/posts\/316\/revisions"}],"wp:attachment":[{"href":"http:\/\/jornalismo.ufsj.edu.br\/van\/wp-json\/wp\/v2\/media?parent=316"}],"wp:term":[{"taxonomy":"category","embeddable":true,"href":"http:\/\/jornalismo.ufsj.edu.br\/van\/wp-json\/wp\/v2\/categories?post=316"},{"taxonomy":"post_tag","embeddable":true,"href":"http:\/\/jornalismo.ufsj.edu.br\/van\/wp-json\/wp\/v2\/tags?post=316"}],"curies":[{"name":"wp","href":"https:\/\/api.w.org\/{rel}","templated":true}]}}