{"id":315,"date":"2014-07-30T17:27:00","date_gmt":"2014-07-30T17:27:00","guid":{"rendered":"http:\/\/jornalismo.ufsj.edu.br\/van\/?p=315"},"modified":"2015-05-25T21:58:11","modified_gmt":"2015-05-25T21:58:11","slug":"presbiterio-do-seculo-xviii-e","status":"publish","type":"post","link":"http:\/\/jornalismo.ufsj.edu.br\/van\/presbiterio-do-seculo-xviii-e\/","title":{"rendered":"Presbit\u00e9rio do s\u00e9culo XVIII \u00e9 descoberto em Rit\u00e1polis"},"content":{"rendered":"<div class=\"separator\" style=\"clear: both; text-align: center;\"><a style=\"margin-left: 1em; margin-right: 1em;\" href=\"http:\/\/2.bp.blogspot.com\/-4hZ43i1V50s\/U9fZZwfn7nI\/AAAAAAAADjQ\/BqvjcbAB_5U\/s1600\/materiarestaura%C3%A7aoritapolis.jpg\"><img loading=\"lazy\" decoding=\"async\" src=\"http:\/\/2.bp.blogspot.com\/-4hZ43i1V50s\/U9fZZwfn7nI\/AAAAAAAADjQ\/BqvjcbAB_5U\/s1600\/materiarestaura%C3%A7aoritapolis.jpg\" alt=\"\" width=\"400\" height=\"300\" border=\"0\" \/><\/a><\/div>\n<p>O que a princ\u00edpio seriam apenas reformas e restaura\u00e7\u00f5es no Santu\u00e1rio de Santa Rita de C\u00e1ssia tornaram-se grandes surpresas. Foi encontrado recentemente o antigo presbit\u00e9rio da igreja e estima-se que o mesmo seja do s\u00e9culo XVIII. \u201cNesses 160 anos de Par\u00f3quia achar o presbit\u00e9rio antigo foi um dos melhores presentes\u201d, afirma Pe. N\u00e9lio Jos\u00e9 dos Santos, atual p\u00e1roco de Rit\u00e1polis \u2013 MG.<\/p>\n<p>O p\u00e1roco conta como foi encontrar o antigo presbit\u00e9rio. Segundo ele \u201cno dia que os pedreiros come\u00e7aram na parte pr\u00f3xima ao trono, quebraram uma pedra polida (r\u00fastica). A sorte que n\u00e3o a espatifaram, ela quebrou uma ponta e pode ser encaixada e colada no seu lugar novamente. Cheguei l\u00e1 e vi que era uma pedra enorme e trabalhada, disse a eles que era imposs\u00edvel estar ali como entulho e que era o nosso altar antigo, que eram pra ter mais cuidado. Pedi a eles que cavassem com mais delicadeza que ali tinha a nossa hist\u00f3ria viva e bem guardada e o tempo n\u00e3o destruiu\u201d.<\/p>\n<p>Segundo Ot\u00e1vio Augusto de Oliveira Vieira, Secret\u00e1rio de Educa\u00e7\u00e3o do munic\u00edpio e um dos colaboradores da obra, busca-se o resgate com o povo mais antigo e nos livros de registro da igreja como era o Santu\u00e1rio, no entanto, s\u00e3o fatos de aproximadamente 300 anos atr\u00e1s, o que dificulta esse processo.<\/p>\n<p>Os ritapolitanos acompanham de perto todo o processo de reforma e restaura\u00e7\u00e3o e relembram como era a igreja e os rituais h\u00e1 mais ou menos 50 anos. A senhora S\u00f4nia Resende Amaral lembra que antigamente a missa era em latim e que os homens assistiam \u00e0 missa na parte da frente da igreja e as mulheres na parte de tr\u00e1s. A moradora conta ainda que se recorda de haver a mesa de comunh\u00e3o pr\u00f3xima ao altar, onde as pessoas se ajoelhavam para receber a eucaristia. Elemento este que ir\u00e1 ser colocado novamente no Santu\u00e1rio.<\/p>\n<p>O Santu\u00e1rio passar\u00e1 por reformas no telhado e parte el\u00e9trica e restaura\u00e7\u00e3o do presbit\u00e9rio, obras que s\u00e3o necess\u00e1rias ao longo do tempo. Os artes\u00e3os do Athelier de Arte Nossa Senhora do Pilar, de S\u00e3o Jo\u00e3o del-Rei, foram contratados para participar deste processo atrav\u00e9s da fabrica\u00e7\u00e3o de materiais sacros, como a mesa de comunh\u00e3o. De acordo com Claudio Neves da Silva e Bruno Mendes, componentes do ateli\u00ea, o trabalho deles visa resgatar parte de como era, criando pe\u00e7as sacras que respeitem o estilo do altar.<\/p>\n<p>A expectativa de t\u00e9rmino da obra \u00e9 de novembro ou dezembro deste ano. \u201cTudo isso deixa o meu cora\u00e7\u00e3o feliz e por ser filho da terra, mais feliz permane\u00e7o ao recuperar a hist\u00f3ria do templo de nossa Par\u00f3quia. Acredito que a reforma nos ajudar\u00e1 a reformar tamb\u00e9m o nosso cora\u00e7\u00e3o. Recordar \u00e9 viver!\u201d, completa Pe. N\u00e9lio.<\/p>\n<p>Texto: VAN\/ D\u00e9borah Vieira<br \/>\nFoto: D\u00e9borah Vieira<\/p>\n<div><\/div>\n","protected":false},"excerpt":{"rendered":"<p>O que a princ\u00edpio seriam apenas reformas e restaura\u00e7\u00f5es no Santu\u00e1rio de Santa Rita de C\u00e1ssia tornaram-se grandes surpresas. Foi encontrado recentemente o antigo presbit\u00e9rio da igreja e estima-se que<\/p>\n","protected":false},"author":2,"featured_media":1110,"comment_status":"open","ping_status":"open","sticky":false,"template":"","format":"standard","meta":{"_monsterinsights_skip_tracking":false,"_monsterinsights_sitenote_active":false,"_monsterinsights_sitenote_note":"","_monsterinsights_sitenote_category":0,"_themeisle_gutenberg_block_has_review":false,"cybocfi_hide_featured_image":"","footnotes":""},"categories":[13,31],"tags":[],"class_list":["post-315","post","type-post","status-publish","format-standard","has-post-thumbnail","hentry","category-cultura","category-ritapolis"],"_links":{"self":[{"href":"http:\/\/jornalismo.ufsj.edu.br\/van\/wp-json\/wp\/v2\/posts\/315","targetHints":{"allow":["GET"]}}],"collection":[{"href":"http:\/\/jornalismo.ufsj.edu.br\/van\/wp-json\/wp\/v2\/posts"}],"about":[{"href":"http:\/\/jornalismo.ufsj.edu.br\/van\/wp-json\/wp\/v2\/types\/post"}],"author":[{"embeddable":true,"href":"http:\/\/jornalismo.ufsj.edu.br\/van\/wp-json\/wp\/v2\/users\/2"}],"replies":[{"embeddable":true,"href":"http:\/\/jornalismo.ufsj.edu.br\/van\/wp-json\/wp\/v2\/comments?post=315"}],"version-history":[{"count":1,"href":"http:\/\/jornalismo.ufsj.edu.br\/van\/wp-json\/wp\/v2\/posts\/315\/revisions"}],"predecessor-version":[{"id":1113,"href":"http:\/\/jornalismo.ufsj.edu.br\/van\/wp-json\/wp\/v2\/posts\/315\/revisions\/1113"}],"wp:featuredmedia":[{"embeddable":true,"href":"http:\/\/jornalismo.ufsj.edu.br\/van\/wp-json\/wp\/v2\/media\/1110"}],"wp:attachment":[{"href":"http:\/\/jornalismo.ufsj.edu.br\/van\/wp-json\/wp\/v2\/media?parent=315"}],"wp:term":[{"taxonomy":"category","embeddable":true,"href":"http:\/\/jornalismo.ufsj.edu.br\/van\/wp-json\/wp\/v2\/categories?post=315"},{"taxonomy":"post_tag","embeddable":true,"href":"http:\/\/jornalismo.ufsj.edu.br\/van\/wp-json\/wp\/v2\/tags?post=315"}],"curies":[{"name":"wp","href":"https:\/\/api.w.org\/{rel}","templated":true}]}}