{"id":314,"date":"2014-08-02T16:39:00","date_gmt":"2014-08-02T16:39:00","guid":{"rendered":"http:\/\/jornalismo.ufsj.edu.br\/van\/?p=314"},"modified":"2014-08-02T16:39:00","modified_gmt":"2014-08-02T16:39:00","slug":"a-vida-e-obra-do-escultor-mineiro-dito","status":"publish","type":"post","link":"http:\/\/jornalismo.ufsj.edu.br\/van\/a-vida-e-obra-do-escultor-mineiro-dito\/","title":{"rendered":"A vida e a obra do escultor Mineiro Dito Santeiro"},"content":{"rendered":"<div class=\"separator\" style=\"clear: both; text-align: center;\">\n<a href=\"http:\/\/4.bp.blogspot.com\/-L3GWoysG0BE\/U90T1p1ys2I\/AAAAAAAADjs\/JvNkljTomt4\/s1600\/santeironazareno.jpg\" imageanchor=\"1\" style=\"margin-left: 1em; margin-right: 1em;\"><img loading=\"lazy\" decoding=\"async\" border=\"0\" src=\"http:\/\/4.bp.blogspot.com\/-L3GWoysG0BE\/U90T1p1ys2I\/AAAAAAAADjs\/JvNkljTomt4\/s1600\/santeironazareno.jpg\" height=\"400\" width=\"225\" \/><\/a><\/div>\n<p>\nEm Minas Gerais, ber\u00e7o de grandes artistas, Dito Santeiro, escultor de arte sacra, surpreende com seu trabalho. Autodidata, seu of\u00edcio transmite aos expectadores, religiosidade e f\u00e9. Benedito Eduardo de Carvalho, mais conhecido como Dito Santeiro, \u00e9 natural de Concei\u00e7\u00e3o da Barra de Minas. Mudou-se aos 15 anos para Nazareno, adotou o munic\u00edpio como cidade do cora\u00e7\u00e3o e hoje tem ali constitu\u00edda toda sua trajet\u00f3ria de vida. Nascido em 13 de Outubro de 1947, demonstrou seu talento para a arte j\u00e1 em sua inf\u00e2ncia, iniciando aos 8 anos seu primeiro trabalho como escultor. A mat\u00e9ria prima utilizada na confec\u00e7\u00e3o de suas obras engloba tanto a madeira quanto a pedra-sab\u00e3o, e a tem\u00e1tica envolve principalmente a arte sacra.<\/p>\n<p>O of\u00edcio do artes\u00e3o sempre conquistou o apre\u00e7o e respeito da popula\u00e7\u00e3o nazarenense. Segundo o professor e m\u00fasico, Roque Raphael Ercolin: \u201cPercebe-se nas confec\u00e7\u00f5es de suas obras que o escultor Benedito Santeiro desperta a emo\u00e7\u00e3o religiosa de quem a observa, com intensa dramaticidade\u201d. Augusto Leonel Ribeiro, professor e historiador nazarenense expressa-se: \u201cSou admirador das obras do Dito Santeiro desde minha inf\u00e2ncia. O Sr. Dito \u00e9 uma pessoa muito am\u00e1vel e acess\u00edvel; amigo de longa data de minha fam\u00edlia. Uma pessoa admir\u00e1vel que tem um dom \u00edmpar\u201d.<\/p>\n<p>Membro relevante na constru\u00e7\u00e3o cultural da cidade de Nazareno, preserva um of\u00edcio quase extinto na atualidade. Dito Santeiro \u00e9 considerado pela popula\u00e7\u00e3o um c\u00e9lebre artista. Um marco importante em sua carreira foi uma escultura de Frei Galv\u00e3o &#8211; &nbsp;primeiro santo do Brasil &#8211; &nbsp;realizada no ano de 2007, com o intuito de presentear o Papa Bento XVI, em nome de todo povo brasileiro. O presente lhe rendeu homenagens, entre elas, uma carta do Vaticano como forma de agradecimento, e consequentemente, um amplo reconhecimento de seu trabalho, nacional e internacionalmente. Outra obra de grande destaque que realizou, \u00e9 a imagem esculpida do santo Jo\u00e3o Paulo II, toda em madeira, com grande riqueza de detalhes e que atualmente comp\u00f5e o altar da primeira par\u00f3quia em homenagem ao santo no Brasil, situada em Juiz de Fora.<\/p>\n<p>Mais de cinco d\u00e9cadas dedicadas \u00e0 arte, milhares de obras realizadas, mantendo a credibilidade e o profissionalismo. Indagado sobre a emo\u00e7\u00e3o que lhe proporcionava tal fun\u00e7\u00e3o, Dito respondeu: \u201cMinha arte \u00e9 inspira\u00e7\u00e3o de Deus\u201d. &nbsp;Atrav\u00e9s de cursos, o artista transmite a seus aprendizes o of\u00edcio de ser escultor, ensinando t\u00e9cnicas para o aperfei\u00e7oamento, dando continuidade a essa express\u00e3o art\u00edstica e contribuindo para o engrandecimento cultural da cidade.<\/p>\n<p>No processo de cria\u00e7\u00e3o art\u00edstica, ap\u00f3s escolhida a mat\u00e9ria prima, com a utiliza\u00e7\u00e3o de uma lima, a madeira ganha delicadas formas, dando origem \u00e0s obras art\u00edsticas, tarefa que \u00e0s vezes demora meses para ser finalizada. &nbsp;Pela qualidade de seu trabalho, \u00e9 muito requisitado como artes\u00e3o. Tem como influ\u00eancia o barroco mineiro. \u00c9 tamb\u00e9m admirador dos trabalhos do mestre Ant\u00f4nio Francisco Lisboa, mais conhecido por Aleijadinho, e do pintor Manuel da Costa Ata\u00edde.<\/p>\n<div>\n<\/div>\n<div>\nTexto: VAN\/Thays<\/div>\n<div>\nFoto: Thays<\/div>\n","protected":false},"excerpt":{"rendered":"<p>Em Minas Gerais, ber\u00e7o de grandes artistas, Dito Santeiro, escultor de arte sacra, surpreende com seu trabalho. Autodidata, seu of\u00edcio transmite aos expectadores, religiosidade e f\u00e9. Benedito Eduardo de Carvalho,<\/p>\n","protected":false},"author":2,"featured_media":0,"comment_status":"open","ping_status":"open","sticky":false,"template":"","format":"standard","meta":{"_monsterinsights_skip_tracking":false,"_monsterinsights_sitenote_active":false,"_monsterinsights_sitenote_note":"","_monsterinsights_sitenote_category":0,"_themeisle_gutenberg_block_has_review":false,"cybocfi_hide_featured_image":"","footnotes":""},"categories":[1],"tags":[152,167],"class_list":["post-314","post","type-post","status-publish","format-standard","hentry","category-sem-categoria","tag-cultura","tag-nazareno"],"_links":{"self":[{"href":"http:\/\/jornalismo.ufsj.edu.br\/van\/wp-json\/wp\/v2\/posts\/314","targetHints":{"allow":["GET"]}}],"collection":[{"href":"http:\/\/jornalismo.ufsj.edu.br\/van\/wp-json\/wp\/v2\/posts"}],"about":[{"href":"http:\/\/jornalismo.ufsj.edu.br\/van\/wp-json\/wp\/v2\/types\/post"}],"author":[{"embeddable":true,"href":"http:\/\/jornalismo.ufsj.edu.br\/van\/wp-json\/wp\/v2\/users\/2"}],"replies":[{"embeddable":true,"href":"http:\/\/jornalismo.ufsj.edu.br\/van\/wp-json\/wp\/v2\/comments?post=314"}],"version-history":[{"count":0,"href":"http:\/\/jornalismo.ufsj.edu.br\/van\/wp-json\/wp\/v2\/posts\/314\/revisions"}],"wp:attachment":[{"href":"http:\/\/jornalismo.ufsj.edu.br\/van\/wp-json\/wp\/v2\/media?parent=314"}],"wp:term":[{"taxonomy":"category","embeddable":true,"href":"http:\/\/jornalismo.ufsj.edu.br\/van\/wp-json\/wp\/v2\/categories?post=314"},{"taxonomy":"post_tag","embeddable":true,"href":"http:\/\/jornalismo.ufsj.edu.br\/van\/wp-json\/wp\/v2\/tags?post=314"}],"curies":[{"name":"wp","href":"https:\/\/api.w.org\/{rel}","templated":true}]}}