{"id":240,"date":"2014-10-19T14:18:00","date_gmt":"2014-10-19T14:18:00","guid":{"rendered":"http:\/\/jornalismo.ufsj.edu.br\/van\/?p=240"},"modified":"2014-10-19T14:18:00","modified_gmt":"2014-10-19T14:18:00","slug":"seca-se-agrava-na-cidade-de-carrancas-mg","status":"publish","type":"post","link":"http:\/\/jornalismo.ufsj.edu.br\/van\/seca-se-agrava-na-cidade-de-carrancas-mg\/","title":{"rendered":"Seca se agrava na cidade de Carrancas-MG"},"content":{"rendered":"<div class=\"separator\" style=\"clear: both; text-align: center;\">\n<a href=\"http:\/\/3.bp.blogspot.com\/-riKfS4Unv_U\/VEPIBaN9ecI\/AAAAAAAAD_w\/mtx-dECwsZY\/s1600\/carra.jpg\" imageanchor=\"1\" style=\"margin-left: 1em; margin-right: 1em;\"><img loading=\"lazy\" decoding=\"async\" border=\"0\" src=\"http:\/\/3.bp.blogspot.com\/-riKfS4Unv_U\/VEPIBaN9ecI\/AAAAAAAAD_w\/mtx-dECwsZY\/s1600\/carra.jpg\" height=\"300\" width=\"400\" \/><\/a><\/div>\n<div class=\"MsoNormal\" style=\"text-align: justify;\">\n<\/div>\n<div class=\"MsoNormal\" style=\"text-align: justify;\">\n&#8220;Os dois<br \/>\nhomens que morreram e o brigadista, que teve 40% do corpo queimado, juntaram-se<br \/>\n\u00e0 popula\u00e7\u00e3o para tentar apagar o fogo, que estava amea\u00e7ando as casas e fazendas<br \/>\npr\u00f3ximas. N\u00e3o temos estrutura para combater tamanho inc\u00eandio. N\u00f3s precisamos \u00e9<br \/>\nda ajuda de um helic\u00f3ptero ou avi\u00e3o&#8221;. Esse foi o apelo da Chefe de<br \/>\nGabinete da Prefeitura da cidade de Carrancas, Fl\u00e1via Cristina Andrade,<br \/>\ndeclarando que, desde o \u00faltimo domingo(12 de outubro) foram feitas chamadas<br \/>\npara o Corpo de Bombeiros, que s\u00f3 chegou \u00e0 cidade na manh\u00e3 da quarta-feira<br \/>\n(15), vindos de Lavras, a 70 km de dist\u00e2ncia do local da trag\u00e9dia.<\/div>\n<div class=\"MsoNormal\" style=\"text-align: justify;\">\n<\/div>\n<div class=\"MsoNormal\" style=\"text-align: justify;\">\nA cidade de<br \/>\nCarrancas, localizada ao Sul de Minas Gerais, vem enfrentando, nos \u00faltimos dias,<br \/>\numa grave seca que resultou em um inc\u00eandio na Serra de Carrancas, no domingo<br \/>\n(12). Por falta de apoio das for\u00e7as oficiais de combate \u00e0s chamas, os moradores<br \/>\ndecidiram conter o fogo por conta pr\u00f3pria. A Pol\u00edcia Militar confirmou que dois<br \/>\ncorpos foram encontrados e uma pessoa est\u00e1 gravemente ferida.<\/div>\n<div class=\"MsoNormal\" style=\"text-align: justify;\">\n<\/div>\n<div class=\"MsoNormal\" style=\"text-align: justify;\">\nSegundo o relato<br \/>\nde moradores do munic\u00edpio, o inc\u00eandio que atingiu a serra teria come\u00e7ado com<br \/>\nfogos de artif\u00edcio utilizados durante a comemora\u00e7\u00e3o do dia de Nossa Senhora<br \/>\nAparecida. H\u00e1 ainda a vers\u00e3o de que o inc\u00eandio teria sido criminoso. De<br \/>\nqualquer maneira, 48 horas ap\u00f3s o in\u00edcio das chamas, os moradores ainda pediam<br \/>\npor ajuda. <\/div>\n<div class=\"MsoNormal\" style=\"text-align: justify;\">\n<\/div>\n<div class=\"MsoNormal\" style=\"text-align: justify;\">\nO fato<br \/>\nocorrido no munic\u00edpio mobilizou os moradores da cidade. \u201cPrecisamos de chuva<br \/>\ncom urg\u00eancia, pois as Serras de Carrancas est\u00e3o em chamas e o cen\u00e1rio \u00e9 de um deserto<br \/>\nde cinzas! O ar da cidade est\u00e1 seco, estamos embaixo de neblina e o cheiro \u00e9<br \/>\nhorr\u00edvel\u201d, comenta Poliana Rezende, ao pedir ajuda por meio de uma publica\u00e7\u00e3o<br \/>\nno Facebook. <\/div>\n<div class=\"MsoNormal\" style=\"text-align: justify;\">\n<\/div>\n<div class=\"MsoNormal\" style=\"text-align: justify;\">\nO Complexo da<br \/>\nZilda, atingido pelo fogo em Carrancas, \u00e9 composto por diversas cachoeiras, local<br \/>\nbastante visitado por turistas, que serve como cen\u00e1rio para as grava\u00e7\u00f5es da<br \/>\nnovela &#8220;Imp\u00e9rio&#8221;, da TV Globo.<\/div>\n<div class=\"MsoNormal\" style=\"text-align: justify;\">\n<\/div>\n<div class=\"MsoNormal\" style=\"text-align: justify;\">\n<b>Ecoturismo<\/b><\/div>\n<div class=\"MsoNormal\" style=\"text-align: justify;\">\n<\/div>\n<div class=\"MsoNormal\" style=\"text-align: justify;\">\nO ecoturismo<br \/>\n\u00e9 uma voca\u00e7\u00e3o de Carrancas &#8211; com forte potencial de expans\u00e3o para os pr\u00f3ximos<br \/>\nanos &#8211; e tamb\u00e9m uma alternativa de renda para a popula\u00e7\u00e3o,. Embora tenha not\u00e1veis<br \/>\nredutos de belezas naturais, Carrancas n\u00e3o \u00e9 conhecida pelo turismo de massa,<br \/>\nmantendo assim caracter\u00edsticas e encantos de uma cidade tranquila, em<br \/>\nequil\u00edbrio com a natureza. \u201cEsfor\u00e7os t\u00eam sido feitos por aqueles que acreditam<br \/>\nem seu potencial, no sentido de viabilizar o turismo de forma sustent\u00e1vel e<br \/>\nassim garantir a preserva\u00e7\u00e3o de seus mananciais, sua fauna, flora e tamb\u00e9m suas<br \/>\ntradi\u00e7\u00f5es, fazendo com que o ecoturismo torne-se uma fonte vi\u00e1vel nas atividades<br \/>\ndo munic\u00edpio\u201d, relata o guia de turismo e estudante de Geografia, David J\u00fanior.<\/div>\n<div class=\"MsoNormal\" style=\"text-align: justify;\">\n<\/div>\n<div class=\"MsoNormal\" style=\"text-align: justify;\">\nAtualmente, a<br \/>\nseca tem interferido nas atividades tur\u00edsticas da cidade de forma<br \/>\nsignificativa. Com isso, as cachoeiras n\u00e3o ficam sem \u00e1gua, mas seu visual muda<br \/>\ncompletamente, atingindo a colora\u00e7\u00e3o e o volume das \u00e1guas. Os visitantes que<br \/>\nv\u00e3o a Carrancas nesse per\u00edodo reclamam de tal problema. J\u00falia Reis (18), da<br \/>\ncidade de Mariana \u2013 MG, visitou as cachoeiras da cidade na \u00faltima sexta-feira (10),<br \/>\npor\u00e9m, j\u00e1 tinha estado no local h\u00e1 dois anos atr\u00e1s e notou que a diminui\u00e7\u00e3o do<br \/>\nvolume de \u00e1gua foi enorme. &#8220;Antes tinha medo de nadar por causa do volume<br \/>\nda cachoeira; na sexta-feira eu consegui nadar tranquila com a \u00e1gua batendo no<br \/>\nmeu joelho\u201d, afirmou.<\/div>\n<div class=\"MsoNormal\" style=\"text-align: justify;\">\n<\/div>\n<div class=\"MsoNormal\" style=\"text-align: justify;\">\nApesar de ser<br \/>\numa cidade ligada diretamente ao turismo ecol\u00f3gico, Carrancas sofre com crimes<br \/>\nambientais, &nbsp;como queimadas. A moradora<br \/>\nIsabella Oliveira (18), comenta sobre a conserva\u00e7\u00e3o das matas:<\/div>\n<div class=\"MsoNormal\" style=\"text-align: justify;\">\n<\/div>\n<div class=\"MsoNormal\" style=\"text-align: justify;\">\n\u2013 \u201cConscientizar<br \/>\nas pessoas de que as queimadas clandestinas, al\u00e9m de ser crime, podem chegar a<br \/>\npontos extremos, n\u00e3o \u00e9 uma tarefa f\u00e1cil\u201d. <\/div>\n<div class=\"MsoNormal\" style=\"text-align: justify;\">\n<\/div>\n<div class=\"MsoNormal\" style=\"text-align: justify;\">\nDepois dos<br \/>\ninc\u00eandios, o prazo para que o solo volte ao normal \u00e9 indeterminado, visto que a<br \/>\nnatureza tem um tempo pr\u00f3prio, salienta David J\u00fanior. \u201cSei que a situa\u00e7\u00e3o n\u00e3o<br \/>\nvai se resolver rapidamente, mas com o tempo tudo se concerta, tudo toma o seu<br \/>\ndevido lugar assim como era antes\u201d, pondera esperan\u00e7oso.<\/div>\n<div class=\"MsoNoSpacing\" style=\"text-align: justify;\">\n<\/div>\n<div class=\"MsoNoSpacing\" style=\"text-align: justify;\">\nTexto:<br \/>\nAndreza de C\u00e1cia e Mariana Reis\/VAN<\/div>\n<p><\/p>\n<div class=\"MsoNormal\" style=\"text-align: justify;\">\nFoto: Prefeitura Carrancas<\/div>\n","protected":false},"excerpt":{"rendered":"<p>&#8220;Os dois homens que morreram e o brigadista, que teve 40% do corpo queimado, juntaram-se \u00e0 popula\u00e7\u00e3o para tentar apagar o fogo, que estava amea\u00e7ando as casas e fazendas pr\u00f3ximas.<\/p>\n","protected":false},"author":2,"featured_media":0,"comment_status":"open","ping_status":"open","sticky":false,"template":"","format":"standard","meta":{"_monsterinsights_skip_tracking":false,"_monsterinsights_sitenote_active":false,"_monsterinsights_sitenote_note":"","_monsterinsights_sitenote_category":0,"_themeisle_gutenberg_block_has_review":false,"cybocfi_hide_featured_image":"","footnotes":""},"categories":[1],"tags":[160,156,40],"class_list":["post-240","post","type-post","status-publish","format-standard","hentry","category-sem-categoria","tag-carrancas","tag-meio-ambiente","tag-turismo"],"_links":{"self":[{"href":"http:\/\/jornalismo.ufsj.edu.br\/van\/wp-json\/wp\/v2\/posts\/240","targetHints":{"allow":["GET"]}}],"collection":[{"href":"http:\/\/jornalismo.ufsj.edu.br\/van\/wp-json\/wp\/v2\/posts"}],"about":[{"href":"http:\/\/jornalismo.ufsj.edu.br\/van\/wp-json\/wp\/v2\/types\/post"}],"author":[{"embeddable":true,"href":"http:\/\/jornalismo.ufsj.edu.br\/van\/wp-json\/wp\/v2\/users\/2"}],"replies":[{"embeddable":true,"href":"http:\/\/jornalismo.ufsj.edu.br\/van\/wp-json\/wp\/v2\/comments?post=240"}],"version-history":[{"count":0,"href":"http:\/\/jornalismo.ufsj.edu.br\/van\/wp-json\/wp\/v2\/posts\/240\/revisions"}],"wp:attachment":[{"href":"http:\/\/jornalismo.ufsj.edu.br\/van\/wp-json\/wp\/v2\/media?parent=240"}],"wp:term":[{"taxonomy":"category","embeddable":true,"href":"http:\/\/jornalismo.ufsj.edu.br\/van\/wp-json\/wp\/v2\/categories?post=240"},{"taxonomy":"post_tag","embeddable":true,"href":"http:\/\/jornalismo.ufsj.edu.br\/van\/wp-json\/wp\/v2\/tags?post=240"}],"curies":[{"name":"wp","href":"https:\/\/api.w.org\/{rel}","templated":true}]}}