{"id":209,"date":"2014-11-24T15:15:00","date_gmt":"2014-11-24T15:15:00","guid":{"rendered":"http:\/\/jornalismo.ufsj.edu.br\/van\/?p=209"},"modified":"2015-05-25T21:52:02","modified_gmt":"2015-05-25T21:52:02","slug":"dnj-e-celebrado-na-cidade-de-prados","status":"publish","type":"post","link":"http:\/\/jornalismo.ufsj.edu.br\/van\/dnj-e-celebrado-na-cidade-de-prados\/","title":{"rendered":"DNJ \u00e9 celebrado na cidade de Prados"},"content":{"rendered":"<div class=\"separator\" style=\"clear: both; text-align: center;\"><a style=\"margin-left: 1em; margin-right: 1em;\" href=\"http:\/\/1.bp.blogspot.com\/-v1qhNCvkItI\/VHXuXhVV_0I\/AAAAAAAAEKE\/r6v7HDpUQ2o\/s1600\/10815290_329304087261466_1206818872_o.jpg\"><img loading=\"lazy\" decoding=\"async\" src=\"http:\/\/1.bp.blogspot.com\/-v1qhNCvkItI\/VHXuXhVV_0I\/AAAAAAAAEKE\/r6v7HDpUQ2o\/s1600\/10815290_329304087261466_1206818872_o.jpg\" alt=\"\" width=\"640\" height=\"384\" border=\"0\" \/><\/a><\/div>\n<div style=\"text-align: justify;\"><\/div>\n<div style=\"text-align: justify;\">\u201cO Dia Nacional da Juventude (DNJ) esse ano foi muito bom, pois foi o resultado de uma prepara\u00e7\u00e3o realizada com empenho, responsabilidade e coopera\u00e7\u00e3o\u201d, afirmou o padre Roberto Modesto Carneiro, da Par\u00f3quia de S\u00e3o Jo\u00e3o Bosco, da Diocese de S\u00e3o Jo\u00e3o del-Rei. Esse ano, o lema do DNJ foi \u201cfeitos para sermos livres e n\u00e3o escravos\u201d, refletindo sobre a tem\u00e1tica do tr\u00e1fico humano, seguindo as reflex\u00f5es feitas na campanha da Fraternidade 2014. O evento teve in\u00edcio no s\u00e1bado (15) e foi realizado na quadra poliesportiva Adalberto de Carvalho Valle, com adora\u00e7\u00e3o ao Sant\u00edssimo Sacramento e acampamento, sendo organizado pelo Setor Diocesano de Juventude, juntamente com os padres da Diocese, reunindo jovens de toda a regi\u00e3o. \u201c\u00c9 um evento onde as pessoas podem se entregar mais a Deus. \u00c9 uma forma de confraterniza\u00e7\u00e3o e, em rela\u00e7\u00e3o aos outros anos do DNJ, este ano est\u00e1 com uma estrutura melhor\u201d, comentou Luis Cl\u00e1udio (23), de Resende Costa.<\/div>\n<div style=\"text-align: justify;\"><\/div>\n<div style=\"text-align: justify;\">Em todos os anos, organiza-se um dia de festa da juventude, sempre com um tema importante a ser debatido e trabalhado em grupo. Segundo Dalmo Coelho C. Filho, \u201ca juventude brasileira \u00e9 uma das parcelas mais sofridas da sociedade, a mais atingida pelo desemprego e pela viol\u00eancia, mas a alegria e vontade de estar junto tamb\u00e9m s\u00e3o uma de suas marcas\u201d. Andreza Ludgero, da cidade de Nazareno, que esteve no evento, declarou:<\/div>\n<div style=\"text-align: justify;\"><\/div>\n<div style=\"text-align: justify;\">\u2013 \u201cNo momento inicial, com instantes de ora\u00e7\u00e3o e de partilha, aprendemos que podemos ser sim jovens livres nesse mundo, onde o mal nos prende e nos faz perder o verdadeiro sentido da vida\u201d.<\/div>\n<div style=\"text-align: justify;\"><\/div>\n<div style=\"text-align: justify;\">No domingo (16), al\u00e9m de palestras, gincanas e muita anima\u00e7\u00e3o, houve missa e homenagem \u00e0 Nh\u00e1 Chica. O encerramento ficou por conta da banda cat\u00f3lica Filhos do C\u00e9u, da cidade de S\u00e3o Jo\u00e3o del-Rei. O s\u00e3o-joanense Samuel Moreira (15) participou pela primeira vez e ressaltou seu desejo de comparecer na pr\u00f3xima edi\u00e7\u00e3o do DNJ:<\/div>\n<div style=\"text-align: justify;\"><\/div>\n<div style=\"text-align: justify;\">\u2013 \u201cFoi muito bom, um grande aprendizado. Esse encontro me animou mais a ir na Igreja e a convidar mais jovens para partilhar desses momentos\u201d.<\/div>\n<div style=\"text-align: justify;\"><\/div>\n<div style=\"text-align: justify;\">Lucas Lara, que \u00e9 assessor jovem da Diocese e coordenador do Setor Diocesano da Juventude, contou sobre o balan\u00e7o geral do evento:<\/div>\n<div style=\"text-align: justify;\"><\/div>\n<div style=\"text-align: justify;\">\u2013 \u201cEsper\u00e1vamos de 500 a 1500 pessoas e compareceram em torno dessa m\u00e9dia. O engajamento deste ano foi um pouco maior por parte dos diversos grupos e cidades que participaram. A prepara\u00e7\u00e3o foi intensa e de extremo envolvimento da assessoria do Setor da Juventude, com apoio dos jovens e da Par\u00f3quia de Prados\u201d.<\/div>\n<div style=\"text-align: justify;\"><\/div>\n<div style=\"text-align: justify;\">O primeiro DNJ aconteceu no ano de 2012, na cidade de Lavras. Em 2013 foi em Mindur\u00ed, Forania de Andrel\u00e2ndia, e o pr\u00f3ximo acontecer\u00e1 na cidade de S\u00e3o Jo\u00e3o del-Rei.<\/div>\n<div style=\"text-align: justify;\"><\/div>\n<div style=\"text-align: justify;\">Mat\u00e9ria: Tha\u00eds Andressa\/ VAN<br \/>\nFoto: Tha\u00eds Andressa<\/div>\n","protected":false},"excerpt":{"rendered":"<p>\u201cO Dia Nacional da Juventude (DNJ) esse ano foi muito bom, pois foi o resultado de uma prepara\u00e7\u00e3o realizada com empenho, responsabilidade e coopera\u00e7\u00e3o\u201d, afirmou o padre Roberto Modesto Carneiro,<\/p>\n","protected":false},"author":2,"featured_media":1096,"comment_status":"open","ping_status":"open","sticky":false,"template":"","format":"standard","meta":{"_monsterinsights_skip_tracking":false,"_monsterinsights_sitenote_active":false,"_monsterinsights_sitenote_note":"","_monsterinsights_sitenote_category":0,"_themeisle_gutenberg_block_has_review":false,"cybocfi_hide_featured_image":"","footnotes":""},"categories":[44],"tags":[39],"class_list":["post-209","post","type-post","status-publish","format-standard","has-post-thumbnail","hentry","category-prados","tag-religiao"],"_links":{"self":[{"href":"http:\/\/jornalismo.ufsj.edu.br\/van\/wp-json\/wp\/v2\/posts\/209","targetHints":{"allow":["GET"]}}],"collection":[{"href":"http:\/\/jornalismo.ufsj.edu.br\/van\/wp-json\/wp\/v2\/posts"}],"about":[{"href":"http:\/\/jornalismo.ufsj.edu.br\/van\/wp-json\/wp\/v2\/types\/post"}],"author":[{"embeddable":true,"href":"http:\/\/jornalismo.ufsj.edu.br\/van\/wp-json\/wp\/v2\/users\/2"}],"replies":[{"embeddable":true,"href":"http:\/\/jornalismo.ufsj.edu.br\/van\/wp-json\/wp\/v2\/comments?post=209"}],"version-history":[{"count":1,"href":"http:\/\/jornalismo.ufsj.edu.br\/van\/wp-json\/wp\/v2\/posts\/209\/revisions"}],"predecessor-version":[{"id":1097,"href":"http:\/\/jornalismo.ufsj.edu.br\/van\/wp-json\/wp\/v2\/posts\/209\/revisions\/1097"}],"wp:featuredmedia":[{"embeddable":true,"href":"http:\/\/jornalismo.ufsj.edu.br\/van\/wp-json\/wp\/v2\/media\/1096"}],"wp:attachment":[{"href":"http:\/\/jornalismo.ufsj.edu.br\/van\/wp-json\/wp\/v2\/media?parent=209"}],"wp:term":[{"taxonomy":"category","embeddable":true,"href":"http:\/\/jornalismo.ufsj.edu.br\/van\/wp-json\/wp\/v2\/categories?post=209"},{"taxonomy":"post_tag","embeddable":true,"href":"http:\/\/jornalismo.ufsj.edu.br\/van\/wp-json\/wp\/v2\/tags?post=209"}],"curies":[{"name":"wp","href":"https:\/\/api.w.org\/{rel}","templated":true}]}}