{"id":178,"date":"2015-01-16T17:39:00","date_gmt":"2015-01-16T17:39:00","guid":{"rendered":"http:\/\/jornalismo.ufsj.edu.br\/van\/?p=178"},"modified":"2015-05-27T21:55:51","modified_gmt":"2015-05-27T21:55:51","slug":"banda-magnatas-show-comemora-40-anos","status":"publish","type":"post","link":"http:\/\/jornalismo.ufsj.edu.br\/van\/banda-magnatas-show-comemora-40-anos\/","title":{"rendered":"Banda Magnatas Show comemora 40 anos"},"content":{"rendered":"<div class=\"separator\" style=\"clear: both; text-align: center;\"><a style=\"margin-left: 1em; margin-right: 1em;\" href=\"http:\/\/2.bp.blogspot.com\/-4t77jn8BWWY\/VL6SgnuGfVI\/AAAAAAAAEUY\/4k3PUEFyoVA\/s1600\/Apresenta%C3%A7%C3%A3o%2B-%2BMagnatas%2BShow%2B-%2BD%C3%A9cada%2Bde%2BMeados%2Bda%2B90.jpg\"><img loading=\"lazy\" decoding=\"async\" src=\"http:\/\/2.bp.blogspot.com\/-4t77jn8BWWY\/VL6SgnuGfVI\/AAAAAAAAEUY\/4k3PUEFyoVA\/s1600\/Apresenta%C3%A7%C3%A3o%2B-%2BMagnatas%2BShow%2B-%2BD%C3%A9cada%2Bde%2BMeados%2Bda%2B90.jpg\" alt=\"\" width=\"270\" height=\"400\" border=\"0\" \/><\/a><\/div>\n<div class=\"MsoNormal\" style=\"margin-bottom: 0.0001pt; text-align: center;\" align=\"center\"><\/div>\n<div class=\"MsoNormal\" style=\"margin-bottom: 0.0001pt; text-align: justify;\">H\u00e1<br \/>\nmuito tempo na estrada, a Banda Magnatas Show, que completa 40 anos, tem muitas<br \/>\nhist\u00f3rias para contar. O conjunto come\u00e7ou timidamente com um grupo de jovens<br \/>\nentusiasmados pela m\u00fasica e pela tend\u00eancia de grandes bandas da \u00e9poca, como<br \/>\nBeatles, inspirados pelo simples desejo de se unirem para ensaios e formarem um<br \/>\nconjunto musical com estilo diferente dos existentes na cidade naquela \u00e9poca. Nesta<br \/>\nempreitada, o grupo contou com pessoas importantes da comunidade, tanto no<br \/>\ntrabalho dos bastidores, quanto nos palcos e na promo\u00e7\u00e3o da banda. Fl\u00e1vio<br \/>\nRibeiro, um dos idealizadores, nos contou a hist\u00f3ria.<\/div>\n<div class=\"MsoNormal\" style=\"margin-bottom: 0.0001pt; text-align: justify;\"><\/div>\n<div class=\"MsoNormal\" style=\"margin-bottom: 0.0001pt; text-align: justify;\"><b>VAN UFSJ: <\/b>A banda sempre teve<br \/>\neste nome? Como tudo come\u00e7ou?<\/div>\n<div class=\"MsoNormal\" style=\"margin-bottom: 0.0001pt; text-align: justify;\"><b>FLAVIO:<\/b> No in\u00edcio, o nome da<br \/>\nBanda era \u201cMagnatas do Som\u201d. Por\u00e9m, no decorrer das apresenta\u00e7\u00f5es, no fim da<br \/>\nd\u00e9cada de 90 foi mudado para Magnatas Show, porque o primeiro nome remetia `a<br \/>\nsonoriza\u00e7\u00e3o e o atual, tr\u00e1s o objetivo principal pela qual foi fundada, \u00a0realiza\u00e7\u00e3o de shows. A Banda foi idealizada<br \/>\npor mim no in\u00edcio de 1974, quando eu e alguns amigos resolvemos levar a ideia<br \/>\nadiante, com grande apoio do meu saudoso pai, Vicente Ribeiro, que foi nosso<br \/>\nprovedor &#8211; ajudando-nos a comprar os primeiros instrumentos &#8211; e do s\u00f3cio Jos\u00e9<br \/>\nAlberto da Mata. Nossa primeira apresenta\u00e7\u00e3o foi em 28 de junho do mesmo ano, na<br \/>\nEscola de Merc\u00eas de \u00c1gua Limpa. A banda ainda n\u00e3o estava completa; era eu,<br \/>\nCarlos Alberto, Danilo e tivemos a participa\u00e7\u00e3o do Carlos Henrique, filho do<br \/>\nSr. Cocoza, como cantor. Da\u00ed por diante tivemos diversas apresenta\u00e7\u00f5es em S\u00e3o<br \/>\nTiago, nos clubes e nas escolas. Depois come\u00e7amos nossas apresenta\u00e7\u00f5es na<br \/>\nregi\u00e3o.\u00a0 Na d\u00e9cada de 90, a empres\u00e1ria<br \/>\nRos\u00e2ngela Marques nos levou para fazer shows em v\u00e1rios locais de destaque na<br \/>\ncapital mineira. Com isso, nossa popularidade cresceu ainda mais.<\/div>\n<div class=\"MsoNormal\" style=\"margin-bottom: 0.0001pt; text-align: justify;\"><\/div>\n<div class=\"MsoNormal\" style=\"margin-bottom: 0.0001pt; text-align: justify;\"><b>VAN UFSJ: <\/b>Qual foi o objetivo<br \/>\nde formar primeiramente um conjunto musical?<\/div>\n<div class=\"MsoNormal\" style=\"margin-bottom: 0.0001pt; text-align: justify;\"><b>FL\u00c1VIO:<\/b> Quando tivemos a<br \/>\nideia de criar a banda, eu e Carlos Alberto sonh\u00e1vamos em fazer shows, de<br \/>\ncantar, de tocar, de animar as pessoas, n\u00e3o s\u00f3 em S\u00e3o Tiago, mas em outras<br \/>\ncidades. Na \u00e9poca havia conjuntos musicais famosos, como Beatles. Com isso, nos<br \/>\nespelh\u00e1vamos na performance desses para desenvolver e criar um estilo nosso. E<br \/>\nisso deu certo! Fato \u00e9 que depois disso, faz\u00edamos in\u00fameras apresenta\u00e7\u00f5es em<br \/>\nquase todos os finais de semana por um bom per\u00edodo.<\/div>\n<div class=\"MsoNormal\" style=\"margin-bottom: 0.0001pt; text-align: justify;\"><\/div>\n<div class=\"MsoNormal\" style=\"margin-bottom: 0.0001pt; text-align: justify;\"><b>VAN UFSJ: <\/b>Quais foram os<br \/>\nprimeiros integrantes?<\/div>\n<div class=\"MsoNormal\" style=\"margin-bottom: 0.0001pt; text-align: justify;\"><b>FL\u00c1VIO:<\/b> Come\u00e7amos eu e o<br \/>\nCarlos Alberto com a banda, tampouco j\u00e1 tivemos que ampliar o quadro de<br \/>\nm\u00fasicos. Convidamos para participar o Danilo do Jackson, para ser o baixista, o<br \/>\nAnt\u00f4nio Nilson, para ser o guitarrista base, e t\u00ednhamos que ter um vocalista<br \/>\nbase de frente. Com isso, Carlos Alberto, mesmo sendo o baterista, assumiu mais<br \/>\nessa fun\u00e7\u00e3o na banda. Com o passar do tempo, convidamos o Messias das Dores,<br \/>\nfilho do Miguel da Joaninha, para ser o vocalista de frente, e por \u00faltimo, o<br \/>\nDimas Leonardo, para ocupar a fun\u00e7\u00e3o de saxofonista.<\/div>\n<div class=\"MsoNormal\" style=\"margin-bottom: 0.0001pt; text-align: justify;\"><\/div>\n<div class=\"separator\" style=\"clear: both; text-align: center;\"><a style=\"margin-left: 1em; margin-right: 1em;\" href=\"http:\/\/1.bp.blogspot.com\/-Pg6rLUT_UIo\/VL6Si27OzrI\/AAAAAAAAEUg\/UfzYGxFGD1w\/s1600\/Apresenta%C3%A7%C3%A3o%2B-%2Bin%C3%ADcio%2Bda%2Bd%C3%A9cada%2Bde%2B80%2B3.jpg\"><img loading=\"lazy\" decoding=\"async\" src=\"http:\/\/1.bp.blogspot.com\/-Pg6rLUT_UIo\/VL6Si27OzrI\/AAAAAAAAEUg\/UfzYGxFGD1w\/s1600\/Apresenta%C3%A7%C3%A3o%2B-%2Bin%C3%ADcio%2Bda%2Bd%C3%A9cada%2Bde%2B80%2B3.jpg\" alt=\"\" width=\"400\" height=\"301\" border=\"0\" \/><\/a><\/div>\n<div class=\"MsoNormal\" style=\"margin-bottom: 0.0001pt; text-align: justify;\"><\/div>\n<div class=\"MsoNormal\" style=\"margin-bottom: 0.0001pt; text-align: justify;\"><\/div>\n<div class=\"MsoNormal\" style=\"margin-bottom: 0.0001pt; text-align: justify;\"><b>VAN UFSJ: <\/b>A Banda era composta<br \/>\nsomente de homens? Quando come\u00e7ou a participa\u00e7\u00e3o feminina no grupo?<\/div>\n<div class=\"MsoNormal\" style=\"margin-bottom: 0.0001pt; text-align: justify;\"><b>FL\u00c1VIO:<\/b> Algum tempo depois,<br \/>\ncome\u00e7amos a fazer shows em festas de casamento, anivers\u00e1rios e eventos variados.<br \/>\nDa\u00ed surgiu a ideia de colocar mulheres tamb\u00e9m como cantoras da banda. Embora<br \/>\ntenha passado muitas, vamos registrar aqui as primeiras: Vanda do Jandir (em<br \/>\nalgumas participa\u00e7\u00f5es), Mara do Car\u00e1, Marilda Ribeiro e Istef\u00e2nia Alves.<\/div>\n<div class=\"MsoNormal\" style=\"margin-bottom: 0.0001pt; text-align: justify;\"><\/div>\n<div class=\"MsoNormal\" style=\"margin-bottom: 0.0001pt; text-align: justify;\"><b>VAN UFSJ: <\/b>A Banda Magnatas foi<br \/>\ninspira\u00e7\u00e3o para outras bandas?<\/div>\n<div class=\"MsoNormal\" style=\"margin-bottom: 0.0001pt; text-align: justify;\"><b>FL\u00c1VIO:<\/b> A partir da funda\u00e7\u00e3o<br \/>\nda banda, v\u00e1rias foram as pessoas que quiseram se inspirar nos Magnatas para<br \/>\nfazer as suas. Alguns integrantes que por aqui passaram criaram outras bandas.<br \/>\nTivemos a banda Proj\u00e9til B, que era formada por garotos que sonham em ser como<br \/>\nos Beatles. Nisso, o estilo e a m\u00fasica seguiam `a risca a apresenta\u00e7\u00e3o de seus<br \/>\n\u00eddolos. O grupo Proj\u00e9til B era composto pelos m\u00fasicos, M\u00e1rio Ribeiro (Deuma),<br \/>\nCineu Sousa, Cardoso e Reginaldo Morais (Nalo). Tamb\u00e9m tivemos outros conjuntos<br \/>\nmusicais de destaque, como \u00c1guias do Som, Escalibur, Novos Rumos e Fogo F\u00e1tuo.<br \/>\nNa atualidade, outros conjuntos se formaram tendo por inspira\u00e7\u00e3o o Magnatas,<br \/>\ncomo a Banda Kimew.<\/div>\n<div class=\"MsoNormal\" style=\"margin-bottom: 0.0001pt; text-align: justify;\"><\/div>\n<div class=\"MsoNormal\" style=\"margin-bottom: 0.0001pt; text-align: justify;\"><b>VAN UFSJ: <\/b>Existem duas pessoas<br \/>\nque se tornaram significativas na condu\u00e7\u00e3o da banda. Quem s\u00e3o elas?<\/div>\n<div class=\"MsoNormal\" style=\"margin-bottom: 0.0001pt; text-align: justify;\"><b>FL\u00c1VIO:<\/b> Uma delas \u00e9 meu pai,<br \/>\nVicente Ribeiro, o Nh\u00f4, apoiador m\u00e1ximo do empreendimento. Ele conseguiu os<br \/>\nprimeiros instrumentos, fundou o Clube Magnatas, para nossa banda ter um local<br \/>\npr\u00f3prio para os ensaios e apresenta\u00e7\u00e3o da banda. Viajou muitos anos com a banda<br \/>\ne foi um pai para os Magnatas. At\u00e9 quando a banda se encontrava sem condi\u00e7\u00f5es<br \/>\nfinanceiras, o apoio era certo de sua parte, nunca nos abandonou. Sempre ali<br \/>\npresente e nos incentivando. Com seu grande conhecimento na \u00e1rea empresarial,<br \/>\npor trabalhar com padaria, ensinou-me a administrar os neg\u00f3cios da banda. A<br \/>\noutra pessoa \u00e9 a minha m\u00e3e, dona Aparecida Ribeiro. Ela \u00e9 considerada a \u00e2ncora<br \/>\nprincipal. Desde antes de iniciarmos a banda, foi ela quem nos motivou a criar<br \/>\neste conjunto musical e, ap\u00f3s a sua cria\u00e7\u00e3o e at\u00e9 os dias de hoje, cuida da<br \/>\nparte de toda a alimenta\u00e7\u00e3o e da hospedagem dos m\u00fasicos, que, atualmente, na<br \/>\nsua maioria s\u00e3o de fora. Muitos a chamam at\u00e9 de \u201cm\u00e3e\u201d, pelo carinho e aten\u00e7\u00e3o dedicada<br \/>\n\u00e0 banda e aos seus m\u00fasicos.<\/div>\n<div class=\"MsoNormal\" style=\"margin-bottom: 0.0001pt; text-align: justify;\"><\/div>\n<div class=\"MsoNormal\" style=\"margin-bottom: 0.0001pt; text-align: justify;\">Texto: Marcus Santiago<\/div>\n<div class=\"MsoNormal\" style=\"margin-bottom: 0.0001pt; text-align: justify;\">Fotos: Arquivo pessoal<\/div>\n<div class=\"MsoNormal\" style=\"margin-bottom: 0.0001pt; text-align: justify;\"><\/div>\n","protected":false},"excerpt":{"rendered":"<p>H\u00e1 muito tempo na estrada, a Banda Magnatas Show, que completa 40 anos, tem muitas hist\u00f3rias para contar. O conjunto come\u00e7ou timidamente com um grupo de jovens entusiasmados pela m\u00fasica<\/p>\n","protected":false},"author":2,"featured_media":1200,"comment_status":"open","ping_status":"open","sticky":false,"template":"","format":"standard","meta":{"_monsterinsights_skip_tracking":false,"_monsterinsights_sitenote_active":false,"_monsterinsights_sitenote_note":"","_monsterinsights_sitenote_category":0,"_themeisle_gutenberg_block_has_review":false,"cybocfi_hide_featured_image":"","footnotes":""},"categories":[13,26],"tags":[],"class_list":["post-178","post","type-post","status-publish","format-standard","has-post-thumbnail","hentry","category-cultura","category-sao-tiago"],"_links":{"self":[{"href":"http:\/\/jornalismo.ufsj.edu.br\/van\/wp-json\/wp\/v2\/posts\/178","targetHints":{"allow":["GET"]}}],"collection":[{"href":"http:\/\/jornalismo.ufsj.edu.br\/van\/wp-json\/wp\/v2\/posts"}],"about":[{"href":"http:\/\/jornalismo.ufsj.edu.br\/van\/wp-json\/wp\/v2\/types\/post"}],"author":[{"embeddable":true,"href":"http:\/\/jornalismo.ufsj.edu.br\/van\/wp-json\/wp\/v2\/users\/2"}],"replies":[{"embeddable":true,"href":"http:\/\/jornalismo.ufsj.edu.br\/van\/wp-json\/wp\/v2\/comments?post=178"}],"version-history":[{"count":1,"href":"http:\/\/jornalismo.ufsj.edu.br\/van\/wp-json\/wp\/v2\/posts\/178\/revisions"}],"predecessor-version":[{"id":1201,"href":"http:\/\/jornalismo.ufsj.edu.br\/van\/wp-json\/wp\/v2\/posts\/178\/revisions\/1201"}],"wp:featuredmedia":[{"embeddable":true,"href":"http:\/\/jornalismo.ufsj.edu.br\/van\/wp-json\/wp\/v2\/media\/1200"}],"wp:attachment":[{"href":"http:\/\/jornalismo.ufsj.edu.br\/van\/wp-json\/wp\/v2\/media?parent=178"}],"wp:term":[{"taxonomy":"category","embeddable":true,"href":"http:\/\/jornalismo.ufsj.edu.br\/van\/wp-json\/wp\/v2\/categories?post=178"},{"taxonomy":"post_tag","embeddable":true,"href":"http:\/\/jornalismo.ufsj.edu.br\/van\/wp-json\/wp\/v2\/tags?post=178"}],"curies":[{"name":"wp","href":"https:\/\/api.w.org\/{rel}","templated":true}]}}