{"id":168,"date":"2015-02-10T01:16:00","date_gmt":"2015-02-10T01:16:00","guid":{"rendered":"http:\/\/jornalismo.ufsj.edu.br\/van\/?p=168"},"modified":"2015-05-27T21:56:52","modified_gmt":"2015-05-27T21:56:52","slug":"evu-o-dilema-republica-pensionato-ou","status":"publish","type":"post","link":"http:\/\/jornalismo.ufsj.edu.br\/van\/evu-o-dilema-republica-pensionato-ou\/","title":{"rendered":"#EVU &#8211; O dilema, rep\u00fablica, pensionato ou \u201ccarreira solo\u201d?"},"content":{"rendered":"<div class=\"MsoNormal\">\n<div class=\"separator\" style=\"clear: both; text-align: center;\"><a style=\"margin-left: 1em; margin-right: 1em;\" href=\"http:\/\/2.bp.blogspot.com\/-fgs2g-LODD0\/VNv-nnrts_I\/AAAAAAAAEYg\/WZ8ptztJ8eU\/s1600\/10970167_1018197294864382_1004217348_o.jpg\"><img loading=\"lazy\" decoding=\"async\" src=\"http:\/\/2.bp.blogspot.com\/-fgs2g-LODD0\/VNv-nnrts_I\/AAAAAAAAEYg\/WZ8ptztJ8eU\/s1600\/10970167_1018197294864382_1004217348_o.jpg\" alt=\"\" width=\"400\" height=\"298\" border=\"0\" \/><\/a><\/div>\n<\/div>\n<div class=\"MsoNormal\" style=\"text-align: justify;\">Universidade, cidade diferente,<br \/>\npessoas novas e uma d\u00favida, onde morar? Um dos dilemas dos jovens ap\u00f3s a<br \/>\naprova\u00e7\u00e3o em um vestibular \u00e9 mesmo decidir onde estabelecer morada, podendo<br \/>\noptar, em geral, entre rep\u00fablica, um pensionato ou mesmo a possibilidade de<br \/>\nmorar sozinho.<\/div>\n<div class=\"MsoNormal\" style=\"text-align: justify;\"><\/div>\n<div class=\"MsoNormal\" style=\"text-align: justify;\"><b>Pensionatos<\/b><\/div>\n<div class=\"MsoNormal\" style=\"text-align: justify;\"><\/div>\n<div class=\"MsoNormal\" style=\"text-align: justify;\">Os pensionatos se destacam<br \/>\npor serem lugares regrados j\u00e1 estruturados com espa\u00e7o alugado para os<br \/>\nmoradores. Nesses casos h\u00e1 regras de conserva\u00e7\u00e3o, manuten\u00e7\u00e3o e comportamento para<br \/>\ninquilinos que n\u00e3o necessariamente se conhecem e passam a conviver juntos em<br \/>\ncontrapartida \u00e0 tranquilidade de n\u00e3o precisar comprar m\u00f3veis e alegadamente ter<br \/>\ncomo \u00fanica preocupa\u00e7\u00e3o os estudos.<\/div>\n<div class=\"MsoNormal\" style=\"text-align: justify;\"><\/div>\n<div class=\"MsoNormal\" style=\"text-align: justify;\">\u00c9 o que diz a jovem Camilla<br \/>\nCorrea, de 19 anos. A estudante de Psicologia explica que tamb\u00e9m buscou por<br \/>\nrep\u00fablicas quando chegou a S\u00e3o Jo\u00e3o del-Rei, onde viver em casas alugadas pelo<br \/>\npr\u00f3prio grupo, com despesas, regras e formas de conviv\u00eancia aut\u00f4nomas custa, em<br \/>\nm\u00e9dia, R$400.<\/div>\n<div class=\"MsoNormal\" style=\"text-align: justify;\"><\/div>\n<div class=\"MsoNormal\" style=\"text-align: justify;\">No entanto, foi em um<br \/>\npensionato \u2013 com valor um pouco mais alto \u2013 que se sentiu mais confort\u00e1vel. Segundo<br \/>\nela, o que mais gostou no pensionato foi a recep\u00e7\u00e3o das meninas com quem hoje<br \/>\nmora. Para a graduanda, isso pesou para se adaptar melhor \u00e0 nova rotina principalmente<br \/>\npelo fato de que todas as outras moradoras estavam, na \u00e9poca, passando pela<br \/>\nmesma fase de vida que ela. \u201cA experi\u00eancia \u00e9 boa. A gente chega meio perdida e<br \/>\na pens\u00e3o se torna um lugar acolhedor\u201d, garante.<\/div>\n<div class=\"MsoNormal\" style=\"text-align: justify;\"><\/div>\n<div class=\"MsoNormal\" style=\"text-align: justify;\">Os valores de pensionatos em<br \/>\nS\u00e3o Jo\u00e3o variam de acordo com as comodidades oferecidas. Em lugares onde \u00e9<br \/>\nservido somente o caf\u00e9 da manh\u00e3 as mensalidades variam entre R$420 (para quartos<br \/>\ndivididos) e R$500 (em acomoda\u00e7\u00f5es individuais). Nas casas em que o almo\u00e7o \u00e9<br \/>\nincluindo entre as facilidades o total pago pode chegar a R$630.<\/div>\n<div class=\"MsoNormal\" style=\"text-align: justify;\"><b>\u00a0<\/b><\/div>\n<div class=\"MsoNormal\" style=\"text-align: justify;\"><b>Independ\u00eancia<br \/>\nx Rep\u00fablica<\/b><\/div>\n<div class=\"MsoNormal\" style=\"text-align: justify;\"><\/div>\n<div class=\"MsoNormal\" style=\"text-align: justify;\">O rec\u00e9m formado em Ci\u00eancias<br \/>\nEcon\u00f4micas Walace de Souza, 23 anos, tem mais do que a experi\u00eancia de formatura<br \/>\npara contar. Na trajet\u00f3ria em S\u00e3o Jo\u00e3o del-Rei, ele conheceu a realidade tanto<br \/>\nda \u201ccarreira solo\u201d, morando sozinho; quanto a da viv\u00eancia em rep\u00fablicas.<\/div>\n<div class=\"MsoNormal\" style=\"text-align: justify;\"><\/div>\n<div class=\"MsoNormal\" style=\"text-align: justify;\">Ele conta que quando chegou<br \/>\n\u00e0 cidade hist\u00f3rica procurou as melhores op\u00e7\u00f5es pensando no financeiro e na comodidade<br \/>\nde morar pr\u00f3ximo ao <i>campus<\/i> em que<br \/>\nestudaria. Exatamente por isso, Souza lembra que durante sei meses foi mais<br \/>\nvi\u00e1vel morar sozinho em uma kitnet. \u201cCom as pesquisas de pre\u00e7o, qualidade dos<br \/>\nlocais de moradia e a dist\u00e2ncia do <i>campus<\/i><br \/>\nSanto Ant\u00f4nio, preferi morar sozinho\u201d.<\/div>\n<div class=\"MsoNormal\" style=\"text-align: justify;\"><\/div>\n<div class=\"MsoNormal\" style=\"text-align: justify;\">Hoje, no munic\u00edpio-sede da<br \/>\nUFSJ, espa\u00e7os menores, com tr\u00eas c\u00f4modos, s\u00e3o alugados por em m\u00e9dia R$400. Em<br \/>\nalguns casos, taxas de \u00e1gua, luz e internet j\u00e1 est\u00e3o inclusos no valor. Mas o<br \/>\ntotal, somado a investimentos em alimento e lazer acabam superando a op\u00e7\u00e3o das<br \/>\nrep\u00fablicas. Exatamente por isso, depois de um per\u00edodo, as coisas mudaram para<br \/>\nSouza: \u201cRefleti muito e, devido ao tempo de curso e \u00e0 aprova\u00e7\u00e3o de um amigo meu<br \/>\nque tamb\u00e9m viria para a UFSJ, decidi abrir uma rep\u00fablica com ele\u201d, diz em<br \/>\nrefer\u00eancia a op\u00e7\u00e3o de conviv\u00eancia e divis\u00e3o de contas \u2013 incluindo as de<br \/>\nsupermercado e outros pequenos luxos \u2013 que alcan\u00e7am m\u00e9dia de R$450 em S\u00e3o Jo\u00e3o.<\/div>\n<div class=\"MsoNormal\" style=\"text-align: justify;\"><\/div>\n<div class=\"MsoNormal\" style=\"text-align: justify;\">Walace pontuou, por\u00e9m, que<br \/>\nna vida nova um dos maiores problemas enfrentados na rep\u00fablica foi conviver com<br \/>\nos h\u00e1bitos e costumes das outras pessoas com quem morava. Tudo isso sem deixar<br \/>\nde frisar que, por outro lado, a situa\u00e7\u00e3o lhe ensinou a lidar com diferen\u00e7as.<\/div>\n<p>&nbsp;<\/p>\n<div class=\"MsoNormal\" style=\"text-align: justify;\">E voc\u00ea? Como vive? O que<br \/>\npesou na hora de decidir onde morar at\u00e9 o fim da faculdade? Deixe seus<br \/>\ncoment\u00e1rios!Texto: Carol Colombi\/ VAN<\/p>\n<p>* #EVU &#8211; O Especial Vida Universit\u00e1ria \u00e9 resultado de uma oficina de texto dada pela jornalista Mariane Fonseca para integrantes da Vertentes Ag\u00eancia de not\u00edcias e sair\u00e1 \u00e0s segundas-feiras at\u00e9 16\/02\/2015.<\/p>\n<\/div>\n","protected":false},"excerpt":{"rendered":"<p>Universidade, cidade diferente, pessoas novas e uma d\u00favida, onde morar? Um dos dilemas dos jovens ap\u00f3s a aprova\u00e7\u00e3o em um vestibular \u00e9 mesmo decidir onde estabelecer morada, podendo optar, em<\/p>\n","protected":false},"author":2,"featured_media":1202,"comment_status":"open","ping_status":"open","sticky":false,"template":"","format":"standard","meta":{"_monsterinsights_skip_tracking":false,"_monsterinsights_sitenote_active":false,"_monsterinsights_sitenote_note":"","_monsterinsights_sitenote_category":0,"_themeisle_gutenberg_block_has_review":false,"cybocfi_hide_featured_image":"","footnotes":""},"categories":[24,109],"tags":[34],"class_list":["post-168","post","type-post","status-publish","format-standard","has-post-thumbnail","hentry","category-economia","category-sao-joao-del-rei-microrregiao-de-sao-joao-del-rei","tag-ufsj"],"_links":{"self":[{"href":"http:\/\/jornalismo.ufsj.edu.br\/van\/wp-json\/wp\/v2\/posts\/168","targetHints":{"allow":["GET"]}}],"collection":[{"href":"http:\/\/jornalismo.ufsj.edu.br\/van\/wp-json\/wp\/v2\/posts"}],"about":[{"href":"http:\/\/jornalismo.ufsj.edu.br\/van\/wp-json\/wp\/v2\/types\/post"}],"author":[{"embeddable":true,"href":"http:\/\/jornalismo.ufsj.edu.br\/van\/wp-json\/wp\/v2\/users\/2"}],"replies":[{"embeddable":true,"href":"http:\/\/jornalismo.ufsj.edu.br\/van\/wp-json\/wp\/v2\/comments?post=168"}],"version-history":[{"count":1,"href":"http:\/\/jornalismo.ufsj.edu.br\/van\/wp-json\/wp\/v2\/posts\/168\/revisions"}],"predecessor-version":[{"id":1203,"href":"http:\/\/jornalismo.ufsj.edu.br\/van\/wp-json\/wp\/v2\/posts\/168\/revisions\/1203"}],"wp:featuredmedia":[{"embeddable":true,"href":"http:\/\/jornalismo.ufsj.edu.br\/van\/wp-json\/wp\/v2\/media\/1202"}],"wp:attachment":[{"href":"http:\/\/jornalismo.ufsj.edu.br\/van\/wp-json\/wp\/v2\/media?parent=168"}],"wp:term":[{"taxonomy":"category","embeddable":true,"href":"http:\/\/jornalismo.ufsj.edu.br\/van\/wp-json\/wp\/v2\/categories?post=168"},{"taxonomy":"post_tag","embeddable":true,"href":"http:\/\/jornalismo.ufsj.edu.br\/van\/wp-json\/wp\/v2\/tags?post=168"}],"curies":[{"name":"wp","href":"https:\/\/api.w.org\/{rel}","templated":true}]}}