{"id":16197,"date":"2026-05-01T19:36:59","date_gmt":"2026-05-01T22:36:59","guid":{"rendered":"https:\/\/jornalismo.ufsj.edu.br\/van\/?p=16197"},"modified":"2026-05-01T19:37:00","modified_gmt":"2026-05-01T22:37:00","slug":"trabalho-informal-gera-debates-acerca-das-condicoes-de-trabalhistas-em-sao-joao-del-rei","status":"publish","type":"post","link":"http:\/\/jornalismo.ufsj.edu.br\/van\/trabalho-informal-gera-debates-acerca-das-condicoes-de-trabalhistas-em-sao-joao-del-rei\/","title":{"rendered":"Trabalho informal gera debates acerca das condi\u00e7\u00f5es de trabalhistas em S\u00e3o Jo\u00e3o Del-Rei\u00a0"},"content":{"rendered":"\n<h2 class=\"wp-block-heading\">O dia do trabalhador deste ano chega em meio a discuss\u00f5es trabalhistas que denunciam a explora\u00e7\u00e3o e buscam por melhorias estruturais.<br><\/h2>\n\n\n\n<p class=\"has-text-align-right\">Por Felipe Lopes<\/p>\n\n\n<div class=\"wp-block-image\">\n<figure class=\"aligncenter size-large is-resized\"><img loading=\"lazy\" decoding=\"async\" width=\"819\" height=\"1024\" src=\"https:\/\/jornalismo.ufsj.edu.br\/van\/wp-content\/uploads\/2026\/05\/image-819x1024.png\" alt=\"\" class=\"wp-image-16198\" style=\"aspect-ratio:0.7998074741293362;width:615px;height:auto\" srcset=\"http:\/\/jornalismo.ufsj.edu.br\/van\/wp-content\/uploads\/2026\/05\/image-819x1024.png 819w, http:\/\/jornalismo.ufsj.edu.br\/van\/wp-content\/uploads\/2026\/05\/image-240x300.png 240w, http:\/\/jornalismo.ufsj.edu.br\/van\/wp-content\/uploads\/2026\/05\/image-768x960.png 768w, http:\/\/jornalismo.ufsj.edu.br\/van\/wp-content\/uploads\/2026\/05\/image.png 1080w\" sizes=\"auto, (max-width: 819px) 100vw, 819px\" \/><figcaption class=\"wp-element-caption\"><em>Foto\/Reprodu\u00e7\u00e3o: Instagram @monte_alverne \u00a0 \u00a0 \u00a0<\/em><\/figcaption><\/figure>\n<\/div>\n\n\n<p class=\"has-text-align-left\">O feriado do dia do trabalhador nos relembra todos os anos o seu significado de valoriza\u00e7\u00e3o dos direitos trabalhistas conquistados na hist\u00f3ria. Em uma \u00e9poca de debates no Congresso Nacional sobre o fim da escala 6&#215;1 e redu\u00e7\u00e3o na jornada de trabalho no pa\u00eds \u00e9 necess\u00e1rio ampliar o debate para outras pautas que envolvem a precariza\u00e7\u00e3o do trabalho. Segundo o IBGE, cerca de 40 milh\u00f5es de brasileiros dependem da informalidade para viver, entre eles, trabalhadores que complementam renda e que dependem integralmente desta forma de trabalho. Em S\u00e3o Jo\u00e3o Del-Rei \u00e9 muito comum a contrata\u00e7\u00e3o de \u201cfreelancers\u201d, que s\u00e3o contratados sem v\u00ednculo e cumprem diferentes fun\u00e7\u00f5es no mercado.<\/p>\n\n\n\n<p>A Consolida\u00e7\u00e3o das Leis do Trabalho (CLT), garante esse tipo de rela\u00e7\u00e3o entre trabalhador e empregador, no c\u00f3digo 443 da legisla\u00e7\u00e3o brasileira \u00e9 explicado a exist\u00eancia da possibilidade de trabalho desde que haja aus\u00eancia de subordina\u00e7\u00e3o e exclusividade, portanto n\u00e3o ilegal a presen\u00e7a deste tipo de contrata\u00e7\u00e3o tempor\u00e1ria em com\u00e9rcios por exemplo. O que tem sido denunciado em algumas oportunidades s\u00e3o as condi\u00e7\u00f5es de trabalho enfrentada por freelancers, Miguel Alves estudante de 19 anos que trabalha como freelancer para complementar renda nos contou em entrevista algumas rela\u00e7\u00f5es desproporcionais que ele j\u00e1 enfrentou, <em>\u201cj\u00e1 trabalhei em um lugar que o dono sempre amea\u00e7avam descontar do nosso pagamento e arrumava briga com todos\u201d, <\/em>esse tipo de subordina\u00e7\u00e3o \u00e9 comum quando n\u00e3o h\u00e1 v\u00ednculo entre a empresa e o empregado pois \u00e1 brecha para rompimento de combinados e condi\u00e7\u00f5es de trabalho.&nbsp;<\/p>\n\n\n\n<p>Historicamente a luta por melhores condi\u00e7\u00f5es de trabalho sempre estiveram entre as pautas da classe trabalhadora, e dois s\u00e9culos depois da Segunda Revolu\u00e7\u00e3o Industrial se faz necess\u00e1rio denunciar abusos e a explora\u00e7\u00e3o do trabalho, a valoriza\u00e7\u00e3o da CLT&nbsp; e o trabalho formal garantem a estabilidade e seguran\u00e7a para aqueles que dependem do trabalho para viverem no pa\u00eds. 83 anos depois da cria\u00e7\u00e3o da carteira de trabalho, o engajamento da popula\u00e7\u00e3o pela busca de melhorias da CLT se torna atualmente o debate mais importante no Brasil.&nbsp;<\/p>\n","protected":false},"excerpt":{"rendered":"<p>O dia do trabalhador deste ano chega em meio a discuss\u00f5es trabalhistas que denunciam a explora\u00e7\u00e3o e buscam por melhorias estruturais. Por Felipe Lopes O feriado do dia do trabalhador<\/p>\n","protected":false},"author":2,"featured_media":16198,"comment_status":"closed","ping_status":"open","sticky":false,"template":"","format":"standard","meta":{"_monsterinsights_skip_tracking":false,"_monsterinsights_sitenote_active":false,"_monsterinsights_sitenote_note":"","_monsterinsights_sitenote_category":0,"_themeisle_gutenberg_block_has_review":false,"cybocfi_hide_featured_image":"","footnotes":""},"categories":[797,15,109],"tags":[],"class_list":["post-16197","post","type-post","status-publish","format-standard","has-post-thumbnail","hentry","category-denuncia","category-politica","category-sao-joao-del-rei-microrregiao-de-sao-joao-del-rei"],"_links":{"self":[{"href":"http:\/\/jornalismo.ufsj.edu.br\/van\/wp-json\/wp\/v2\/posts\/16197","targetHints":{"allow":["GET"]}}],"collection":[{"href":"http:\/\/jornalismo.ufsj.edu.br\/van\/wp-json\/wp\/v2\/posts"}],"about":[{"href":"http:\/\/jornalismo.ufsj.edu.br\/van\/wp-json\/wp\/v2\/types\/post"}],"author":[{"embeddable":true,"href":"http:\/\/jornalismo.ufsj.edu.br\/van\/wp-json\/wp\/v2\/users\/2"}],"replies":[{"embeddable":true,"href":"http:\/\/jornalismo.ufsj.edu.br\/van\/wp-json\/wp\/v2\/comments?post=16197"}],"version-history":[{"count":1,"href":"http:\/\/jornalismo.ufsj.edu.br\/van\/wp-json\/wp\/v2\/posts\/16197\/revisions"}],"predecessor-version":[{"id":16199,"href":"http:\/\/jornalismo.ufsj.edu.br\/van\/wp-json\/wp\/v2\/posts\/16197\/revisions\/16199"}],"wp:featuredmedia":[{"embeddable":true,"href":"http:\/\/jornalismo.ufsj.edu.br\/van\/wp-json\/wp\/v2\/media\/16198"}],"wp:attachment":[{"href":"http:\/\/jornalismo.ufsj.edu.br\/van\/wp-json\/wp\/v2\/media?parent=16197"}],"wp:term":[{"taxonomy":"category","embeddable":true,"href":"http:\/\/jornalismo.ufsj.edu.br\/van\/wp-json\/wp\/v2\/categories?post=16197"},{"taxonomy":"post_tag","embeddable":true,"href":"http:\/\/jornalismo.ufsj.edu.br\/van\/wp-json\/wp\/v2\/tags?post=16197"}],"curies":[{"name":"wp","href":"https:\/\/api.w.org\/{rel}","templated":true}]}}