{"id":16040,"date":"2026-03-11T08:56:00","date_gmt":"2026-03-11T11:56:00","guid":{"rendered":"https:\/\/jornalismo.ufsj.edu.br\/van\/?p=16040"},"modified":"2026-03-11T22:14:23","modified_gmt":"2026-03-12T01:14:23","slug":"caminhada-silenciosa-homenageia-vitimas-de-feminicidio-no-dia-internacional-das-mulheres-em-sao-joao-del-rei","status":"publish","type":"post","link":"http:\/\/jornalismo.ufsj.edu.br\/van\/caminhada-silenciosa-homenageia-vitimas-de-feminicidio-no-dia-internacional-das-mulheres-em-sao-joao-del-rei\/","title":{"rendered":"Caminhada silenciosa homenageia v\u00edtimas de feminic\u00eddio no Dia Internacional das Mulheres em S\u00e3o Jo\u00e3o del-Rei"},"content":{"rendered":"\n<p class=\"has-text-align-right\">Por Alessandra Silva<\/p>\n\n\n\n<div style=\"height:15px\" aria-hidden=\"true\" class=\"wp-block-spacer\"><\/div>\n\n\n<div class=\"wp-block-image\">\n<figure class=\"aligncenter size-full is-resized\"><img loading=\"lazy\" decoding=\"async\" width=\"479\" height=\"215\" src=\"http:\/\/jornalismo.ufsj.edu.br\/van\/wp-content\/uploads\/2026\/03\/8m-1.jpg\" alt=\"\" class=\"wp-image-16041\" style=\"width:785px;height:auto\" srcset=\"http:\/\/jornalismo.ufsj.edu.br\/van\/wp-content\/uploads\/2026\/03\/8m-1.jpg 479w, http:\/\/jornalismo.ufsj.edu.br\/van\/wp-content\/uploads\/2026\/03\/8m-1-300x135.jpg 300w\" sizes=\"auto, (max-width: 479px) 100vw, 479px\" \/><figcaption class=\"wp-element-caption\">Protesto em S\u00e3o Jo\u00e3o del-Rei no ato do 8M. Foto: Alessandra Silva<br><\/figcaption><\/figure>\n<\/div>\n\n\n<div style=\"height:15px\" aria-hidden=\"true\" class=\"wp-block-spacer\"><\/div>\n\n\n\n<p>Uma caminhada silenciosa marcou as celebra\u00e7\u00f5es do Dia Internacional das Mulheres em S\u00e3o Jo\u00e3o del-Rei no \u00faltimo domingo (8). O protesto foi marcado pela mem\u00f3ria das v\u00edtimas de feminic\u00eddio e em homenagem \u00e0s mulheres s\u00e3o-joanenses que foram assassinadas.<\/p>\n\n\n\n<p>O protesto que reuniu a popula\u00e7\u00e3o em frente a Igreja Do Carmo, homenageou quatro mulheres S\u00e3o-Joanense, sendo eles Ione (31 anos), assassinada em sua casa no in\u00edcio de 2026, Rita (63 anos) que foi estuprada e espancada at\u00e9 a morte, Tamara (33 anos) que foi morta pelo seu companheiro, assim como as outras, e seu corpo nunca foi encontrado. Luana (36 anos) tamb\u00e9m foi uma das homenageadas, ap\u00f3s ter sido assasinada \u00e0 tiros, na v\u00e9spera do dia das m\u00e3es, pelo pai de seu filho.<\/p>\n\n\n\n<p>Apesar do seu contexto de comemora\u00e7\u00e3o, o Dia Internacional das Mulheres \u00e9 uma data de protesto e conscientiza\u00e7\u00e3o em decorr\u00eancia da onda de misoginia que aproxima a sociedade, como apontado pela advogada Tatiane Viotti, em entrevista para a VAN. A servidora p\u00fablica tamb\u00e9m expressou a import\u00e2ncia da data em mem\u00f3ria \u00e0s mulheres que lutaram a anos para garantir os seus direitos.<\/p>\n\n\n\n<blockquote class=\"wp-block-quote is-layout-flow wp-block-quote-is-layout-flow\">\n<p>\u201cE hoje \u00e9 um dia pra se comemorar o Dia da Mulher, mas tamb\u00e9m pra gente lembrar daquelas que lutaram pra gente ter liberdade, pra gente poder deixar os filhos, para trabalhar. Eu acho que hoje \u00e9 um dia de luta, apesar de ser uma comemora\u00e7\u00e3o a n\u00edvel c\u00edvico.\u201d<\/p>\n\n\n\n<p class=\"has-text-align-right\">Dr. Tatiane Viotti<\/p>\n<\/blockquote>\n\n\n\n<p>Pesquisas do Instituto Brasileiro de Direito de Fam\u00edlia registraram que, em 2025, cerca de 6 mulheres foram v\u00edtimas de feminic\u00eddios, registrando um aumento de 34% em rela\u00e7\u00e3o ao ano de 2024. Dentre esses n\u00fameros, cerca de 62,6% das mulheres eram negras, como foi divulgado pelo F\u00f3rum Brasileiro de Seguran\u00e7a P\u00fablica (FBSP), atrav\u00e9s de dados dos anos de 2021 \u00e0 2024. Esse agravante foi comentado pela protestante, Marilene Sottani, que refor\u00e7ou a necessidade de lembrar do perfil das v\u00edtimas do machismo.<\/p>\n\n\n\n<blockquote class=\"wp-block-quote is-layout-flow wp-block-quote-is-layout-flow\">\n<p>\u201c [&#8230;] a maioria das v\u00edtimas s\u00e3o mulheres negras e perif\u00e9ricas. Ent\u00e3o a gente precisa estar aqui para lembrar disso e celebrar tamb\u00e9m o 8M, mas lembrando que a gente ainda tem uma caminhada muito longa pelos nossos direitos.\u201d<\/p>\n\n\n\n<p class=\"has-text-align-right\">Marilene Sottani<\/p>\n<\/blockquote>\n\n\n\n<h2 class=\"wp-block-heading\"><strong>Cria\u00e7\u00e3o do dia Internacional da Mulher<\/strong><\/h2>\n\n\n\n<p>A data escolhida para comemora\u00e7\u00e3o est\u00e1 ligada \u00e0 crescente do movimento feminista no s\u00e9culo XX, onde as mulheres oper\u00e1rias, especialmente da industria t\u00eaxtil, lutavam por seus direitos. Entre os eventos associados \u00e0 escolha da data, est\u00e1 o inc\u00eandio na ind\u00fastria Triangle Shirtwaist Company em Nova York, no ano de 1911, que vitimou 125 mulheres e os protestos na R\u00fassia que ficou conhecido como \u201cPaz, Terra e P\u00e3o\u201d, onde trabalhadoras sa\u00edram nas ruas no dia oito de Mar\u00e7o de 1917 para protestar&nbsp; sobre as quest\u00f5es de trabalho, fome e a participa\u00e7\u00e3o do pa\u00eds na Primeira Guerra Mundial.<\/p>\n\n\n\n<p>Nesse contexto de mobiliza\u00e7\u00e3o, em 1910, Clara Zetkin, membro do Partido Comunista Alem\u00e3o, prop\u00f4s a defini\u00e7\u00e3o de uma data para homenagear as mulheres, no II Congresso Internacional das Mulheres Socialistas. A data foi oficializada pela Organiza\u00e7\u00e3o das Na\u00e7\u00f5es Unidas (ONU) apenas na d\u00e9cada de 1970, que passou a ser celebrado mundialmente no dia 8 de mar\u00e7o.<\/p>\n\n\n\n<div style=\"height:15px\" aria-hidden=\"true\" class=\"wp-block-spacer\"><\/div>\n\n\n<div class=\"wp-block-image\">\n<figure class=\"aligncenter size-full is-resized\"><img loading=\"lazy\" decoding=\"async\" width=\"466\" height=\"210\" src=\"http:\/\/jornalismo.ufsj.edu.br\/van\/wp-content\/uploads\/2026\/03\/8m-2.jpg\" alt=\"\" class=\"wp-image-16042\" style=\"width:728px;height:auto\" srcset=\"http:\/\/jornalismo.ufsj.edu.br\/van\/wp-content\/uploads\/2026\/03\/8m-2.jpg 466w, http:\/\/jornalismo.ufsj.edu.br\/van\/wp-content\/uploads\/2026\/03\/8m-2-300x135.jpg 300w\" sizes=\"auto, (max-width: 466px) 100vw, 466px\" \/><figcaption class=\"wp-element-caption\">Protestantes do 8M em frente da Igreja do Ros\u00e1rio. Foto: Alessandra Silva<br><\/figcaption><\/figure>\n<\/div>\n\n\n<div style=\"height:15px\" aria-hidden=\"true\" class=\"wp-block-spacer\"><\/div>\n\n\n\n<p>Participaram do ato mulheres influentes na cidade de S\u00e3o Jo\u00e3o del-Rei, como Danielle Muffato, fundador da Associa\u00e7\u00e3o Pro Autista e apoiadora dos protestos do 8M desde 2019. Em entrevista a VAN, Danielle enfatizou a import\u00e2ncia desses atos para dar visibilidade a mulheres com defici\u00eancia e m\u00e3e de pessoas com defici\u00eancia, que s\u00e3o silenciadas perante suas condi\u00e7\u00f5es. Muffato tamb\u00e9m ressalta a import\u00e2ncia da constru\u00e7\u00e3o e conscientiza\u00e7\u00e3o dentro de casa e a necessidade dos homens entenderem a gravidade da situa\u00e7\u00e3o, pois, de acordo com a mesma, \u201c[&#8230;] n\u00e3o adianta s\u00f3 eu cuidar da minha filha pra que ela seja uma mulher empoderada, se o meu filho tem uma responsabilidade em cima disso e eu n\u00e3o estou educando ele pra isso.\u201d.<\/p>\n\n\n\n<p>A vereadora Cassi Pinheiros tamb\u00e9m esteve presente no protesto, ressaltando a import\u00e2ncia da cria\u00e7\u00e3o de pol\u00edticas p\u00fablicas que acolham mulheres em situa\u00e7\u00e3o de risco e vulnerabilidade.<\/p>\n\n\n\n<blockquote class=\"wp-block-quote is-layout-flow wp-block-quote-is-layout-flow\">\n<p>\u201cA gente espera que, enfim, as pessoas entendam que elas s\u00e3o parte da mudan\u00e7a, que as pessoas parem para pensar, parem para olhar para a realidade \u00e0 sua volta, um chamado de conscientiza\u00e7\u00e3o.\u201d<\/p>\n\n\n\n<p class=\"has-text-align-right\">Vereadora Cassi Pinheiros<\/p>\n<\/blockquote>\n\n\n\n<p>Ap\u00f3s a caminhada, o dia foi marcado por atividades de conscientiza\u00e7\u00e3o e cultura, com apresenta\u00e7\u00f5es art\u00edsticas na Feira da Boazona, com a presen\u00e7a da Batucada Popular, Traga&nbsp; Pandeiro e Marilene Santos. A Casa do Comit\u00ea recebeu o Projeto Elas por Elas, organizado pela OAB, prestando atendimento jur\u00eddico \u00e0s mulheres da regi\u00e3o. O Sarau \u201cN\u00e3o Me Kahlo\u201d foi respons\u00e1vel por fechar o dia de protesto e homenagens.<\/p>\n","protected":false},"excerpt":{"rendered":"<p>Uma caminhada silenciosa marcou as celebra\u00e7\u00f5es do Dia Internacional das Mulheres em S\u00e3o Jo\u00e3o del-Rei no \u00faltimo domingo. O protesto foi marcado pela mem\u00f3ria  e homenagem \u00e0s mulheres s\u00e3o-joanenses que foram v\u00edtimas de feminic\u00eddio.<\/p>\n","protected":false},"author":2,"featured_media":16041,"comment_status":"closed","ping_status":"open","sticky":false,"template":"","format":"standard","meta":{"_monsterinsights_skip_tracking":false,"_monsterinsights_sitenote_active":false,"_monsterinsights_sitenote_note":"","_monsterinsights_sitenote_category":0,"_themeisle_gutenberg_block_has_review":false,"cybocfi_hide_featured_image":"yes","footnotes":""},"categories":[3,15,109],"tags":[847],"class_list":["post-16040","post","type-post","status-publish","format-standard","has-post-thumbnail","hentry","category-cidades","category-politica","category-sao-joao-del-rei-microrregiao-de-sao-joao-del-rei","tag-dia-das-mulheres"],"_links":{"self":[{"href":"http:\/\/jornalismo.ufsj.edu.br\/van\/wp-json\/wp\/v2\/posts\/16040","targetHints":{"allow":["GET"]}}],"collection":[{"href":"http:\/\/jornalismo.ufsj.edu.br\/van\/wp-json\/wp\/v2\/posts"}],"about":[{"href":"http:\/\/jornalismo.ufsj.edu.br\/van\/wp-json\/wp\/v2\/types\/post"}],"author":[{"embeddable":true,"href":"http:\/\/jornalismo.ufsj.edu.br\/van\/wp-json\/wp\/v2\/users\/2"}],"replies":[{"embeddable":true,"href":"http:\/\/jornalismo.ufsj.edu.br\/van\/wp-json\/wp\/v2\/comments?post=16040"}],"version-history":[{"count":1,"href":"http:\/\/jornalismo.ufsj.edu.br\/van\/wp-json\/wp\/v2\/posts\/16040\/revisions"}],"predecessor-version":[{"id":16043,"href":"http:\/\/jornalismo.ufsj.edu.br\/van\/wp-json\/wp\/v2\/posts\/16040\/revisions\/16043"}],"wp:featuredmedia":[{"embeddable":true,"href":"http:\/\/jornalismo.ufsj.edu.br\/van\/wp-json\/wp\/v2\/media\/16041"}],"wp:attachment":[{"href":"http:\/\/jornalismo.ufsj.edu.br\/van\/wp-json\/wp\/v2\/media?parent=16040"}],"wp:term":[{"taxonomy":"category","embeddable":true,"href":"http:\/\/jornalismo.ufsj.edu.br\/van\/wp-json\/wp\/v2\/categories?post=16040"},{"taxonomy":"post_tag","embeddable":true,"href":"http:\/\/jornalismo.ufsj.edu.br\/van\/wp-json\/wp\/v2\/tags?post=16040"}],"curies":[{"name":"wp","href":"https:\/\/api.w.org\/{rel}","templated":true}]}}