{"id":16013,"date":"2026-02-28T09:18:00","date_gmt":"2026-02-28T12:18:00","guid":{"rendered":"https:\/\/jornalismo.ufsj.edu.br\/van\/?p=16013"},"modified":"2026-03-01T12:43:11","modified_gmt":"2026-03-01T15:43:11","slug":"minas-unida-sao-joao-del-rei-intensifica-combate-ao-aedes-aegypti-com-grande-mobilizacao-na-praca-da-cohab","status":"publish","type":"post","link":"http:\/\/jornalismo.ufsj.edu.br\/van\/minas-unida-sao-joao-del-rei-intensifica-combate-ao-aedes-aegypti-com-grande-mobilizacao-na-praca-da-cohab\/","title":{"rendered":"Minas Unida: S\u00e3o Jo\u00e3o del-Rei intensifica combate ao Aedes aegypti com grande mobiliza\u00e7\u00e3o na Pra\u00e7a da Cohab"},"content":{"rendered":"\n<p class=\"has-text-align-right\"><em>Por Isabella Emily<\/em><\/p>\n\n\n\n<p class=\"has-text-align-left\"><br>Neste s\u00e1bado, 28, S\u00e3o Jo\u00e3o del-Rei uniu for\u00e7as ao estado no movimento &#8220;Minas Unida Contra o Aedes<strong>&#8220;<\/strong>. Pela manh\u00e3, a Prefeitura Municipal preparou uma programa\u00e7\u00e3o extensa que transformou a Pra\u00e7a da Cohab (em frente \u00e0 Escola Municipal Celso Raimundo) no centro de uma grande for\u00e7a-tarefa de sa\u00fade e cidadania. A campanha reservou um espa\u00e7o importante para a vacina\u00e7\u00e3o de crian\u00e7as e adolescentes, especialmente na faixa de 10 aos 14 anos, idade considerada priorit\u00e1ria para a vacina contra a Dengue.<\/p>\n\n\n\n<p class=\"has-text-align-left\">Com foco na preven\u00e7\u00e3o de casos graves da doen\u00e7a, o Vacim\u00f3vel esteve no local para facilitar o acesso dos jovens, que tamb\u00e9m puderam aproveitar a ocasi\u00e3o para atualizar doses contra o HPV e a Meningite. A presen\u00e7a do famoso personagem Z\u00e9 Gotinha ajudou a animar o p\u00fablico infantil e refor\u00e7ar a import\u00e2ncia da imunidade desde cedo.<\/p>\n\n\n\n<div style=\"height:15px\" aria-hidden=\"true\" class=\"wp-block-spacer\"><\/div>\n\n\n<div class=\"wp-block-image\">\n<figure class=\"aligncenter size-full is-resized\"><img loading=\"lazy\" decoding=\"async\" width=\"240\" height=\"312\" src=\"https:\/\/jornalismo.ufsj.edu.br\/van\/wp-content\/uploads\/2026\/02\/ze-gotinha-1.jpg\" alt=\"\" class=\"wp-image-16014\" style=\"aspect-ratio:0.7692344236205135;width:388px;height:auto\" srcset=\"http:\/\/jornalismo.ufsj.edu.br\/van\/wp-content\/uploads\/2026\/02\/ze-gotinha-1.jpg 240w, http:\/\/jornalismo.ufsj.edu.br\/van\/wp-content\/uploads\/2026\/02\/ze-gotinha-1-231x300.jpg 231w\" sizes=\"auto, (max-width: 240px) 100vw, 240px\" \/><figcaption class=\"wp-element-caption\">Foto: Reprodu\u00e7\u00e3o\/ Instagram @sjdr.saude<\/figcaption><\/figure>\n<\/div>\n\n\n<div style=\"height:15px\" aria-hidden=\"true\" class=\"wp-block-spacer\"><\/div>\n\n\n\n<h3 class=\"wp-block-heading\"><strong>Vacina\u00e7\u00e3o para adultos e professores<\/strong><\/h3>\n\n\n\n<p>A mobiliza\u00e7\u00e3o gerou grande interesse em toda a cidade, levando muitos moradores \u00e0s redes sociais da Secretaria de Sa\u00fade para questionar quando a vacina contra a Dengue estar\u00e1 dispon\u00edvel para outros grupos, como adultos e professores.<\/p>\n\n\n\n<p>Sobre esses pedidos, a Secretaria esclareceu que, no momento, o p\u00fablico-alvo \u00e9 definido seguindo as regras do Minist\u00e9rio da Sa\u00fade. A prefeitura informou que est\u00e1 seguindo o cronograma nacional e que, por enquanto, \u00e9 necess\u00e1rio aguardar novas libera\u00e7\u00f5es de doses e orienta\u00e7\u00f5es do Governo Federal para expandir a vacina\u00e7\u00e3o para outras idades ou categorias profissionais.<\/p>\n\n\n\n<h3 class=\"wp-block-heading\"><strong>Servi\u00e7os e Lazer na Pra\u00e7a<\/strong><\/h3>\n\n\n\n<p>Enquanto aguardam novas fases da campanha, todos os adultos puderam usufruir de outros servi\u00e7os de sa\u00fade na pra\u00e7a, como testes r\u00e1pidos para Dengue, aferi\u00e7\u00e3o de press\u00e3o e exames de glicemia. Para quem tem pets, a vacina\u00e7\u00e3o para c\u00e3es e gatos tamb\u00e9m esteve dispon\u00edvel gratuitamente no local.<\/p>\n\n\n\n<div style=\"height:9px\" aria-hidden=\"true\" class=\"wp-block-spacer\"><\/div>\n\n\n<div class=\"wp-block-image\">\n<figure class=\"aligncenter size-full is-resized\"><img loading=\"lazy\" decoding=\"async\" width=\"192\" height=\"261\" src=\"http:\/\/jornalismo.ufsj.edu.br\/van\/wp-content\/uploads\/2026\/02\/programacao-ze-gotinha.jpg\" alt=\"\" class=\"wp-image-16015\" style=\"width:326px;height:auto\"\/><\/figure>\n<\/div>\n\n\n<div style=\"height:15px\" aria-hidden=\"true\" class=\"wp-block-spacer\"><\/div>\n\n\n\n<p>&nbsp;Transformando o cuidado com a sa\u00fade em um momento de uni\u00e3o para toda a fam\u00edlia, o evento contou ainda com \u201crua de lazer\u201d, aula de dan\u00e7a e apresenta\u00e7\u00f5es de capoeira. A recomenda\u00e7\u00e3o principal continua sendo a limpeza dos quintais: a vacina protege o corpo, mas a limpeza da casa protege toda a vizinhan\u00e7a.<br><\/p>\n","protected":false},"excerpt":{"rendered":"<p>Neste s\u00e1bado, 28, S\u00e3o Jo\u00e3o del-Rei uniu for\u00e7as ao estado no movimento &#8220;Minas Unida Contra o Aedes&#8221;. Pela manh\u00e3, a Prefeitura Municipal preparou uma programa\u00e7\u00e3o extensa que transformou a Pra\u00e7a da Cohab no centro de uma grande for\u00e7a-tarefa de sa\u00fade e cidadania.<\/p>\n","protected":false},"author":2,"featured_media":15104,"comment_status":"closed","ping_status":"open","sticky":false,"template":"","format":"standard","meta":{"_monsterinsights_skip_tracking":false,"_monsterinsights_sitenote_active":false,"_monsterinsights_sitenote_note":"","_monsterinsights_sitenote_category":0,"_themeisle_gutenberg_block_has_review":false,"cybocfi_hide_featured_image":"yes","footnotes":""},"categories":[109,21],"tags":[210,14,159],"class_list":["post-16013","post","type-post","status-publish","format-standard","has-post-thumbnail","hentry","category-sao-joao-del-rei-microrregiao-de-sao-joao-del-rei","category-saude","tag-dengue","tag-sao-joao-del-rei","tag-saude"],"_links":{"self":[{"href":"http:\/\/jornalismo.ufsj.edu.br\/van\/wp-json\/wp\/v2\/posts\/16013","targetHints":{"allow":["GET"]}}],"collection":[{"href":"http:\/\/jornalismo.ufsj.edu.br\/van\/wp-json\/wp\/v2\/posts"}],"about":[{"href":"http:\/\/jornalismo.ufsj.edu.br\/van\/wp-json\/wp\/v2\/types\/post"}],"author":[{"embeddable":true,"href":"http:\/\/jornalismo.ufsj.edu.br\/van\/wp-json\/wp\/v2\/users\/2"}],"replies":[{"embeddable":true,"href":"http:\/\/jornalismo.ufsj.edu.br\/van\/wp-json\/wp\/v2\/comments?post=16013"}],"version-history":[{"count":2,"href":"http:\/\/jornalismo.ufsj.edu.br\/van\/wp-json\/wp\/v2\/posts\/16013\/revisions"}],"predecessor-version":[{"id":16018,"href":"http:\/\/jornalismo.ufsj.edu.br\/van\/wp-json\/wp\/v2\/posts\/16013\/revisions\/16018"}],"wp:featuredmedia":[{"embeddable":true,"href":"http:\/\/jornalismo.ufsj.edu.br\/van\/wp-json\/wp\/v2\/media\/15104"}],"wp:attachment":[{"href":"http:\/\/jornalismo.ufsj.edu.br\/van\/wp-json\/wp\/v2\/media?parent=16013"}],"wp:term":[{"taxonomy":"category","embeddable":true,"href":"http:\/\/jornalismo.ufsj.edu.br\/van\/wp-json\/wp\/v2\/categories?post=16013"},{"taxonomy":"post_tag","embeddable":true,"href":"http:\/\/jornalismo.ufsj.edu.br\/van\/wp-json\/wp\/v2\/tags?post=16013"}],"curies":[{"name":"wp","href":"https:\/\/api.w.org\/{rel}","templated":true}]}}