{"id":15819,"date":"2025-12-10T09:16:00","date_gmt":"2025-12-10T12:16:00","guid":{"rendered":"https:\/\/jornalismo.ufsj.edu.br\/van\/?p=15819"},"modified":"2025-12-13T00:14:24","modified_gmt":"2025-12-13T03:14:24","slug":"apae-sao-joao-del-rei-expoe-quadros-de-assistidos-no-centro-cultural-da-ufsj","status":"publish","type":"post","link":"http:\/\/jornalismo.ufsj.edu.br\/van\/apae-sao-joao-del-rei-expoe-quadros-de-assistidos-no-centro-cultural-da-ufsj\/","title":{"rendered":"APAExonados: Em S\u00e3o Jo\u00e3o del-Rei, assistidos da APAE exp\u00f5em seus quadros no Centro Cultural da UFSJ"},"content":{"rendered":"\n<p class=\"has-text-align-right\">Por Ana Julia Barbosa<\/p>\n\n\n\n<p class=\"has-text-align-left\">Entre os dias 27 de novembro e 13 de dezembro, a Mostra Vest\u00edgios estar\u00e1 ativa com a exibi\u00e7\u00e3o de quadros produzidos pelos assistidos da APAE de S\u00e3o Jo\u00e3o del-Rei. A proposta da a\u00e7\u00e3o instalada no Centro Cultural da UFSJ, localizado no Largo da Baronesa, \u00e9 levar o trabalho realizado a p\u00fablico e, tamb\u00e9m, propiciar a aquisi\u00e7\u00e3o das obras, auxiliando na compra de novos materiais para a institui\u00e7\u00e3o.<\/p>\n\n\n\n<p>Guilherme Ariote, oficineiro respons\u00e1vel pelo projeto, explica que a ideia de alinhar a exposi\u00e7\u00e3o com a mostra surgiu de uma professora da universidade que, por meio de outros trabalhos junto \u00e0 APAE, conheceu a oficina e fez o convite.<\/p>\n\n\n\n<p>Guilherme atua com arteterapia utilizando materiais reciclados, como madeira, telhas e restos de papel\u00e3o. Ele conta que os alunos t\u00eam o sonho de pintar em telas com materiais profissionais, mas enquanto isso n\u00e3o \u00e9 poss\u00edvel, pintam com o que t\u00eam: \u201cN\u00e3o vamos ficar esperando. Vamos pintar em qualquer superf\u00edcie que a gente puder trabalhar com a tinta guache, que \u00e9 a que usamos. Pintamos em cer\u00e2mica, madeira, papel\u00e3o\u2026 E buscamos parcerias e doa\u00e7\u00f5es para continuar, porque \u00e9 muito dif\u00edcil fazer tudo sozinho\u201d.<\/p>\n\n\n\n<p>O artista tamb\u00e9m comenta que expor os quadros era um desejo antigo dos assistidos: \u201cEles tinham o sonho de estar no projeto. O anseio \u00e9 exibir em lugares p\u00fablicos, mostrar \u00e0s pessoas que todos t\u00eam direito \u00e0 escola e a expor sua arte\u201d. Ele ressalta que j\u00e1 conseguiram apresentar trabalhos em outros eventos, mas a vontade de mostrar a arte s\u00f3 cresce entre os alunos da APAE, que ficam felizes em ver o reconhecimento. \u201cMesmo j\u00e1 tendo realizado esse sonho, eles querem mais. Querem expor em outros espa\u00e7os, como o Casar\u00e3o do Largo Tamandar\u00e9. Onde houver necessidade de levar arte, eles querem ir, e assim, serem reconhecidos tamb\u00e9m\u201d, diz.<\/p>\n\n\n\n<p>No final da mostra, um lembrete na parede destaca a necessidade do projeto de materiais. A associa\u00e7\u00e3o aceita doa\u00e7\u00f5es de folhas de Eucatex, de tinta \u00e0 base d\u2019\u00e1gua branca (18 L), de tubos de cola branca, verniz incolor, pinc\u00e9is variados (n\u00ba 22, 18, 14 e 15), tintas guache ou t\u00eampera Acrilex (branco, vermelho, amarelo, marrom e preto), tintas para tecido (branca e preta) e de tinta met\u00e1lica Decorfiz ouro 393. O p\u00fablico visitante tamb\u00e9m pode ajudar adquirindo uma das obras expostas no local.\u00a0<\/p>\n\n\n\n<h2 class=\"wp-block-heading has-text-align-left\">Confira agora algumas fotos da exposi\u00e7\u00e3o!<\/h2>\n\n\n\n<div style=\"height:20px\" aria-hidden=\"true\" class=\"wp-block-spacer\"><\/div>\n\n\n\n<figure class=\"wp-block-gallery has-nested-images columns-default is-cropped wp-block-gallery-1 is-layout-flex wp-block-gallery-is-layout-flex\">\n<figure class=\"wp-block-image size-large\"><img loading=\"lazy\" decoding=\"async\" width=\"352\" height=\"508\" data-id=\"15821\" src=\"https:\/\/jornalismo.ufsj.edu.br\/van\/wp-content\/uploads\/2025\/12\/apae-9.png\" alt=\"\" class=\"wp-image-15821\" srcset=\"http:\/\/jornalismo.ufsj.edu.br\/van\/wp-content\/uploads\/2025\/12\/apae-9.png 352w, http:\/\/jornalismo.ufsj.edu.br\/van\/wp-content\/uploads\/2025\/12\/apae-9-208x300.png 208w\" sizes=\"auto, (max-width: 352px) 100vw, 352px\" \/><figcaption class=\"wp-element-caption\">Foto: Ana Julia Barbosa<\/figcaption><\/figure>\n\n\n\n<figure class=\"wp-block-image size-large\"><img loading=\"lazy\" decoding=\"async\" width=\"318\" height=\"492\" data-id=\"15826\" src=\"https:\/\/jornalismo.ufsj.edu.br\/van\/wp-content\/uploads\/2025\/12\/apae-4.png\" alt=\"\" class=\"wp-image-15826\" srcset=\"http:\/\/jornalismo.ufsj.edu.br\/van\/wp-content\/uploads\/2025\/12\/apae-4.png 318w, http:\/\/jornalismo.ufsj.edu.br\/van\/wp-content\/uploads\/2025\/12\/apae-4-194x300.png 194w\" sizes=\"auto, (max-width: 318px) 100vw, 318px\" \/><figcaption class=\"wp-element-caption\">Foto: Ana Julia Barbosa<\/figcaption><\/figure>\n\n\n\n<figure class=\"wp-block-image size-large\"><img loading=\"lazy\" decoding=\"async\" width=\"348\" height=\"434\" data-id=\"15823\" src=\"https:\/\/jornalismo.ufsj.edu.br\/van\/wp-content\/uploads\/2025\/12\/apae-7.png\" alt=\"\" class=\"wp-image-15823\" srcset=\"http:\/\/jornalismo.ufsj.edu.br\/van\/wp-content\/uploads\/2025\/12\/apae-7.png 348w, http:\/\/jornalismo.ufsj.edu.br\/van\/wp-content\/uploads\/2025\/12\/apae-7-241x300.png 241w\" sizes=\"auto, (max-width: 348px) 100vw, 348px\" \/><figcaption class=\"wp-element-caption\">Foto: Guilherme Ariote<\/figcaption><\/figure>\n\n\n\n<figure class=\"wp-block-image size-full\"><img loading=\"lazy\" decoding=\"async\" width=\"406\" height=\"531\" data-id=\"15832\" src=\"https:\/\/jornalismo.ufsj.edu.br\/van\/wp-content\/uploads\/2025\/12\/apae-ultima.png\" alt=\"\" class=\"wp-image-15832\" srcset=\"http:\/\/jornalismo.ufsj.edu.br\/van\/wp-content\/uploads\/2025\/12\/apae-ultima.png 406w, http:\/\/jornalismo.ufsj.edu.br\/van\/wp-content\/uploads\/2025\/12\/apae-ultima-229x300.png 229w\" sizes=\"auto, (max-width: 406px) 100vw, 406px\" \/><figcaption class=\"wp-element-caption\">Foto: Guilherme Ariote<\/figcaption><\/figure>\n\n\n\n<figure class=\"wp-block-image size-large\"><img loading=\"lazy\" decoding=\"async\" width=\"331\" height=\"465\" data-id=\"15825\" src=\"https:\/\/jornalismo.ufsj.edu.br\/van\/wp-content\/uploads\/2025\/12\/apae-5.png\" alt=\"\" class=\"wp-image-15825\" srcset=\"http:\/\/jornalismo.ufsj.edu.br\/van\/wp-content\/uploads\/2025\/12\/apae-5.png 331w, http:\/\/jornalismo.ufsj.edu.br\/van\/wp-content\/uploads\/2025\/12\/apae-5-214x300.png 214w\" sizes=\"auto, (max-width: 331px) 100vw, 331px\" \/><figcaption class=\"wp-element-caption\">Foto: Ana Julia Barbosa<\/figcaption><\/figure>\n\n\n\n<figure class=\"wp-block-image size-large\"><img loading=\"lazy\" decoding=\"async\" width=\"391\" height=\"524\" data-id=\"15824\" src=\"https:\/\/jornalismo.ufsj.edu.br\/van\/wp-content\/uploads\/2025\/12\/apae-6.png\" alt=\"\" class=\"wp-image-15824\" srcset=\"http:\/\/jornalismo.ufsj.edu.br\/van\/wp-content\/uploads\/2025\/12\/apae-6.png 391w, http:\/\/jornalismo.ufsj.edu.br\/van\/wp-content\/uploads\/2025\/12\/apae-6-224x300.png 224w\" sizes=\"auto, (max-width: 391px) 100vw, 391px\" \/><figcaption class=\"wp-element-caption\">Foto: Guilherme Ariote<\/figcaption><\/figure>\n\n\n\n<figure class=\"wp-block-image size-large\"><img loading=\"lazy\" decoding=\"async\" width=\"319\" height=\"489\" data-id=\"15827\" src=\"https:\/\/jornalismo.ufsj.edu.br\/van\/wp-content\/uploads\/2025\/12\/apae-3.png\" alt=\"\" class=\"wp-image-15827\" srcset=\"http:\/\/jornalismo.ufsj.edu.br\/van\/wp-content\/uploads\/2025\/12\/apae-3.png 319w, http:\/\/jornalismo.ufsj.edu.br\/van\/wp-content\/uploads\/2025\/12\/apae-3-196x300.png 196w\" sizes=\"auto, (max-width: 319px) 100vw, 319px\" \/><figcaption class=\"wp-element-caption\">Foto: Ana Julia Barbosa<\/figcaption><\/figure>\n\n\n\n<figure class=\"wp-block-image size-large\"><img loading=\"lazy\" decoding=\"async\" width=\"414\" height=\"520\" data-id=\"15828\" src=\"https:\/\/jornalismo.ufsj.edu.br\/van\/wp-content\/uploads\/2025\/12\/apae-2.png\" alt=\"\" class=\"wp-image-15828\" srcset=\"http:\/\/jornalismo.ufsj.edu.br\/van\/wp-content\/uploads\/2025\/12\/apae-2.png 414w, http:\/\/jornalismo.ufsj.edu.br\/van\/wp-content\/uploads\/2025\/12\/apae-2-239x300.png 239w\" sizes=\"auto, (max-width: 414px) 100vw, 414px\" \/><figcaption class=\"wp-element-caption\">Foto: Ana Julia Barbosa<\/figcaption><\/figure>\n\n\n\n<figure class=\"wp-block-image size-large\"><img loading=\"lazy\" decoding=\"async\" width=\"321\" height=\"500\" data-id=\"15829\" src=\"https:\/\/jornalismo.ufsj.edu.br\/van\/wp-content\/uploads\/2025\/12\/apae-1-1.png\" alt=\"\" class=\"wp-image-15829\" srcset=\"http:\/\/jornalismo.ufsj.edu.br\/van\/wp-content\/uploads\/2025\/12\/apae-1-1.png 321w, http:\/\/jornalismo.ufsj.edu.br\/van\/wp-content\/uploads\/2025\/12\/apae-1-1-193x300.png 193w\" sizes=\"auto, (max-width: 321px) 100vw, 321px\" \/><figcaption class=\"wp-element-caption\">Foto: Rafaela Andrade<\/figcaption><\/figure>\n<\/figure>\n\n\n\n<div style=\"height:15px\" aria-hidden=\"true\" class=\"wp-block-spacer\"><\/div>\n\n\n<div class=\"wp-block-image\">\n<figure class=\"aligncenter size-full is-resized\"><img loading=\"lazy\" decoding=\"async\" width=\"475\" height=\"313\" src=\"http:\/\/jornalismo.ufsj.edu.br\/van\/wp-content\/uploads\/2025\/12\/apae-8.png\" alt=\"\" class=\"wp-image-15822\" style=\"aspect-ratio:1.5176476461484698;width:712px;height:auto\" srcset=\"http:\/\/jornalismo.ufsj.edu.br\/van\/wp-content\/uploads\/2025\/12\/apae-8.png 475w, http:\/\/jornalismo.ufsj.edu.br\/van\/wp-content\/uploads\/2025\/12\/apae-8-300x198.png 300w\" sizes=\"auto, (max-width: 475px) 100vw, 475px\" \/><figcaption class=\"wp-element-caption\">Projeto de musicoterapia e arteterapia. Foto: Guilherme Ariote\u00a0<br><\/figcaption><\/figure>\n<\/div>","protected":false},"excerpt":{"rendered":"<p>Dos dias 27 de novembro a 13 de dezembro, a Mostra Vest\u00edgios ocorrer\u00e1 com a exibi\u00e7\u00e3o de quadros produzidos por assistidos da APAE de S\u00e3o Jo\u00e3o del-Rei.<br \/>\nA a\u00e7\u00e3o instalada no Centro Cultural da UFSJ, localizado no Largo da Baronesa, visa  levar o trabalho realizado a p\u00fablico e, tamb\u00e9m,propiciar a aquisi\u00e7\u00e3o das obras, auxiliando na compra de novos materiais. <\/p>\n","protected":false},"author":2,"featured_media":15822,"comment_status":"closed","ping_status":"open","sticky":false,"template":"","format":"standard","meta":{"_monsterinsights_skip_tracking":false,"_monsterinsights_sitenote_active":false,"_monsterinsights_sitenote_note":"","_monsterinsights_sitenote_category":0,"_themeisle_gutenberg_block_has_review":false,"cybocfi_hide_featured_image":"yes","footnotes":""},"categories":[794,765,696,109,1],"tags":[679,152,14],"class_list":["post-15819","post","type-post","status-publish","format-standard","has-post-thumbnail","hentry","category-apaexonados","category-arte","category-cidadania","category-sao-joao-del-rei-microrregiao-de-sao-joao-del-rei","category-sem-categoria","tag-apae","tag-cultura","tag-sao-joao-del-rei"],"_links":{"self":[{"href":"http:\/\/jornalismo.ufsj.edu.br\/van\/wp-json\/wp\/v2\/posts\/15819","targetHints":{"allow":["GET"]}}],"collection":[{"href":"http:\/\/jornalismo.ufsj.edu.br\/van\/wp-json\/wp\/v2\/posts"}],"about":[{"href":"http:\/\/jornalismo.ufsj.edu.br\/van\/wp-json\/wp\/v2\/types\/post"}],"author":[{"embeddable":true,"href":"http:\/\/jornalismo.ufsj.edu.br\/van\/wp-json\/wp\/v2\/users\/2"}],"replies":[{"embeddable":true,"href":"http:\/\/jornalismo.ufsj.edu.br\/van\/wp-json\/wp\/v2\/comments?post=15819"}],"version-history":[{"count":3,"href":"http:\/\/jornalismo.ufsj.edu.br\/van\/wp-json\/wp\/v2\/posts\/15819\/revisions"}],"predecessor-version":[{"id":15845,"href":"http:\/\/jornalismo.ufsj.edu.br\/van\/wp-json\/wp\/v2\/posts\/15819\/revisions\/15845"}],"wp:featuredmedia":[{"embeddable":true,"href":"http:\/\/jornalismo.ufsj.edu.br\/van\/wp-json\/wp\/v2\/media\/15822"}],"wp:attachment":[{"href":"http:\/\/jornalismo.ufsj.edu.br\/van\/wp-json\/wp\/v2\/media?parent=15819"}],"wp:term":[{"taxonomy":"category","embeddable":true,"href":"http:\/\/jornalismo.ufsj.edu.br\/van\/wp-json\/wp\/v2\/categories?post=15819"},{"taxonomy":"post_tag","embeddable":true,"href":"http:\/\/jornalismo.ufsj.edu.br\/van\/wp-json\/wp\/v2\/tags?post=15819"}],"curies":[{"name":"wp","href":"https:\/\/api.w.org\/{rel}","templated":true}]}}