{"id":15800,"date":"2025-12-08T08:46:00","date_gmt":"2025-12-08T11:46:00","guid":{"rendered":"https:\/\/jornalismo.ufsj.edu.br\/van\/?p=15800"},"modified":"2025-12-09T16:18:48","modified_gmt":"2025-12-09T19:18:48","slug":"aniversario-de-sao-joao-del-rei-um-sentimento-compartilhado-entre-quem-nasce-chega-e-fica","status":"publish","type":"post","link":"http:\/\/jornalismo.ufsj.edu.br\/van\/aniversario-de-sao-joao-del-rei-um-sentimento-compartilhado-entre-quem-nasce-chega-e-fica\/","title":{"rendered":"Anivers\u00e1rio de S\u00e3o Jo\u00e3o del-Rei: Um sentimento compartilhado entre quem nasce, chega e fica \u00a0"},"content":{"rendered":"\n<p class=\"has-text-align-right\"><strong>Por Rafael Silviano<\/strong><\/p>\n\n\n\n<div style=\"height:15px\" aria-hidden=\"true\" class=\"wp-block-spacer\"><\/div>\n\n\n<div class=\"wp-block-image\">\n<figure class=\"aligncenter size-large is-resized\"><img loading=\"lazy\" decoding=\"async\" width=\"2560\" height=\"2560\" src=\"https:\/\/jornalismo.ufsj.edu.br\/van\/wp-content\/uploads\/2025\/12\/foto-de-Gabrielli-Caldeira-36-edited-scaled.jpeg\" alt=\"\" class=\"wp-image-15802\" style=\"width:475px;height:auto\" srcset=\"http:\/\/jornalismo.ufsj.edu.br\/van\/wp-content\/uploads\/2025\/12\/foto-de-Gabrielli-Caldeira-36-edited-scaled.jpeg 2560w, http:\/\/jornalismo.ufsj.edu.br\/van\/wp-content\/uploads\/2025\/12\/foto-de-Gabrielli-Caldeira-36-edited-300x300.jpeg 300w, http:\/\/jornalismo.ufsj.edu.br\/van\/wp-content\/uploads\/2025\/12\/foto-de-Gabrielli-Caldeira-36-edited-1024x1024.jpeg 1024w, http:\/\/jornalismo.ufsj.edu.br\/van\/wp-content\/uploads\/2025\/12\/foto-de-Gabrielli-Caldeira-36-edited-150x150.jpeg 150w, http:\/\/jornalismo.ufsj.edu.br\/van\/wp-content\/uploads\/2025\/12\/foto-de-Gabrielli-Caldeira-36-edited-768x768.jpeg 768w, http:\/\/jornalismo.ufsj.edu.br\/van\/wp-content\/uploads\/2025\/12\/foto-de-Gabrielli-Caldeira-36-edited-1536x1536.jpeg 1536w, http:\/\/jornalismo.ufsj.edu.br\/van\/wp-content\/uploads\/2025\/12\/foto-de-Gabrielli-Caldeira-36-edited-2048x2048.jpeg 2048w\" sizes=\"auto, (max-width: 2560px) 100vw, 2560px\" \/><figcaption class=\"wp-element-caption\">Foto: Reportagem VAN (Gabrielli Caldeira)<\/figcaption><\/figure>\n<\/div>\n\n\n<div style=\"height:15px\" aria-hidden=\"true\" class=\"wp-block-spacer\"><\/div>\n\n\n\n<p>S\u00e3o Jo\u00e3o del-Rei acordou diferente no dia do seu anivers\u00e1rio de 312 anos. As ruas de pedra parecem guardar ainda mais hist\u00f3rias do que de costume, como se cada passo lembrasse ao morador que a cidade n\u00e3o \u00e9 s\u00f3 cen\u00e1rio, \u00e9 personagem. No vai e vem apressado do Centro, entre buzinas, sinos e conversas atravessadas, a celebra\u00e7\u00e3o se mistura com a rotina, mostrando que aqui o passado e o presente andam juntos, sem pedir licen\u00e7a.<\/p>\n\n\n\n<p>As igrejas, com seus altares dourados e fachadas imponentes, continuam sendo cart\u00f5es-postais vivos dessa cidade barroca. A Catedral do Pilar, a Igreja de S\u00e3o Francisco e tantas outras n\u00e3o s\u00e3o apenas pontos tur\u00edsticos: s\u00e3o lugares de encontros, de f\u00e9 e de mem\u00f3ria. Ao redor delas, os casar\u00f5es antigos resistem ao tempo, enquanto as janelas parecem observar, silenciosas, as mudan\u00e7as de gera\u00e7\u00e3o em gera\u00e7\u00e3o.<\/p>\n\n\n\n<p>Mas S\u00e3o Jo\u00e3o del-Rei n\u00e3o \u00e9 feita s\u00f3 de pedra, madeira e sino. Ela tamb\u00e9m \u00e9 feita de gente. Gente que conversa alto na feira, que se cumprimenta na esquina, que reclama do tr\u00e2nsito e elogia a comida do restaurante do bairro. O povo s\u00e3o-joanense carrega um jeito pr\u00f3prio de viver, simples e acolhedor, como quem j\u00e1 aprendeu que viver em cidade hist\u00f3rica \u00e9 conviver, todos os dias, com a lembran\u00e7a do que j\u00e1 foi.<\/p>\n\n\n\n<p>Nos trilhos da Maria-Fuma\u00e7a, que ainda corta parte do caminho at\u00e9 Tiradentes, vai muito mais do que um passeio tur\u00edstico. Vai a mem\u00f3ria de um tempo em que o trem era o principal elo com outras cidades, levando sonhos, mercadorias e despedidas. Hoje, ele leva tamb\u00e9m fotos, curiosidade e orgulho de quem v\u00ea naquela fuma\u00e7a um peda\u00e7o da pr\u00f3pria identidade.<\/p>\n\n\n\n<p>As rep\u00fablicas estudantis, os bares cheios \u00e0 noite e os eventos culturais mostram que S\u00e3o Jo\u00e3o del-Rei tamb\u00e9m \u00e9 jovem. A cidade universit\u00e1ria pulsa entre livros, m\u00fasicas, debates e festas, criando novas hist\u00f3rias sobre um ch\u00e3o antigo. \u00c9 nesse contraste entre o novo e o velho que a cidade se reinventa, sem perder a ess\u00eancia.<\/p>\n\n\n\n<p>Aos 312 anos, S\u00e3o Jo\u00e3o del-Rei n\u00e3o \u00e9 apenas uma data no calend\u00e1rio, mas um conjunto de afetos, mem\u00f3rias e resist\u00eancias. \u00c9 a cidade que ensina hist\u00f3ria fora do livro, que constr\u00f3i rela\u00e7\u00f5es no cotidiano e que mostra, a cada anivers\u00e1rio, que patrim\u00f4nio n\u00e3o \u00e9 s\u00f3 o que se v\u00ea, mas tamb\u00e9m o que se sente. E talvez seja isso que fa\u00e7a dela mais do que um lugar: um sentimento compartilhado entre quem nasce, chega e fica.<\/p>\n\n\n\n<h3 class=\"wp-block-heading\">Confira agora aspectos que detalham o cotidiano, o territ\u00f3rio e povo s\u00e3o-joanense!<\/h3>\n\n\n\n<h5 class=\"wp-block-heading has-text-align-right\"><strong>Fotos por: Rafaela Tarsitani, Lucas Sim\u00f5es e Gabrielli Caldeira<\/strong><\/h5>\n\n\n\n<div style=\"height:20px\" aria-hidden=\"true\" class=\"wp-block-spacer\"><\/div>\n\n\n\n<figure class=\"wp-block-gallery has-nested-images columns-default is-cropped wp-block-gallery-1 is-layout-flex wp-block-gallery-is-layout-flex\">\n<figure class=\"wp-block-image size-large\"><img loading=\"lazy\" decoding=\"async\" width=\"683\" height=\"1024\" data-id=\"15803\" src=\"https:\/\/jornalismo.ufsj.edu.br\/van\/wp-content\/uploads\/2025\/12\/IMG_9551-683x1024.jpeg\" alt=\"\" class=\"wp-image-15803\" srcset=\"http:\/\/jornalismo.ufsj.edu.br\/van\/wp-content\/uploads\/2025\/12\/IMG_9551-683x1024.jpeg 683w, http:\/\/jornalismo.ufsj.edu.br\/van\/wp-content\/uploads\/2025\/12\/IMG_9551-200x300.jpeg 200w, http:\/\/jornalismo.ufsj.edu.br\/van\/wp-content\/uploads\/2025\/12\/IMG_9551-768x1152.jpeg 768w, http:\/\/jornalismo.ufsj.edu.br\/van\/wp-content\/uploads\/2025\/12\/IMG_9551-1024x1536.jpeg 1024w, http:\/\/jornalismo.ufsj.edu.br\/van\/wp-content\/uploads\/2025\/12\/IMG_9551-1365x2048.jpeg 1365w, http:\/\/jornalismo.ufsj.edu.br\/van\/wp-content\/uploads\/2025\/12\/IMG_9551-scaled.jpeg 1707w\" sizes=\"auto, (max-width: 683px) 100vw, 683px\" \/><\/figure>\n\n\n\n<figure class=\"wp-block-image size-large\"><img loading=\"lazy\" decoding=\"async\" width=\"1024\" height=\"683\" data-id=\"15804\" src=\"https:\/\/jornalismo.ufsj.edu.br\/van\/wp-content\/uploads\/2025\/12\/IMG_9526-1024x683.jpeg\" alt=\"\" class=\"wp-image-15804\" srcset=\"http:\/\/jornalismo.ufsj.edu.br\/van\/wp-content\/uploads\/2025\/12\/IMG_9526-1024x683.jpeg 1024w, http:\/\/jornalismo.ufsj.edu.br\/van\/wp-content\/uploads\/2025\/12\/IMG_9526-300x200.jpeg 300w, http:\/\/jornalismo.ufsj.edu.br\/van\/wp-content\/uploads\/2025\/12\/IMG_9526-768x512.jpeg 768w, http:\/\/jornalismo.ufsj.edu.br\/van\/wp-content\/uploads\/2025\/12\/IMG_9526-1536x1024.jpeg 1536w, http:\/\/jornalismo.ufsj.edu.br\/van\/wp-content\/uploads\/2025\/12\/IMG_9526-2048x1365.jpeg 2048w, http:\/\/jornalismo.ufsj.edu.br\/van\/wp-content\/uploads\/2025\/12\/IMG_9526-900x600.jpeg 900w\" sizes=\"auto, (max-width: 1024px) 100vw, 1024px\" \/><\/figure>\n\n\n\n<figure class=\"wp-block-image size-large\"><img loading=\"lazy\" decoding=\"async\" width=\"1024\" height=\"683\" data-id=\"15805\" src=\"https:\/\/jornalismo.ufsj.edu.br\/van\/wp-content\/uploads\/2025\/12\/IMG_9951-1024x683.jpeg\" alt=\"\" class=\"wp-image-15805\" srcset=\"http:\/\/jornalismo.ufsj.edu.br\/van\/wp-content\/uploads\/2025\/12\/IMG_9951-1024x683.jpeg 1024w, http:\/\/jornalismo.ufsj.edu.br\/van\/wp-content\/uploads\/2025\/12\/IMG_9951-300x200.jpeg 300w, http:\/\/jornalismo.ufsj.edu.br\/van\/wp-content\/uploads\/2025\/12\/IMG_9951-768x512.jpeg 768w, http:\/\/jornalismo.ufsj.edu.br\/van\/wp-content\/uploads\/2025\/12\/IMG_9951-1536x1024.jpeg 1536w, http:\/\/jornalismo.ufsj.edu.br\/van\/wp-content\/uploads\/2025\/12\/IMG_9951-2048x1365.jpeg 2048w, http:\/\/jornalismo.ufsj.edu.br\/van\/wp-content\/uploads\/2025\/12\/IMG_9951-900x600.jpeg 900w\" sizes=\"auto, (max-width: 1024px) 100vw, 1024px\" \/><\/figure>\n\n\n\n<figure class=\"wp-block-image size-large\"><img loading=\"lazy\" decoding=\"async\" width=\"1024\" height=\"683\" data-id=\"15806\" src=\"https:\/\/jornalismo.ufsj.edu.br\/van\/wp-content\/uploads\/2025\/12\/IMG_9745-1024x683.jpeg\" alt=\"\" class=\"wp-image-15806\" srcset=\"http:\/\/jornalismo.ufsj.edu.br\/van\/wp-content\/uploads\/2025\/12\/IMG_9745-1024x683.jpeg 1024w, http:\/\/jornalismo.ufsj.edu.br\/van\/wp-content\/uploads\/2025\/12\/IMG_9745-300x200.jpeg 300w, http:\/\/jornalismo.ufsj.edu.br\/van\/wp-content\/uploads\/2025\/12\/IMG_9745-768x512.jpeg 768w, http:\/\/jornalismo.ufsj.edu.br\/van\/wp-content\/uploads\/2025\/12\/IMG_9745-1536x1024.jpeg 1536w, http:\/\/jornalismo.ufsj.edu.br\/van\/wp-content\/uploads\/2025\/12\/IMG_9745-2048x1365.jpeg 2048w, http:\/\/jornalismo.ufsj.edu.br\/van\/wp-content\/uploads\/2025\/12\/IMG_9745-900x600.jpeg 900w\" sizes=\"auto, (max-width: 1024px) 100vw, 1024px\" \/><\/figure>\n\n\n\n<figure class=\"wp-block-image size-large\"><img loading=\"lazy\" decoding=\"async\" width=\"683\" height=\"1024\" data-id=\"15808\" src=\"https:\/\/jornalismo.ufsj.edu.br\/van\/wp-content\/uploads\/2025\/12\/foto-de-Gabrielli-Caldeira-40-683x1024.jpeg\" alt=\"\" class=\"wp-image-15808\" srcset=\"http:\/\/jornalismo.ufsj.edu.br\/van\/wp-content\/uploads\/2025\/12\/foto-de-Gabrielli-Caldeira-40-683x1024.jpeg 683w, http:\/\/jornalismo.ufsj.edu.br\/van\/wp-content\/uploads\/2025\/12\/foto-de-Gabrielli-Caldeira-40-200x300.jpeg 200w, http:\/\/jornalismo.ufsj.edu.br\/van\/wp-content\/uploads\/2025\/12\/foto-de-Gabrielli-Caldeira-40-768x1152.jpeg 768w, http:\/\/jornalismo.ufsj.edu.br\/van\/wp-content\/uploads\/2025\/12\/foto-de-Gabrielli-Caldeira-40-1024x1536.jpeg 1024w, http:\/\/jornalismo.ufsj.edu.br\/van\/wp-content\/uploads\/2025\/12\/foto-de-Gabrielli-Caldeira-40-1365x2048.jpeg 1365w, http:\/\/jornalismo.ufsj.edu.br\/van\/wp-content\/uploads\/2025\/12\/foto-de-Gabrielli-Caldeira-40-scaled.jpeg 1707w\" sizes=\"auto, (max-width: 683px) 100vw, 683px\" \/><\/figure>\n\n\n\n<figure class=\"wp-block-image size-large\"><img loading=\"lazy\" decoding=\"async\" width=\"1024\" height=\"683\" data-id=\"15809\" src=\"https:\/\/jornalismo.ufsj.edu.br\/van\/wp-content\/uploads\/2025\/12\/foto-de-Gabrielli-Caldeira-42-1024x683.jpeg\" alt=\"\" class=\"wp-image-15809\" srcset=\"http:\/\/jornalismo.ufsj.edu.br\/van\/wp-content\/uploads\/2025\/12\/foto-de-Gabrielli-Caldeira-42-1024x683.jpeg 1024w, http:\/\/jornalismo.ufsj.edu.br\/van\/wp-content\/uploads\/2025\/12\/foto-de-Gabrielli-Caldeira-42-300x200.jpeg 300w, http:\/\/jornalismo.ufsj.edu.br\/van\/wp-content\/uploads\/2025\/12\/foto-de-Gabrielli-Caldeira-42-768x512.jpeg 768w, http:\/\/jornalismo.ufsj.edu.br\/van\/wp-content\/uploads\/2025\/12\/foto-de-Gabrielli-Caldeira-42-1536x1024.jpeg 1536w, http:\/\/jornalismo.ufsj.edu.br\/van\/wp-content\/uploads\/2025\/12\/foto-de-Gabrielli-Caldeira-42-2048x1365.jpeg 2048w, http:\/\/jornalismo.ufsj.edu.br\/van\/wp-content\/uploads\/2025\/12\/foto-de-Gabrielli-Caldeira-42-900x600.jpeg 900w\" sizes=\"auto, (max-width: 1024px) 100vw, 1024px\" \/><\/figure>\n\n\n\n<figure class=\"wp-block-image size-large\"><img loading=\"lazy\" decoding=\"async\" width=\"683\" height=\"1024\" data-id=\"15810\" src=\"https:\/\/jornalismo.ufsj.edu.br\/van\/wp-content\/uploads\/2025\/12\/foto-de-Gabrielli-Caldeira-44-683x1024.jpeg\" alt=\"\" class=\"wp-image-15810\" srcset=\"http:\/\/jornalismo.ufsj.edu.br\/van\/wp-content\/uploads\/2025\/12\/foto-de-Gabrielli-Caldeira-44-683x1024.jpeg 683w, http:\/\/jornalismo.ufsj.edu.br\/van\/wp-content\/uploads\/2025\/12\/foto-de-Gabrielli-Caldeira-44-200x300.jpeg 200w, http:\/\/jornalismo.ufsj.edu.br\/van\/wp-content\/uploads\/2025\/12\/foto-de-Gabrielli-Caldeira-44-768x1152.jpeg 768w, http:\/\/jornalismo.ufsj.edu.br\/van\/wp-content\/uploads\/2025\/12\/foto-de-Gabrielli-Caldeira-44-1024x1536.jpeg 1024w, http:\/\/jornalismo.ufsj.edu.br\/van\/wp-content\/uploads\/2025\/12\/foto-de-Gabrielli-Caldeira-44-1365x2048.jpeg 1365w, http:\/\/jornalismo.ufsj.edu.br\/van\/wp-content\/uploads\/2025\/12\/foto-de-Gabrielli-Caldeira-44-scaled.jpeg 1707w\" sizes=\"auto, (max-width: 683px) 100vw, 683px\" \/><\/figure>\n\n\n\n<figure class=\"wp-block-image size-large\"><img loading=\"lazy\" decoding=\"async\" width=\"1024\" height=\"683\" data-id=\"15812\" src=\"https:\/\/jornalismo.ufsj.edu.br\/van\/wp-content\/uploads\/2025\/12\/IMG_7044-1024x683.jpeg\" alt=\"\" class=\"wp-image-15812\" srcset=\"http:\/\/jornalismo.ufsj.edu.br\/van\/wp-content\/uploads\/2025\/12\/IMG_7044-1024x683.jpeg 1024w, http:\/\/jornalismo.ufsj.edu.br\/van\/wp-content\/uploads\/2025\/12\/IMG_7044-300x200.jpeg 300w, http:\/\/jornalismo.ufsj.edu.br\/van\/wp-content\/uploads\/2025\/12\/IMG_7044-768x512.jpeg 768w, http:\/\/jornalismo.ufsj.edu.br\/van\/wp-content\/uploads\/2025\/12\/IMG_7044-1536x1024.jpeg 1536w, http:\/\/jornalismo.ufsj.edu.br\/van\/wp-content\/uploads\/2025\/12\/IMG_7044-2048x1365.jpeg 2048w, http:\/\/jornalismo.ufsj.edu.br\/van\/wp-content\/uploads\/2025\/12\/IMG_7044-900x600.jpeg 900w\" sizes=\"auto, (max-width: 1024px) 100vw, 1024px\" \/><\/figure>\n\n\n\n<figure class=\"wp-block-image size-large\"><img loading=\"lazy\" decoding=\"async\" width=\"1024\" height=\"683\" data-id=\"15813\" src=\"https:\/\/jornalismo.ufsj.edu.br\/van\/wp-content\/uploads\/2025\/12\/foto-de-Gabrielli-Caldeira-32-1024x683.jpeg\" alt=\"\" class=\"wp-image-15813\" srcset=\"http:\/\/jornalismo.ufsj.edu.br\/van\/wp-content\/uploads\/2025\/12\/foto-de-Gabrielli-Caldeira-32-1024x683.jpeg 1024w, http:\/\/jornalismo.ufsj.edu.br\/van\/wp-content\/uploads\/2025\/12\/foto-de-Gabrielli-Caldeira-32-300x200.jpeg 300w, http:\/\/jornalismo.ufsj.edu.br\/van\/wp-content\/uploads\/2025\/12\/foto-de-Gabrielli-Caldeira-32-768x512.jpeg 768w, http:\/\/jornalismo.ufsj.edu.br\/van\/wp-content\/uploads\/2025\/12\/foto-de-Gabrielli-Caldeira-32-1536x1024.jpeg 1536w, http:\/\/jornalismo.ufsj.edu.br\/van\/wp-content\/uploads\/2025\/12\/foto-de-Gabrielli-Caldeira-32-2048x1365.jpeg 2048w, http:\/\/jornalismo.ufsj.edu.br\/van\/wp-content\/uploads\/2025\/12\/foto-de-Gabrielli-Caldeira-32-900x600.jpeg 900w\" sizes=\"auto, (max-width: 1024px) 100vw, 1024px\" \/><\/figure>\n\n\n\n<figure class=\"wp-block-image size-large\"><img loading=\"lazy\" decoding=\"async\" width=\"1024\" height=\"683\" data-id=\"15814\" src=\"https:\/\/jornalismo.ufsj.edu.br\/van\/wp-content\/uploads\/2025\/12\/foto-de-Gabrielli-Caldeira-29-1024x683.jpeg\" alt=\"\" class=\"wp-image-15814\" srcset=\"http:\/\/jornalismo.ufsj.edu.br\/van\/wp-content\/uploads\/2025\/12\/foto-de-Gabrielli-Caldeira-29-1024x683.jpeg 1024w, http:\/\/jornalismo.ufsj.edu.br\/van\/wp-content\/uploads\/2025\/12\/foto-de-Gabrielli-Caldeira-29-300x200.jpeg 300w, http:\/\/jornalismo.ufsj.edu.br\/van\/wp-content\/uploads\/2025\/12\/foto-de-Gabrielli-Caldeira-29-768x512.jpeg 768w, http:\/\/jornalismo.ufsj.edu.br\/van\/wp-content\/uploads\/2025\/12\/foto-de-Gabrielli-Caldeira-29-1536x1024.jpeg 1536w, http:\/\/jornalismo.ufsj.edu.br\/van\/wp-content\/uploads\/2025\/12\/foto-de-Gabrielli-Caldeira-29-2048x1365.jpeg 2048w, http:\/\/jornalismo.ufsj.edu.br\/van\/wp-content\/uploads\/2025\/12\/foto-de-Gabrielli-Caldeira-29-900x600.jpeg 900w\" sizes=\"auto, (max-width: 1024px) 100vw, 1024px\" \/><\/figure>\n\n\n\n<figure class=\"wp-block-image size-large\"><img loading=\"lazy\" decoding=\"async\" width=\"1024\" height=\"683\" data-id=\"15807\" src=\"https:\/\/jornalismo.ufsj.edu.br\/van\/wp-content\/uploads\/2025\/12\/IMG_9909-1024x683.jpeg\" alt=\"\" class=\"wp-image-15807\" srcset=\"http:\/\/jornalismo.ufsj.edu.br\/van\/wp-content\/uploads\/2025\/12\/IMG_9909-1024x683.jpeg 1024w, http:\/\/jornalismo.ufsj.edu.br\/van\/wp-content\/uploads\/2025\/12\/IMG_9909-300x200.jpeg 300w, http:\/\/jornalismo.ufsj.edu.br\/van\/wp-content\/uploads\/2025\/12\/IMG_9909-768x512.jpeg 768w, http:\/\/jornalismo.ufsj.edu.br\/van\/wp-content\/uploads\/2025\/12\/IMG_9909-1536x1024.jpeg 1536w, http:\/\/jornalismo.ufsj.edu.br\/van\/wp-content\/uploads\/2025\/12\/IMG_9909-2048x1365.jpeg 2048w, http:\/\/jornalismo.ufsj.edu.br\/van\/wp-content\/uploads\/2025\/12\/IMG_9909-900x600.jpeg 900w\" sizes=\"auto, (max-width: 1024px) 100vw, 1024px\" \/><\/figure>\n\n\n\n<figure class=\"wp-block-image size-large\"><img loading=\"lazy\" decoding=\"async\" width=\"1024\" height=\"683\" data-id=\"15815\" src=\"https:\/\/jornalismo.ufsj.edu.br\/van\/wp-content\/uploads\/2025\/12\/foto-de-Gabrielli-Caldeira-31-1024x683.jpeg\" alt=\"\" class=\"wp-image-15815\" srcset=\"http:\/\/jornalismo.ufsj.edu.br\/van\/wp-content\/uploads\/2025\/12\/foto-de-Gabrielli-Caldeira-31-1024x683.jpeg 1024w, http:\/\/jornalismo.ufsj.edu.br\/van\/wp-content\/uploads\/2025\/12\/foto-de-Gabrielli-Caldeira-31-300x200.jpeg 300w, http:\/\/jornalismo.ufsj.edu.br\/van\/wp-content\/uploads\/2025\/12\/foto-de-Gabrielli-Caldeira-31-768x512.jpeg 768w, http:\/\/jornalismo.ufsj.edu.br\/van\/wp-content\/uploads\/2025\/12\/foto-de-Gabrielli-Caldeira-31-1536x1024.jpeg 1536w, http:\/\/jornalismo.ufsj.edu.br\/van\/wp-content\/uploads\/2025\/12\/foto-de-Gabrielli-Caldeira-31-2048x1365.jpeg 2048w, http:\/\/jornalismo.ufsj.edu.br\/van\/wp-content\/uploads\/2025\/12\/foto-de-Gabrielli-Caldeira-31-900x600.jpeg 900w\" sizes=\"auto, (max-width: 1024px) 100vw, 1024px\" \/><\/figure>\n\n\n\n<figure class=\"wp-block-image size-large\"><img loading=\"lazy\" decoding=\"async\" width=\"1024\" height=\"683\" data-id=\"15811\" src=\"https:\/\/jornalismo.ufsj.edu.br\/van\/wp-content\/uploads\/2025\/12\/foto-de-Gabrielli-Caldeira-50-1024x683.jpeg\" alt=\"\" class=\"wp-image-15811\" srcset=\"http:\/\/jornalismo.ufsj.edu.br\/van\/wp-content\/uploads\/2025\/12\/foto-de-Gabrielli-Caldeira-50-1024x683.jpeg 1024w, http:\/\/jornalismo.ufsj.edu.br\/van\/wp-content\/uploads\/2025\/12\/foto-de-Gabrielli-Caldeira-50-300x200.jpeg 300w, http:\/\/jornalismo.ufsj.edu.br\/van\/wp-content\/uploads\/2025\/12\/foto-de-Gabrielli-Caldeira-50-768x512.jpeg 768w, http:\/\/jornalismo.ufsj.edu.br\/van\/wp-content\/uploads\/2025\/12\/foto-de-Gabrielli-Caldeira-50-1536x1024.jpeg 1536w, http:\/\/jornalismo.ufsj.edu.br\/van\/wp-content\/uploads\/2025\/12\/foto-de-Gabrielli-Caldeira-50-2048x1365.jpeg 2048w, http:\/\/jornalismo.ufsj.edu.br\/van\/wp-content\/uploads\/2025\/12\/foto-de-Gabrielli-Caldeira-50-900x600.jpeg 900w\" sizes=\"auto, (max-width: 1024px) 100vw, 1024px\" \/><\/figure>\n\n\n\n<figure class=\"wp-block-image size-large\"><img loading=\"lazy\" decoding=\"async\" width=\"1024\" height=\"683\" data-id=\"15817\" src=\"https:\/\/jornalismo.ufsj.edu.br\/van\/wp-content\/uploads\/2025\/12\/foto-de-Gabrielli-Caldeira-34-1024x683.jpeg\" alt=\"\" class=\"wp-image-15817\" srcset=\"http:\/\/jornalismo.ufsj.edu.br\/van\/wp-content\/uploads\/2025\/12\/foto-de-Gabrielli-Caldeira-34-1024x683.jpeg 1024w, http:\/\/jornalismo.ufsj.edu.br\/van\/wp-content\/uploads\/2025\/12\/foto-de-Gabrielli-Caldeira-34-300x200.jpeg 300w, http:\/\/jornalismo.ufsj.edu.br\/van\/wp-content\/uploads\/2025\/12\/foto-de-Gabrielli-Caldeira-34-768x512.jpeg 768w, http:\/\/jornalismo.ufsj.edu.br\/van\/wp-content\/uploads\/2025\/12\/foto-de-Gabrielli-Caldeira-34-1536x1024.jpeg 1536w, http:\/\/jornalismo.ufsj.edu.br\/van\/wp-content\/uploads\/2025\/12\/foto-de-Gabrielli-Caldeira-34-2048x1365.jpeg 2048w, http:\/\/jornalismo.ufsj.edu.br\/van\/wp-content\/uploads\/2025\/12\/foto-de-Gabrielli-Caldeira-34-900x600.jpeg 900w\" sizes=\"auto, (max-width: 1024px) 100vw, 1024px\" \/><\/figure>\n<\/figure>\n","protected":false},"excerpt":{"rendered":"<p>S\u00e3o Jo\u00e3o del-Rei acordou diferente no dia do seu anivers\u00e1rio de 312 anos. As ruas de pedra parecem guardar ainda mais hist\u00f3rias do que de costume, como se cada passo lembrasse ao morador que a cidade n\u00e3o \u00e9 s\u00f3 cen\u00e1rio, \u00e9 personagem.<br \/>\nConfira a cr\u00f4nica e o ensaio fotogr\u00e1fico comemorativo!<\/p>\n","protected":false},"author":2,"featured_media":15816,"comment_status":"closed","ping_status":"open","sticky":false,"template":"","format":"standard","meta":{"_monsterinsights_skip_tracking":false,"_monsterinsights_sitenote_active":false,"_monsterinsights_sitenote_note":"","_monsterinsights_sitenote_category":0,"_themeisle_gutenberg_block_has_review":false,"cybocfi_hide_featured_image":"yes","footnotes":""},"categories":[17,714,689,109],"tags":[152,14],"class_list":["post-15800","post","type-post","status-publish","format-standard","has-post-thumbnail","hentry","category-cidade","category-cronica-2","category-ensaio-fotografico","category-sao-joao-del-rei-microrregiao-de-sao-joao-del-rei","tag-cultura","tag-sao-joao-del-rei"],"_links":{"self":[{"href":"http:\/\/jornalismo.ufsj.edu.br\/van\/wp-json\/wp\/v2\/posts\/15800","targetHints":{"allow":["GET"]}}],"collection":[{"href":"http:\/\/jornalismo.ufsj.edu.br\/van\/wp-json\/wp\/v2\/posts"}],"about":[{"href":"http:\/\/jornalismo.ufsj.edu.br\/van\/wp-json\/wp\/v2\/types\/post"}],"author":[{"embeddable":true,"href":"http:\/\/jornalismo.ufsj.edu.br\/van\/wp-json\/wp\/v2\/users\/2"}],"replies":[{"embeddable":true,"href":"http:\/\/jornalismo.ufsj.edu.br\/van\/wp-json\/wp\/v2\/comments?post=15800"}],"version-history":[{"count":1,"href":"http:\/\/jornalismo.ufsj.edu.br\/van\/wp-json\/wp\/v2\/posts\/15800\/revisions"}],"predecessor-version":[{"id":15818,"href":"http:\/\/jornalismo.ufsj.edu.br\/van\/wp-json\/wp\/v2\/posts\/15800\/revisions\/15818"}],"wp:featuredmedia":[{"embeddable":true,"href":"http:\/\/jornalismo.ufsj.edu.br\/van\/wp-json\/wp\/v2\/media\/15816"}],"wp:attachment":[{"href":"http:\/\/jornalismo.ufsj.edu.br\/van\/wp-json\/wp\/v2\/media?parent=15800"}],"wp:term":[{"taxonomy":"category","embeddable":true,"href":"http:\/\/jornalismo.ufsj.edu.br\/van\/wp-json\/wp\/v2\/categories?post=15800"},{"taxonomy":"post_tag","embeddable":true,"href":"http:\/\/jornalismo.ufsj.edu.br\/van\/wp-json\/wp\/v2\/tags?post=15800"}],"curies":[{"name":"wp","href":"https:\/\/api.w.org\/{rel}","templated":true}]}}