{"id":15408,"date":"2025-09-01T09:36:00","date_gmt":"2025-09-01T12:36:00","guid":{"rendered":"https:\/\/jornalismo.ufsj.edu.br\/van\/?p=15408"},"modified":"2025-09-02T15:32:19","modified_gmt":"2025-09-02T18:32:19","slug":"escoteiros-de-congonhas-recebe-14-grupos-da-regiao-para-realizacao-do-31o-elo","status":"publish","type":"post","link":"http:\/\/jornalismo.ufsj.edu.br\/van\/escoteiros-de-congonhas-recebe-14-grupos-da-regiao-para-realizacao-do-31o-elo\/","title":{"rendered":"\u00a0Escoteiros de Congonhas recebe 14 grupos da regi\u00e3o para realiza\u00e7\u00e3o do 31\u00ba ELO"},"content":{"rendered":"\n<p class=\"has-text-align-right\">Por Ana Julia Barbosa<\/p>\n\n\n\n<p>O Grupo Escoteiro Cidade dos Profetas foi o anfitri\u00e3o do 31\u00b0 ELO \u2013 Escoteiros Locais em Opera\u00e7\u00e3o. O evento, realizado nos dias 30 e 31 de agosto, no Parque Ecol\u00f3gico da Cachoeira (Congonhas), reuniu 14 grupos do Distrito Estrada Real.<\/p>\n\n\n\n<p>O ELO \u00e9 uma atividade escoteira nacional promovida pelas Regi\u00f5es da Uni\u00e3o dos Escoteiros do Brasil, organizada em Distritos e Unidades Escoteiras Locais.<\/p>\n\n\n\n<div style=\"height:15px\" aria-hidden=\"true\" class=\"wp-block-spacer\"><\/div>\n\n\n<div class=\"wp-block-image\">\n<figure class=\"aligncenter size-full is-resized\"><img loading=\"lazy\" decoding=\"async\" width=\"404\" height=\"520\" src=\"http:\/\/jornalismo.ufsj.edu.br\/van\/wp-content\/uploads\/2025\/09\/FOTO-1-ESCOTEIRO-ANA.png\" alt=\"\" class=\"wp-image-15409\" style=\"width:367px;height:auto\" srcset=\"http:\/\/jornalismo.ufsj.edu.br\/van\/wp-content\/uploads\/2025\/09\/FOTO-1-ESCOTEIRO-ANA.png 404w, http:\/\/jornalismo.ufsj.edu.br\/van\/wp-content\/uploads\/2025\/09\/FOTO-1-ESCOTEIRO-ANA-233x300.png 233w\" sizes=\"auto, (max-width: 404px) 100vw, 404px\" \/><figcaption class=\"wp-element-caption\">Escoteiros em atividade do ELO. Foto: Reprodu\u00e7\u00e3o\/Nathan Vicente \n<\/figcaption><\/figure>\n<\/div>\n\n\n<div style=\"height:15px\" aria-hidden=\"true\" class=\"wp-block-spacer\"><\/div>\n\n\n\n<p>O acampamento deste ano, com o tema \u201cescoteiro fazendo coisas de escoteiro\u201d, teve como objetivo fortalecer a fraternidade, cultivar a amizade e incentivar a integra\u00e7\u00e3o entre os jovens. Durante os dois dias, os participantes se dedicaram \u00e0 atividades como a constru\u00e7\u00e3o de pioneirias, entre elas catapultas, trilhas e din\u00e2micas ao ar livre com lama e \u00e1gua.<\/p>\n\n\n\n<p>O Diretor-Presidente Marcelo Augusto Bastos explica que \u201co ELO \u00e9 um momento em que, al\u00e9m de realizar atividades escoteiras variadas e atrativas, os jovens tamb\u00e9m podem interagir, criando novas amizades e compartilhando experi\u00eancias e conhecimentos\u201d. Ele acrescenta que encontros como esse ajudam a consolidar o esp\u00edrito de equipe, desenvolvem habilidades de lideran\u00e7a e despertam nos membros valores que levar\u00e3o para a vida toda.<\/p>\n\n\n\n<div style=\"height:16px\" aria-hidden=\"true\" class=\"wp-block-spacer\"><\/div>\n\n\n<div class=\"wp-block-image\">\n<figure class=\"aligncenter size-full is-resized\"><img loading=\"lazy\" decoding=\"async\" width=\"663\" height=\"438\" src=\"https:\/\/jornalismo.ufsj.edu.br\/van\/wp-content\/uploads\/2025\/09\/FOTO-ESCOTEIRO-ANA.png\" alt=\"\" class=\"wp-image-15410\" style=\"width:602px;height:auto\" srcset=\"http:\/\/jornalismo.ufsj.edu.br\/van\/wp-content\/uploads\/2025\/09\/FOTO-ESCOTEIRO-ANA.png 663w, http:\/\/jornalismo.ufsj.edu.br\/van\/wp-content\/uploads\/2025\/09\/FOTO-ESCOTEIRO-ANA-300x198.png 300w\" sizes=\"auto, (max-width: 663px) 100vw, 663px\" \/><figcaption class=\"wp-element-caption\">Escoteiros participantes se re\u00fanem para foto oficial do evento. Foto: Reprodu\u00e7\u00e3o\\Nathan Vicente\u00a0<br><\/figcaption><\/figure>\n<\/div>\n\n\n<div style=\"height:15px\" aria-hidden=\"true\" class=\"wp-block-spacer\"><\/div>\n\n\n\n<p>O chefe escoteiro destaca ainda que \u201ccomo toda atividade escoteira, foi &#8216;super top&#8217;. Os jovens, e at\u00e9 mesmo os adultos, viveram uma experi\u00eancia inesquec\u00edvel\u201d. Segundo ele, esse tipo de viv\u00eancia proporciona aprendizados que v\u00e3o al\u00e9m do acampamento.<\/p>\n\n\n\n<p>Marcelo tamb\u00e9m refor\u00e7a a miss\u00e3o que norteia todo esse movimento nacional: \u201cSempre falamos em deixar um mundo melhor para os nossos filhos. N\u00f3s, do movimento escoteiro, queremos deixar pessoas melhores para, juntos, construirmos um mundo melhor!\u201d. Por fim, ele convida os interessados a buscarem conhecer melhor o movimento: \u201cQuem quiser participar, pode entrar em contato conosco pelo Instagram (<em>@escoteirosdecongonhas<\/em>) e preencher o formul\u00e1rio dispon\u00edvel na p\u00e1gina\u201d.<\/p>\n\n\n\n<p><\/p>\n","protected":false},"excerpt":{"rendered":"<p>O Grupo Escoteiro Cidade dos Profetas foi o anfitri\u00e3o do 31\u00b0 Escoteiros Locais em Opera\u00e7\u00e3o, realizado nos dias 30 e 31 de agosto, no Parque Ecol\u00f3gico da Cachoeira (Congonhas). Grupos do Distrito Estrada Real se reuniram em diversas atividades que enaltecem e refor\u00e7am valores do movimento escoteiro nacional. Leia e saiba mais!<\/p>\n","protected":false},"author":2,"featured_media":15409,"comment_status":"closed","ping_status":"open","sticky":false,"template":"","format":"standard","meta":{"_monsterinsights_skip_tracking":false,"_monsterinsights_sitenote_active":false,"_monsterinsights_sitenote_note":"","_monsterinsights_sitenote_category":0,"_themeisle_gutenberg_block_has_review":false,"cybocfi_hide_featured_image":"yes","footnotes":""},"categories":[710,696,13,18,8],"tags":[],"class_list":["post-15408","post","type-post","status-publish","format-standard","has-post-thumbnail","hentry","category-campo-dos-vertentes","category-cidadania","category-cultura","category-meio-ambiente","category-variedades"],"_links":{"self":[{"href":"http:\/\/jornalismo.ufsj.edu.br\/van\/wp-json\/wp\/v2\/posts\/15408","targetHints":{"allow":["GET"]}}],"collection":[{"href":"http:\/\/jornalismo.ufsj.edu.br\/van\/wp-json\/wp\/v2\/posts"}],"about":[{"href":"http:\/\/jornalismo.ufsj.edu.br\/van\/wp-json\/wp\/v2\/types\/post"}],"author":[{"embeddable":true,"href":"http:\/\/jornalismo.ufsj.edu.br\/van\/wp-json\/wp\/v2\/users\/2"}],"replies":[{"embeddable":true,"href":"http:\/\/jornalismo.ufsj.edu.br\/van\/wp-json\/wp\/v2\/comments?post=15408"}],"version-history":[{"count":1,"href":"http:\/\/jornalismo.ufsj.edu.br\/van\/wp-json\/wp\/v2\/posts\/15408\/revisions"}],"predecessor-version":[{"id":15411,"href":"http:\/\/jornalismo.ufsj.edu.br\/van\/wp-json\/wp\/v2\/posts\/15408\/revisions\/15411"}],"wp:featuredmedia":[{"embeddable":true,"href":"http:\/\/jornalismo.ufsj.edu.br\/van\/wp-json\/wp\/v2\/media\/15409"}],"wp:attachment":[{"href":"http:\/\/jornalismo.ufsj.edu.br\/van\/wp-json\/wp\/v2\/media?parent=15408"}],"wp:term":[{"taxonomy":"category","embeddable":true,"href":"http:\/\/jornalismo.ufsj.edu.br\/van\/wp-json\/wp\/v2\/categories?post=15408"},{"taxonomy":"post_tag","embeddable":true,"href":"http:\/\/jornalismo.ufsj.edu.br\/van\/wp-json\/wp\/v2\/tags?post=15408"}],"curies":[{"name":"wp","href":"https:\/\/api.w.org\/{rel}","templated":true}]}}