{"id":154,"date":"2015-03-10T23:39:00","date_gmt":"2015-03-10T23:39:00","guid":{"rendered":"http:\/\/jornalismo.ufsj.edu.br\/van\/?p=154"},"modified":"2015-05-27T21:46:02","modified_gmt":"2015-05-27T21:46:02","slug":"inauguracao-de-ong-homenageia-mulheres","status":"publish","type":"post","link":"http:\/\/jornalismo.ufsj.edu.br\/van\/inauguracao-de-ong-homenageia-mulheres\/","title":{"rendered":"Inaugura\u00e7\u00e3o de ONG homenageia mulheres"},"content":{"rendered":"<div class=\"separator\" style=\"clear: both; text-align: center;\"><a style=\"margin-left: 1em; margin-right: 1em;\" href=\"http:\/\/3.bp.blogspot.com\/-joMqJgQXYls\/VQN04aJAFaI\/AAAAAAAAEe0\/mn2emn41mXQ\/s1600\/11033421_10202575267941753_1639710532_o.jpg\"><img loading=\"lazy\" decoding=\"async\" src=\"http:\/\/3.bp.blogspot.com\/-joMqJgQXYls\/VQN04aJAFaI\/AAAAAAAAEe0\/mn2emn41mXQ\/s1600\/11033421_10202575267941753_1639710532_o.jpg\" alt=\"\" width=\"400\" height=\"220\" border=\"0\" \/><\/a><\/div>\n<p>&nbsp;<\/p>\n<div class=\"Padro\" style=\"line-height: 150%; text-align: justify; text-justify: inter-ideograph;\">No dia internacional da mulher foi inaugurada, no bairro<br \/>\nBom Pastor uma ONG voltada para a Promo\u00e7\u00e3o da Cidadania e Defesa dos Direitos<br \/>\nHumanos. Segundo Carlos Bem, idealizador da iniciativa n\u00e3o governamental, a<br \/>\nescolha do dia para a inaugura\u00e7\u00e3o teve como objetivo destacar a discrimina\u00e7\u00e3o e<br \/>\na viol\u00eancia contra as mulheres como marcas presentes na sociedade local.<\/div>\n<div class=\"Padro\" style=\"line-height: 150%; text-align: justify; text-justify: inter-ideograph;\"><\/div>\n<div class=\"Padro\" style=\"line-height: 150%; text-align: justify; text-justify: inter-ideograph;\">O evento tamb\u00e9m prestigiou todas as mulheres, mas<br \/>\nprincipalmente aquelas que, de alguma forma, j\u00e1 ajudaram e realizaram a\u00e7\u00f5es<br \/>\ndiretas na sociedade, com a entrega de homenagens e coment\u00e1rios sobre seus<br \/>\nfeitos. Houve tamb\u00e9m a entrega de certificados aos moradores que participaram<br \/>\nde cursos j\u00e1 ocorridos no sal\u00e3o da associa\u00e7\u00e3o, al\u00e9m de medi\u00e7\u00e3o de press\u00e3o<br \/>\narterial dos membros da comunidade e \u00e1rea de lazer para as crian\u00e7as.<\/div>\n<div class=\"Padro\" style=\"line-height: 150%; text-align: justify; text-justify: inter-ideograph;\"><\/div>\n<div class=\"Padro\" style=\"line-height: 150%; text-align: justify; text-justify: inter-ideograph;\">O projeto conta com a parceria da Associa\u00e7\u00e3o de Donas de<br \/>\nCasa, j\u00e1 fixada no local, e pretende, de acordo com Bem, unir a ajuda de<br \/>\nvolunt\u00e1rios para atender a comunidade, n\u00e3o se limitando ao bairro, mas<br \/>\ndestinado a toda a cidade e redondezas.Para a presidente da Associa\u00e7\u00e3o das<br \/>\nDonas de Casa, \u00c2ngela Trindade, a liga\u00e7\u00e3o das duas ONGs,\u00a0 \u00e9 fator importante e animador para todos. Com<br \/>\no crescimento da popula\u00e7\u00e3o, \u00e9 preciso o aumento das lutas e de todo o trabalho<br \/>\nvolunt\u00e1rio feito para a sociedade, ressaltou Trindade. Ilma Rodrigues, agente<br \/>\npenitenci\u00e1ria, completou sobre a iniciativa:<\/div>\n<div class=\"Padro\" style=\"line-height: 150%; text-align: justify; text-justify: inter-ideograph;\"><\/div>\n<div class=\"separator\" style=\"clear: both; text-align: center;\"><a style=\"margin-left: 1em; margin-right: 1em;\" href=\"http:\/\/4.bp.blogspot.com\/-7z21e6XDvpI\/VQN04fYH5JI\/AAAAAAAAEes\/wlRyQqecCmw\/s1600\/11034547_10202575271061831_1205295985_o.jpg\"><img loading=\"lazy\" decoding=\"async\" src=\"http:\/\/4.bp.blogspot.com\/-7z21e6XDvpI\/VQN04fYH5JI\/AAAAAAAAEes\/wlRyQqecCmw\/s1600\/11034547_10202575271061831_1205295985_o.jpg\" alt=\"\" width=\"400\" height=\"228\" border=\"0\" \/><\/a><\/div>\n<div class=\"Padro\" style=\"line-height: 150%; text-align: justify; text-justify: inter-ideograph;\"><\/div>\n<div class=\"Padro\" style=\"line-height: 150%; text-align: justify; text-justify: inter-ideograph;\">\u2013 \u201cEu acho que deveria ter outros trabalhos como esse na<br \/>\ncidade. O \u00edndice de criminalidade iria baixar muito, por acolher a comunidade e<br \/>\nas pessoas que precisam.\u201d.<\/div>\n<div class=\"Padro\" style=\"line-height: 150%; text-align: justify; text-justify: inter-ideograph;\"><\/div>\n<div class=\"Padro\" style=\"line-height: 150%; text-align: justify; text-justify: inter-ideograph;\">A ideia do projeto, segundo Bem, \u00e9 voltada para alguns<br \/>\ngrupos mais vulner\u00e1veis da sociedade: idosos, mulheres, crian\u00e7as e<br \/>\nadolescentes, principalmente negros; comunidade LGBT, portadores de<br \/>\nnecessidades especiais e soropositivos (portadores de HIV). A metodologia da<br \/>\norganiza\u00e7\u00e3o contar\u00e1 n\u00e3o somente com as oficinas, mas tamb\u00e9m ser\u00e3o inseridos<br \/>\ntextos com instru\u00e7\u00f5es sobre os direitos e a autonomia do cidad\u00e3o, lembrou o<br \/>\ncriador.<\/div>\n<div class=\"Padro\" style=\"line-height: 150%; text-align: justify; text-justify: inter-ideograph;\"><\/div>\n<div class=\"Padro\" style=\"line-height: 150%; text-align: justify; text-justify: inter-ideograph;\">\u201cN\u00f3s vamos ter um n\u00facleo jur\u00eddico, psicol\u00f3gico e de<br \/>\nassist\u00eancia social para que, caso algum grupo dessa popula\u00e7\u00e3o sofra viola\u00e7\u00e3o<br \/>\ndos direitos, n\u00f3s tenhamos aqui um atendimento mais r\u00e1pido para que possamos<br \/>\nproteger essas pessoas\u201d, completou Bem a respeito dos trabalhos da ONG.<\/div>\n<div class=\"Padro\" style=\"line-height: 150%; text-align: justify; text-justify: inter-ideograph;\"><\/div>\n<div class=\"Padro\" style=\"line-height: 150%; text-align: justify; text-justify: inter-ideograph;\">A inaugura\u00e7\u00e3o da nova ONG contou com a presen\u00e7a do<br \/>\nDeputado Estadual e Presidente da Comiss\u00e3o de Direitos Humanos da Assembleia<br \/>\nLegislativa, Cristiano Silveira; o Senador e Presidente da Comiss\u00e3o de Direitos<br \/>\nHumanos da C\u00e2mara Municipal de S\u00e3o Jo\u00e3o del-Rei, F\u00e1bio da Silva; e o<br \/>\nrepresentante do prefeito Helv\u00e9cio Reis, Leonardo Silveira, secret\u00e1rio de<br \/>\ngoverno da prefeitura da cidade. Em discurso, o deputado Silveira elogiou as<br \/>\niniciativas da comunidade, lembrando que o bairro Bom Pastor tem sido<br \/>\nrefer\u00eancia para bons projetos sociais.<\/div>\n<div class=\"Padro\" style=\"line-height: 150%; text-align: justify; text-justify: inter-ideograph;\"><\/div>\n<div class=\"Padro\" style=\"line-height: 150%; text-align: justify; text-justify: inter-ideograph;\">O projeto funcionar\u00e1 todos os dias da semana, de 18h \u00e0s<br \/>\n22h e contar\u00e1, a princ\u00edpio, com cursos de edi\u00e7\u00e3o de v\u00eddeos e fotografias,<br \/>\ninform\u00e1tica direcionada para as donas de casa, instru\u00e7\u00e3o para atendimento no<br \/>\ncom\u00e9rcio e oficina de <i>\u201cdecoupage\u201d<\/i>, relacionada \u00e0s artes decorativas.<br \/>\nHaver\u00e1 tamb\u00e9m coral infantil e adulto, conta\u00e7\u00e3o de hist\u00f3rias e teatro para<br \/>\ncrian\u00e7as, aulas de flauta e capoeira, cursos para as adolescentes relacionados<br \/>\n\u00e0 beleza e moda. Quinzenalmente, ser\u00e3o exibidos filmes no sal\u00e3o comunit\u00e1rio.<br \/>\nTodas as sextas, na parte da tarde, ser\u00e1 oferecida assessoria jur\u00eddica gratuita<br \/>\npara orienta\u00e7\u00e3o e encaminhamento da comunidade, al\u00e9m de assist\u00eancia social para<br \/>\nacompanhar os moradores e o atendimento psicol\u00f3gico.<\/div>\n<div class=\"Padro\" style=\"line-height: 150%; text-align: justify; text-justify: inter-ideograph;\"><\/div>\n<div class=\"Padro\" style=\"line-height: 150%; text-align: justify; text-justify: inter-ideograph;\">Texto: Vanessa Vicente<\/div>\n<p>&nbsp;<\/p>\n<div class=\"Padro\" style=\"line-height: 150%; text-align: justify; text-justify: inter-ideograph;\">Foto: Vanessa Vicente<\/div>\n","protected":false},"excerpt":{"rendered":"<p>&nbsp; No dia internacional da mulher foi inaugurada, no bairro Bom Pastor uma ONG voltada para a Promo\u00e7\u00e3o da Cidadania e Defesa dos Direitos Humanos. Segundo Carlos Bem, idealizador da<\/p>\n","protected":false},"author":2,"featured_media":1184,"comment_status":"open","ping_status":"open","sticky":false,"template":"","format":"standard","meta":{"_monsterinsights_skip_tracking":false,"_monsterinsights_sitenote_active":false,"_monsterinsights_sitenote_note":"","_monsterinsights_sitenote_category":0,"_themeisle_gutenberg_block_has_review":false,"cybocfi_hide_featured_image":"","footnotes":""},"categories":[15,109],"tags":[],"class_list":["post-154","post","type-post","status-publish","format-standard","has-post-thumbnail","hentry","category-politica","category-sao-joao-del-rei-microrregiao-de-sao-joao-del-rei"],"_links":{"self":[{"href":"http:\/\/jornalismo.ufsj.edu.br\/van\/wp-json\/wp\/v2\/posts\/154","targetHints":{"allow":["GET"]}}],"collection":[{"href":"http:\/\/jornalismo.ufsj.edu.br\/van\/wp-json\/wp\/v2\/posts"}],"about":[{"href":"http:\/\/jornalismo.ufsj.edu.br\/van\/wp-json\/wp\/v2\/types\/post"}],"author":[{"embeddable":true,"href":"http:\/\/jornalismo.ufsj.edu.br\/van\/wp-json\/wp\/v2\/users\/2"}],"replies":[{"embeddable":true,"href":"http:\/\/jornalismo.ufsj.edu.br\/van\/wp-json\/wp\/v2\/comments?post=154"}],"version-history":[{"count":1,"href":"http:\/\/jornalismo.ufsj.edu.br\/van\/wp-json\/wp\/v2\/posts\/154\/revisions"}],"predecessor-version":[{"id":1185,"href":"http:\/\/jornalismo.ufsj.edu.br\/van\/wp-json\/wp\/v2\/posts\/154\/revisions\/1185"}],"wp:featuredmedia":[{"embeddable":true,"href":"http:\/\/jornalismo.ufsj.edu.br\/van\/wp-json\/wp\/v2\/media\/1184"}],"wp:attachment":[{"href":"http:\/\/jornalismo.ufsj.edu.br\/van\/wp-json\/wp\/v2\/media?parent=154"}],"wp:term":[{"taxonomy":"category","embeddable":true,"href":"http:\/\/jornalismo.ufsj.edu.br\/van\/wp-json\/wp\/v2\/categories?post=154"},{"taxonomy":"post_tag","embeddable":true,"href":"http:\/\/jornalismo.ufsj.edu.br\/van\/wp-json\/wp\/v2\/tags?post=154"}],"curies":[{"name":"wp","href":"https:\/\/api.w.org\/{rel}","templated":true}]}}