{"id":153,"date":"2015-03-12T02:43:00","date_gmt":"2015-03-12T02:43:00","guid":{"rendered":"http:\/\/jornalismo.ufsj.edu.br\/van\/?p=153"},"modified":"2015-05-27T21:45:14","modified_gmt":"2015-05-27T21:45:14","slug":"mulheres-ja-contam-com-delegacia","status":"publish","type":"post","link":"http:\/\/jornalismo.ufsj.edu.br\/van\/mulheres-ja-contam-com-delegacia\/","title":{"rendered":"Mulheres j\u00e1 contam com atendimento especializado em SJDR"},"content":{"rendered":"<div class=\"separator\" style=\"clear: both; text-align: center;\"><a style=\"margin-left: 1em; margin-right: 1em;\" href=\"http:\/\/1.bp.blogspot.com\/-TbosedOXLeg\/VQeUqngqREI\/AAAAAAAAEfY\/HC-PGx64Tss\/s1600\/Vagas-Concurso-Policia-Civil-MG-2015.gif\"><img loading=\"lazy\" decoding=\"async\" src=\"http:\/\/1.bp.blogspot.com\/-TbosedOXLeg\/VQeUqngqREI\/AAAAAAAAEfY\/HC-PGx64Tss\/s1600\/Vagas-Concurso-Policia-Civil-MG-2015.gif\" alt=\"\" width=\"320\" height=\"320\" border=\"0\" \/><\/a><\/div>\n<div><\/div>\n<p>&nbsp;<\/p>\n<div class=\"Padro\" style=\"line-height: 13.8pt; margin-bottom: 0cm; mso-line-height-rule: exactly; tab-stops: 7.1pt 35.45pt; text-align: justify; text-justify: inter-ideograph;\">&#8220;Entre todos<br \/>\nos obst\u00e1culos f\u00edsicos, hoje a maior dificuldade enfrentada na delegacia \u00e9 a<br \/>\nfalta de material humano, como psic\u00f3logas e assistentes sociais&#8221;. Essa foi<br \/>\na confiss\u00e3o da Delegada Alessandra Aparecida Bortolini, respons\u00e1vel pela Delegacia de<br \/>\nviol\u00eancia contra a mulher em S\u00e3o Jo\u00e3o del-Rei. Nessas se\u00e7\u00f5es, pelo fato de<br \/>\nserem especializadas na prote\u00e7\u00e3o das mulheres, h\u00e1 um tratamento mais atencioso<br \/>\ne totalmente voltado para o bem estar da v\u00edtima.<\/div>\n<div class=\"Padro\" style=\"line-height: 13.8pt; margin-bottom: 0cm; mso-line-height-rule: exactly; tab-stops: 7.1pt 35.45pt; text-align: justify; text-justify: inter-ideograph;\"><\/div>\n<div class=\"Padro\" style=\"line-height: 13.8pt; margin-bottom: 0cm; mso-line-height-rule: exactly; tab-stops: 7.1pt 35.45pt; text-align: justify; text-justify: inter-ideograph;\">A lei Maria da Penha veio para atender de<br \/>\nforma mais dirigida os direitos das mulheres; al\u00e9m disso, ela trouxe consigo o<br \/>\nsurgimento das delegacias especializadas na prote\u00e7\u00e3o \u00e0 mulher. Infelizmente,<br \/>\nainda n\u00e3o s\u00e3o todas as cidades que possuem essas delegacias; por isso, os<br \/>\nboletins de ocorr\u00eancia podem ser feitos normalmente em qualquer departamento de<br \/>\nPolicia Civil.<\/div>\n<div class=\"Padro\" style=\"line-height: 13.8pt; margin-bottom: 0cm; mso-line-height-rule: exactly; tab-stops: 7.1pt 35.45pt; text-align: justify; text-justify: inter-ideograph;\"><\/div>\n<div class=\"Padro\" style=\"line-height: 13.8pt; margin-bottom: 0cm; mso-line-height-rule: exactly; tab-stops: 7.1pt 35.45pt; text-align: justify; text-justify: inter-ideograph;\">Entretanto, \u00e0s<br \/>\nvezes, as v\u00edtimas n\u00e3o s\u00e3o localizadas, o que atrapalha bastante o processo. A<br \/>\nDelegada ainda contou que algumas v\u00edtimas retiram as queixas, ap\u00f3s a<br \/>\ninstaura\u00e7\u00e3o do processo, dizendo que foi somente uma briga e que, por isso,<br \/>\nquerem desistir do processo. Ela ressalta que, dependendo do andamento do<br \/>\nmesmo, j\u00e1 n\u00e3o se pode retirar a acusa\u00e7\u00e3o, sobretudo quando h\u00e1 den\u00fancia de les\u00e3o<br \/>\ncorporal.<\/div>\n<div class=\"Padro\" style=\"line-height: 13.8pt; margin-bottom: 0cm; mso-line-height-rule: exactly; tab-stops: 7.1pt 35.45pt; text-align: justify; text-justify: inter-ideograph;\"><\/div>\n<div class=\"Padro\" style=\"line-height: 13.8pt; margin-bottom: 0cm; mso-line-height-rule: exactly; tab-stops: 7.1pt 35.45pt; text-align: justify; text-justify: inter-ideograph;\">Nos plant\u00f5es<br \/>\nregionais, o delegado pode receber ocorr\u00eancia de at\u00e9 18 cidades da \u00e1rea sob sua<br \/>\njurisdi\u00e7\u00e3o; depois disso, essas den\u00fancias s\u00e3o encaminhadas para o delegado da<br \/>\nrespectiva cidade.<\/div>\n<div class=\"Padro\" style=\"line-height: 13.8pt; margin-bottom: 0cm; mso-line-height-rule: exactly; tab-stops: 7.1pt 35.45pt; text-align: justify; text-justify: inter-ideograph;\"><\/div>\n<div class=\"Padro\" style=\"line-height: 13.8pt; margin-bottom: 0cm; mso-line-height-rule: exactly; tab-stops: 7.1pt 35.45pt; text-align: justify; text-justify: inter-ideograph;\">\u201cAs mulheres<br \/>\nprecisam se conscientizar que seus direitos t\u00eam que ser preservados; \u00e0s vezes,<br \/>\nelas tem vergonha, mas precisam procurar uma delegacia, ou uma pessoa que<br \/>\nsaiba, como amigos ou vizinhos, que podem tamb\u00e9m ligar para o 180\u201d, finalizou.<\/div>\n<div class=\"Padro\" style=\"line-height: 13.8pt; margin-bottom: 0cm; mso-line-height-rule: exactly; tab-stops: 7.1pt 35.45pt; text-align: justify; text-justify: inter-ideograph;\"><\/div>\n<div class=\"Padro\" style=\"line-height: 13.8pt; margin-bottom: 0cm; mso-line-height-rule: exactly; tab-stops: 7.1pt 35.45pt; text-align: justify; text-justify: inter-ideograph;\">Nas delegacias<br \/>\nespecializadas, o atendimento \u00e9 feito de mulher para mulher, com um acolhimento<br \/>\nmais preservado. A lei Maria da Penha cita que a abordagem tem que ser feita de<br \/>\nforma transdisciplinar e que s\u00e3o necess\u00e1rias mais pol\u00edticas p\u00fablicas para que a<br \/>\nlei se torne mais eficiente.<\/div>\n<div class=\"Padro\" style=\"line-height: 13.8pt; margin-bottom: 0cm; mso-line-height-rule: exactly; tab-stops: 7.1pt 35.45pt; text-align: justify; text-justify: inter-ideograph;\"><\/div>\n<div class=\"Padro\" style=\"line-height: 13.8pt; margin-bottom: 0cm; mso-line-height-rule: exactly; tab-stops: 7.1pt 35.45pt; text-align: justify; text-justify: inter-ideograph;\">\u201cN\u00f3s quer\u00edamos<br \/>\nque houvesse um centro de refer\u00eancia com um advogado, um psic\u00f3logo e uma<br \/>\nassistente social, para que a Delegacia da Mulher n\u00e3o funcionasse l\u00e1 de forma<br \/>\ncapenga\u201d, foi o que afirmou Carlos Bem, diretor da ONG Movimento de defesa da<br \/>\ncidadania e promo\u00e7\u00e3o dos direitos humanos.<\/div>\n<div class=\"Padro\" style=\"line-height: 13.8pt; margin-bottom: 0cm; mso-line-height-rule: exactly; tab-stops: 7.1pt 35.45pt; text-align: justify; text-justify: inter-ideograph;\"><\/div>\n<div class=\"Padro\" style=\"line-height: 13.8pt; margin-bottom: 0cm; mso-line-height-rule: exactly; tab-stops: 7.1pt 35.45pt; text-align: justify; text-justify: inter-ideograph;\">A empregada dom\u00e9stica<br \/>\nA.M., afirmou que n\u00e3o se sente mais protegida por haver uma delegacia<br \/>\nespecializada em atendimento a mulher. \u201cH\u00e1 casos que acabam n\u00e3o sendo<br \/>\nresolvidos e as v\u00edtimas continuam correndo risco\u201d, declarou.<\/div>\n<div class=\"Padro\" style=\"line-height: 13.8pt; margin-bottom: 0cm; mso-line-height-rule: exactly;\"><b>\u00a0<\/b><\/div>\n<div class=\"Padro\" style=\"line-height: 13.8pt; margin-bottom: 0cm; mso-line-height-rule: exactly;\"><b>Feminic\u00eddio <\/b><\/div>\n<div class=\"Padro\" style=\"line-height: 13.8pt; margin-bottom: 0cm; mso-line-height-rule: exactly; tab-stops: 7.1pt 35.45pt; text-align: justify; text-justify: inter-ideograph;\"><\/div>\n<div class=\"Padro\" style=\"line-height: 13.8pt; margin-bottom: 0cm; mso-line-height-rule: exactly; tab-stops: 7.1pt 35.45pt; text-align: justify; text-justify: inter-ideograph;\">Foi sancionada na<br \/>\n\u00faltima segunda-feira (09\/03), pela Presidente Dilma Rousseff, a Lei do<br \/>\nFeminic\u00eddio (13.104\/15) que considera crime hediondo e crime de homic\u00eddio<br \/>\nqualificado todo assassinato motivado por raz\u00f5es de g\u00eanero, menosprezo ou<br \/>\ndiscrimina\u00e7\u00e3o contra as mulheres. A pena pode ir de 12 a 30 anos e pode ser<br \/>\nagravada se a v\u00edtima estiver gr\u00e1vida ou se o e crime ocorrer nos tr\u00eas meses<br \/>\nap\u00f3s o parto.<\/div>\n<div class=\"Padro\" style=\"line-height: 13.8pt; margin-bottom: 0cm; mso-line-height-rule: exactly; tab-stops: 7.1pt 35.45pt; text-align: justify; text-justify: inter-ideograph;\">\n<b>Onde encontrar<\/b>&nbsp;<\/p>\n<table class=\"MsoNormalTable\" style=\"mso-cellspacing: 0cm; mso-padding-alt: 0cm 0cm 0cm 0cm; mso-yfti-tbllook: 1184; width: 600px;\" border=\"0\" cellspacing=\"0\" cellpadding=\"0\">\n<tbody>\n<tr>\n<td style=\"padding: 0cm 0cm 0cm 0cm; width: 99.0pt;\" width=\"132\">\n<div style=\"background: white; text-align: justify; text-justify: inter-ideograph;\">Nome:<\/div>\n<div style=\"background: white; text-align: justify; text-justify: inter-ideograph;\">entidade:<\/div>\n<\/td>\n<td style=\"padding: 0cm 0cm 0cm 0cm;\" colspan=\"3\">\n<div style=\"background: white; text-align: justify; text-justify: inter-ideograph;\">Delegacia Adjunta de Repress\u00e3o a<br \/>\nCrimes Contra a Mulher (DACCM) &#8211; S\u00e3o Jo\u00e3o Del Rei<\/div>\n<\/td>\n<\/tr>\n<tr>\n<td style=\"padding: 0cm 0cm 0cm 0cm;\">\n<div style=\"background: white; text-align: justify; text-justify: inter-ideograph;\">Endere\u00e7o:<\/div>\n<\/td>\n<td style=\"padding: 0cm 0cm 0cm 0cm;\" colspan=\"3\">\n<div style=\"background: white; text-align: justify; text-justify: inter-ideograph;\">Avenida Leite de Castro, n\u00ba 1322 &#8211;<br \/>\nBairro: F\u00e1bricas &#8211; Refer\u00eancia: Em frente ao batalh\u00e3o da PM<\/div>\n<\/td>\n<\/tr>\n<tr>\n<td style=\"padding: 0cm 0cm 0cm 0cm;\">\n<div style=\"background: white; text-align: justify; text-justify: inter-ideograph;\">Cep:<\/div>\n<\/td>\n<td style=\"padding: 0cm 0cm 0cm 0cm;\" colspan=\"3\">\n<div style=\"background: white; text-align: justify; text-justify: inter-ideograph;\">36301-180<\/div>\n<\/td>\n<\/tr>\n<tr>\n<td style=\"padding: 0cm 0cm 0cm 0cm;\">\n<div style=\"background: white; text-align: justify; text-justify: inter-ideograph;\">Munic\u00edpio:<\/div>\n<\/td>\n<td style=\"padding: 0cm 0cm 0cm 0cm;\">\n<div style=\"background: white; text-align: justify; text-justify: inter-ideograph;\">S\u00e3o Jo\u00e3o del Rei<\/div>\n<\/td>\n<td style=\"padding: 0cm 0cm 0cm 0cm;\"><\/td>\n<td style=\"padding: 0cm 0cm 0cm 0cm;\"><\/td>\n<\/tr>\n<tr>\n<td style=\"padding: 0cm 0cm 0cm 0cm;\">\n<div style=\"background: white; text-align: justify; text-justify: inter-ideograph;\">Telefone:<\/div>\n<\/td>\n<td style=\"padding: 0cm 0cm 0cm 0cm; width: 145.5pt;\" width=\"194\">\n<div style=\"background: white; text-align: justify; text-justify: inter-ideograph;\">(32)3379-1056<\/div>\n<\/td>\n<td style=\"padding: 0cm 0cm 0cm 0cm; width: 21.75pt;\" width=\"29\">\n<div style=\"background: white; text-align: justify; text-justify: inter-ideograph;\">Fax:<\/div>\n<\/td>\n<td style=\"padding: 0cm 0cm 0cm 0cm; width: 176.25pt;\" width=\"235\">\n<div style=\"background: white; text-align: justify; text-justify: inter-ideograph;\">\u00a0(32)3371-2227<\/div>\n<\/td>\n<\/tr>\n<tr>\n<td style=\"padding: 0cm 0cm 0cm 0cm;\">\n<div style=\"background: white; text-align: justify; text-justify: inter-ideograph;\">E-mail:<\/div>\n<\/td>\n<td style=\"padding: 0cm 0cm 0cm 0cm;\" colspan=\"3\">\n<div style=\"background: white; text-align: justify; text-justify: inter-ideograph;\"><b><a href=\"mailto:mulher@saojoaodelrei.policiacivil.mg.gov.br\">mulher@saojoaodelrei.policiacivil.mg.gov.br<\/a>\u00a0<\/b><\/div>\n<\/td>\n<\/tr>\n<\/tbody>\n<\/table>\n<p>&nbsp;<\/p>\n<\/div>\n<div class=\"Padro\" style=\"line-height: 13.8pt; margin-bottom: 0cm; mso-line-height-rule: exactly; tab-stops: 7.1pt 35.45pt; text-align: justify; text-justify: inter-ideograph;\">Texto: Carolina<br \/>\nMonteiro Colombi<\/div>\n<div class=\"Padro\" style=\"line-height: 13.8pt; margin-bottom: 0cm; mso-line-height-rule: exactly; tab-stops: 7.1pt 35.45pt; text-align: justify; text-justify: inter-ideograph;\">Foto: Divulga\u00e7\u00e3o<\/div>\n","protected":false},"excerpt":{"rendered":"<p>&nbsp; &#8220;Entre todos os obst\u00e1culos f\u00edsicos, hoje a maior dificuldade enfrentada na delegacia \u00e9 a falta de material humano, como psic\u00f3logas e assistentes sociais&#8221;. Essa foi a confiss\u00e3o da Delegada<\/p>\n","protected":false},"author":2,"featured_media":1182,"comment_status":"open","ping_status":"open","sticky":false,"template":"","format":"standard","meta":{"_monsterinsights_skip_tracking":false,"_monsterinsights_sitenote_active":false,"_monsterinsights_sitenote_note":"","_monsterinsights_sitenote_category":0,"_themeisle_gutenberg_block_has_review":false,"cybocfi_hide_featured_image":"","footnotes":""},"categories":[15,109],"tags":[],"class_list":["post-153","post","type-post","status-publish","format-standard","has-post-thumbnail","hentry","category-politica","category-sao-joao-del-rei-microrregiao-de-sao-joao-del-rei"],"_links":{"self":[{"href":"http:\/\/jornalismo.ufsj.edu.br\/van\/wp-json\/wp\/v2\/posts\/153","targetHints":{"allow":["GET"]}}],"collection":[{"href":"http:\/\/jornalismo.ufsj.edu.br\/van\/wp-json\/wp\/v2\/posts"}],"about":[{"href":"http:\/\/jornalismo.ufsj.edu.br\/van\/wp-json\/wp\/v2\/types\/post"}],"author":[{"embeddable":true,"href":"http:\/\/jornalismo.ufsj.edu.br\/van\/wp-json\/wp\/v2\/users\/2"}],"replies":[{"embeddable":true,"href":"http:\/\/jornalismo.ufsj.edu.br\/van\/wp-json\/wp\/v2\/comments?post=153"}],"version-history":[{"count":1,"href":"http:\/\/jornalismo.ufsj.edu.br\/van\/wp-json\/wp\/v2\/posts\/153\/revisions"}],"predecessor-version":[{"id":1183,"href":"http:\/\/jornalismo.ufsj.edu.br\/van\/wp-json\/wp\/v2\/posts\/153\/revisions\/1183"}],"wp:featuredmedia":[{"embeddable":true,"href":"http:\/\/jornalismo.ufsj.edu.br\/van\/wp-json\/wp\/v2\/media\/1182"}],"wp:attachment":[{"href":"http:\/\/jornalismo.ufsj.edu.br\/van\/wp-json\/wp\/v2\/media?parent=153"}],"wp:term":[{"taxonomy":"category","embeddable":true,"href":"http:\/\/jornalismo.ufsj.edu.br\/van\/wp-json\/wp\/v2\/categories?post=153"},{"taxonomy":"post_tag","embeddable":true,"href":"http:\/\/jornalismo.ufsj.edu.br\/van\/wp-json\/wp\/v2\/tags?post=153"}],"curies":[{"name":"wp","href":"https:\/\/api.w.org\/{rel}","templated":true}]}}