{"id":152,"date":"2015-03-13T18:02:00","date_gmt":"2015-03-13T18:02:00","guid":{"rendered":"http:\/\/jornalismo.ufsj.edu.br\/van\/?p=152"},"modified":"2015-05-27T21:44:03","modified_gmt":"2015-05-27T21:44:03","slug":"ii-festa-do-cao-em-sjdr","status":"publish","type":"post","link":"http:\/\/jornalismo.ufsj.edu.br\/van\/ii-festa-do-cao-em-sjdr\/","title":{"rendered":"II Festa do C\u00e3o em SJDR"},"content":{"rendered":"<p>&nbsp;<\/p>\n<div style=\"-webkit-text-stroke-width: 0px; background-color: white; color: #141823; font-family: Helvetica, Arial, 'lucida grande', tahoma, verdana, arial, sans-serif; font-size: 12px; font-style: normal; font-variant: normal; font-weight: normal; letter-spacing: normal; line-height: 16.0799999237061px; orphans: auto; text-align: left; text-indent: 0px; text-transform: none; white-space: normal; widows: 1; word-spacing: 0px;\"><\/div>\n<p>&nbsp;<\/p>\n<div class=\"_5pbx userContent\" style=\"-webkit-text-stroke-width: 0px; background-color: white; color: #141823; font-family: Helvetica, Arial, 'lucida grande', tahoma, verdana, arial, sans-serif; font-size: 14px; font-style: normal; font-variant: normal; font-weight: normal; letter-spacing: normal; line-height: 1.38; orphans: auto; overflow: hidden; text-align: left; text-indent: 0px; text-transform: none; white-space: normal; widows: 1; word-spacing: 0px;\" data-ft=\"{&quot;tn&quot;:&quot;K&quot;}\">\n<div class=\"separator\" style=\"clear: both; text-align: center;\"><a style=\"margin-left: 1em; margin-right: 1em;\" href=\"http:\/\/3.bp.blogspot.com\/-k-Fl9pNnxSk\/VQhsC5q6MfI\/AAAAAAAAEf0\/4Ro0CLqiAk8\/s1600\/11064190_10202737938167905_974731272_o.jpg\"><img loading=\"lazy\" decoding=\"async\" src=\"http:\/\/3.bp.blogspot.com\/-k-Fl9pNnxSk\/VQhsC5q6MfI\/AAAAAAAAEf0\/4Ro0CLqiAk8\/s1600\/11064190_10202737938167905_974731272_o.jpg\" alt=\"\" width=\"640\" height=\"235\" border=\"0\" \/><\/a><\/div>\n<div class=\"separator\" style=\"clear: both; text-align: center;\"><\/div>\n<div style=\"margin: 0px 0px 6px;\">Um grupo de 15 amigos ir\u00e1 realizar neste s\u00e1bado a II Festa do C\u00e3o Psychedelic neste s\u00e1bado, \u00e0s 20h, no s\u00edtio 3 praias \/ Ro\u00e7a. A ideia \u00e9 reunir recursos para adquirir rem\u00e9dio, vacinas e comida para cuidar de 20 c\u00e3es e 12 gatos que vivem livres pela cidade. O evento j\u00e1 tem v\u00e1rias bandas e DJs confirmados. N\u00e3o deixe de participar!<\/div>\n<\/div>\n","protected":false},"excerpt":{"rendered":"<p>&nbsp; &nbsp; Um grupo de 15 amigos ir\u00e1 realizar neste s\u00e1bado a II Festa do C\u00e3o Psychedelic neste s\u00e1bado, \u00e0s 20h, no s\u00edtio 3 praias \/ Ro\u00e7a. A ideia \u00e9<\/p>\n","protected":false},"author":2,"featured_media":1180,"comment_status":"open","ping_status":"open","sticky":false,"template":"","format":"standard","meta":{"_monsterinsights_skip_tracking":false,"_monsterinsights_sitenote_active":false,"_monsterinsights_sitenote_note":"","_monsterinsights_sitenote_category":0,"_themeisle_gutenberg_block_has_review":false,"cybocfi_hide_featured_image":"","footnotes":""},"categories":[15,109],"tags":[],"class_list":["post-152","post","type-post","status-publish","format-standard","has-post-thumbnail","hentry","category-politica","category-sao-joao-del-rei-microrregiao-de-sao-joao-del-rei"],"_links":{"self":[{"href":"http:\/\/jornalismo.ufsj.edu.br\/van\/wp-json\/wp\/v2\/posts\/152","targetHints":{"allow":["GET"]}}],"collection":[{"href":"http:\/\/jornalismo.ufsj.edu.br\/van\/wp-json\/wp\/v2\/posts"}],"about":[{"href":"http:\/\/jornalismo.ufsj.edu.br\/van\/wp-json\/wp\/v2\/types\/post"}],"author":[{"embeddable":true,"href":"http:\/\/jornalismo.ufsj.edu.br\/van\/wp-json\/wp\/v2\/users\/2"}],"replies":[{"embeddable":true,"href":"http:\/\/jornalismo.ufsj.edu.br\/van\/wp-json\/wp\/v2\/comments?post=152"}],"version-history":[{"count":1,"href":"http:\/\/jornalismo.ufsj.edu.br\/van\/wp-json\/wp\/v2\/posts\/152\/revisions"}],"predecessor-version":[{"id":1181,"href":"http:\/\/jornalismo.ufsj.edu.br\/van\/wp-json\/wp\/v2\/posts\/152\/revisions\/1181"}],"wp:featuredmedia":[{"embeddable":true,"href":"http:\/\/jornalismo.ufsj.edu.br\/van\/wp-json\/wp\/v2\/media\/1180"}],"wp:attachment":[{"href":"http:\/\/jornalismo.ufsj.edu.br\/van\/wp-json\/wp\/v2\/media?parent=152"}],"wp:term":[{"taxonomy":"category","embeddable":true,"href":"http:\/\/jornalismo.ufsj.edu.br\/van\/wp-json\/wp\/v2\/categories?post=152"},{"taxonomy":"post_tag","embeddable":true,"href":"http:\/\/jornalismo.ufsj.edu.br\/van\/wp-json\/wp\/v2\/tags?post=152"}],"curies":[{"name":"wp","href":"https:\/\/api.w.org\/{rel}","templated":true}]}}