{"id":1516,"date":"2015-07-04T14:55:57","date_gmt":"2015-07-04T14:55:57","guid":{"rendered":"http:\/\/jornalismo.ufsj.edu.br\/van\/?p=1516"},"modified":"2015-07-08T14:56:45","modified_gmt":"2015-07-08T14:56:45","slug":"charge-28o-inverno-cultural-ufsj","status":"publish","type":"post","link":"http:\/\/jornalismo.ufsj.edu.br\/van\/charge-28o-inverno-cultural-ufsj\/","title":{"rendered":"Charge: 28\u00ba Inverno Cultural UFSJ"},"content":{"rendered":"<p>O\u00a0Inverno Cultural \u00e9 o maior programa de extens\u00e3o da UFSJ. Durante as duas semanas de evento, s\u00e3o promovidas dezenas de shows e atividades art\u00edsticas e culturais em S\u00e3o Jo\u00e3o del-Rei e outras cidades de Minas Gerais. A 28\u00aa edi\u00e7\u00e3o do evento acontece de 18 de julho a 1 de agosto de 2015 e trar\u00e1 como inspira\u00e7\u00e3o a express\u00e3o \u201cCultura da \u00e1gua\u201d. Thays Andressa preparou uma charge para entrar no clima. Veja!<\/p>\n<p><a href=\"http:\/\/jornalismo.ufsj.edu.br\/van\/wp-content\/uploads\/2015\/07\/tirinha-Inverno-Cultural-1.jpg\"><img loading=\"lazy\" decoding=\"async\" class=\"alignnone size-full wp-image-1517\" src=\"http:\/\/jornalismo.ufsj.edu.br\/van\/wp-content\/uploads\/2015\/07\/tirinha-Inverno-Cultural-1.jpg\" alt=\"tirinha Inverno Cultural (1)\" width=\"936\" height=\"389\" srcset=\"http:\/\/jornalismo.ufsj.edu.br\/van\/wp-content\/uploads\/2015\/07\/tirinha-Inverno-Cultural-1.jpg 936w, http:\/\/jornalismo.ufsj.edu.br\/van\/wp-content\/uploads\/2015\/07\/tirinha-Inverno-Cultural-1-300x124.jpg 300w\" sizes=\"auto, (max-width: 936px) 100vw, 936px\" \/><\/a><\/p>\n<p>Charge: Thays Andressa<\/p>\n<p>&nbsp;<\/p>\n","protected":false},"excerpt":{"rendered":"<p>O\u00a0Inverno Cultural \u00e9 o maior programa de extens\u00e3o da UFSJ. Durante as duas semanas de evento, s\u00e3o promovidas dezenas de shows e atividades art\u00edsticas e culturais em S\u00e3o Jo\u00e3o del-Rei<\/p>\n","protected":false},"author":2,"featured_media":1517,"comment_status":"open","ping_status":"open","sticky":false,"template":"","format":"standard","meta":{"_monsterinsights_skip_tracking":false,"_monsterinsights_sitenote_active":false,"_monsterinsights_sitenote_note":"","_monsterinsights_sitenote_category":0,"_themeisle_gutenberg_block_has_review":false,"cybocfi_hide_featured_image":"","footnotes":""},"categories":[12,109,26],"tags":[],"class_list":["post-1516","post","type-post","status-publish","format-standard","has-post-thumbnail","hentry","category-santa-cruz-de-minas","category-sao-joao-del-rei-microrregiao-de-sao-joao-del-rei","category-sao-tiago"],"_links":{"self":[{"href":"http:\/\/jornalismo.ufsj.edu.br\/van\/wp-json\/wp\/v2\/posts\/1516","targetHints":{"allow":["GET"]}}],"collection":[{"href":"http:\/\/jornalismo.ufsj.edu.br\/van\/wp-json\/wp\/v2\/posts"}],"about":[{"href":"http:\/\/jornalismo.ufsj.edu.br\/van\/wp-json\/wp\/v2\/types\/post"}],"author":[{"embeddable":true,"href":"http:\/\/jornalismo.ufsj.edu.br\/van\/wp-json\/wp\/v2\/users\/2"}],"replies":[{"embeddable":true,"href":"http:\/\/jornalismo.ufsj.edu.br\/van\/wp-json\/wp\/v2\/comments?post=1516"}],"version-history":[{"count":2,"href":"http:\/\/jornalismo.ufsj.edu.br\/van\/wp-json\/wp\/v2\/posts\/1516\/revisions"}],"predecessor-version":[{"id":1519,"href":"http:\/\/jornalismo.ufsj.edu.br\/van\/wp-json\/wp\/v2\/posts\/1516\/revisions\/1519"}],"wp:featuredmedia":[{"embeddable":true,"href":"http:\/\/jornalismo.ufsj.edu.br\/van\/wp-json\/wp\/v2\/media\/1517"}],"wp:attachment":[{"href":"http:\/\/jornalismo.ufsj.edu.br\/van\/wp-json\/wp\/v2\/media?parent=1516"}],"wp:term":[{"taxonomy":"category","embeddable":true,"href":"http:\/\/jornalismo.ufsj.edu.br\/van\/wp-json\/wp\/v2\/categories?post=1516"},{"taxonomy":"post_tag","embeddable":true,"href":"http:\/\/jornalismo.ufsj.edu.br\/van\/wp-json\/wp\/v2\/tags?post=1516"}],"curies":[{"name":"wp","href":"https:\/\/api.w.org\/{rel}","templated":true}]}}