{"id":151,"date":"2015-03-14T23:40:00","date_gmt":"2015-03-14T23:40:00","guid":{"rendered":"http:\/\/jornalismo.ufsj.edu.br\/van\/?p=151"},"modified":"2015-05-25T21:45:17","modified_gmt":"2015-05-25T21:45:17","slug":"futebol-para-que","status":"publish","type":"post","link":"http:\/\/jornalismo.ufsj.edu.br\/van\/futebol-para-que\/","title":{"rendered":"Cr\u00f4nica: Futebol para qu\u00ea?"},"content":{"rendered":"<div class=\"separator\" style=\"clear: both; text-align: center;\"><a style=\"margin-left: 1em; margin-right: 1em;\" href=\"http:\/\/3.bp.blogspot.com\/-H6_9LGvY3LU\/VQi7XTCDsOI\/AAAAAAAAEgE\/Go-7iPkzQfw\/s1600\/15414576824_c6c510199d_b.jpg\"><img loading=\"lazy\" decoding=\"async\" src=\"http:\/\/3.bp.blogspot.com\/-H6_9LGvY3LU\/VQi7XTCDsOI\/AAAAAAAAEgE\/Go-7iPkzQfw\/s1600\/15414576824_c6c510199d_b.jpg\" alt=\"\" width=\"400\" height=\"241\" border=\"0\" \/><\/a><\/div>\n<p>&nbsp;<\/p>\n<div class=\"Padro\" style=\"line-height: 115%; text-align: justify; text-justify: inter-ideograph;\">O futebol tem uma dimens\u00e3o que eu ainda<br \/>\nn\u00e3o compreendi direito. Muito dinheiro, muita preocupa\u00e7\u00e3o, muitas transa\u00e7\u00f5es<br \/>\nvergonhosas por baixo dos panos. Tudo isso j\u00e1 seria suficiente para eu criar<br \/>\numa implic\u00e2ncia gigantesca com o esporte que, neste pa\u00eds, parece ser o centro<br \/>\ndo mundo. Algo que eu sinto em rela\u00e7\u00e3o \u00e0 pol\u00edtica tamb\u00e9m, mas ela \u00e9 necess\u00e1ria.<br \/>\nO futebol, acredito que n\u00e3o.<\/div>\n<div class=\"Padro\" style=\"line-height: 115%; text-align: justify; text-justify: inter-ideograph;\"><\/div>\n<div class=\"Padro\" style=\"line-height: 115%; text-align: justify; text-justify: inter-ideograph;\">Mas sempre tem um ponto de contradi\u00e7\u00e3o.<br \/>\nNingu\u00e9m vive s\u00f3 de coisas s\u00e9rias. Todo mundo escolhe seu lugar de descanso, de<br \/>\nal\u00edvio! Entretanto, o futebol coleciona umas hist\u00f3rias que justificam toda a<br \/>\nparafern\u00e1lia criada em volta dele: servir de contexto para contos<br \/>\ninacredit\u00e1veis, como esse que ouvi de um amigo.<\/div>\n<div class=\"Padro\" style=\"line-height: 115%; text-align: justify; text-justify: inter-ideograph;\"><\/div>\n<div class=\"Padro\" style=\"line-height: 115%; text-align: justify; text-justify: inter-ideograph;\">\u201cMeu pai torcia pelo Am\u00e9rica e, como o<br \/>\ntime j\u00e1 n\u00e3o sabia o que era primeira divis\u00e3o h\u00e1 muito tempo, as conversas de<br \/>\nfutebol, para ele, eram como passar horas falando sobre a beleza de um lugar<br \/>\nque ele mesmo nunca tinha visitado.<\/div>\n<div class=\"Padro\" style=\"line-height: 115%; text-align: justify; text-justify: inter-ideograph;\">Apesar disso, como todo mundo, de futebol ele<br \/>\ngostava, principalmente quando era dia de jogo do Flamengo.<\/div>\n<div class=\"Padro\" style=\"line-height: 115%; text-align: justify; text-justify: inter-ideograph;\"><\/div>\n<div class=\"Padro\" style=\"line-height: 115%; text-align: justify; text-justify: inter-ideograph;\">Isso porque a sede da torcida organizada<br \/>\ndo Flamengo l\u00e1 do bairro ganhava ingressos do clube e trocava por quilos de<br \/>\nalimentos que seriam repassados para institui\u00e7\u00f5es de caridade. As filas eram<br \/>\ngigantescas, mas papai sempre conseguia pegar um ingresso.<\/div>\n<div class=\"Padro\" style=\"line-height: 115%; text-align: justify; text-justify: inter-ideograph;\"><\/div>\n<div class=\"Padro\" style=\"line-height: 115%; text-align: justify; text-justify: inter-ideograph;\">Quando acabava tudo e a torcida j\u00e1 ia<br \/>\ndesfazendo a fila, papai corria e encontrava o \u00faltimo e oferecia o ingresso que<br \/>\ntinha conseguido por dois quilos de alimentos. Dois quilos e n\u00e3o aceitava mais<br \/>\nque isso;\u00a0 achava desonesto.<\/div>\n<div class=\"Padro\" style=\"line-height: 115%; text-align: justify; text-justify: inter-ideograph;\">Depois me lembro de ele voltar para\u00a0 casa todo feliz, dizendo:<\/div>\n<div class=\"Padro\" style=\"line-height: 115%; text-align: justify; text-justify: inter-ideograph;\"><\/div>\n<div class=\"Padro\" style=\"line-height: 115%; text-align: justify; text-justify: inter-ideograph;\">&#8211;<br \/>\n&#8216;Hoje tive 100% de<br \/>\nlucro&#8217;.<\/div>\n<div class=\"Padro\" style=\"line-height: 115%; margin-left: 36.0pt; mso-list: l0 level1 lfo1; tab-stops: list 36.0pt; text-align: justify; text-indent: -18.0pt; text-justify: inter-ideograph;\"><\/div>\n<div class=\"Padro\" style=\"line-height: 115%; text-align: justify; text-justify: inter-ideograph;\"><\/div>\n<div class=\"Padro\" style=\"line-height: 115%; text-align: justify; text-justify: inter-ideograph;\">Mas at\u00e9 hoje acredito que o homem do fim<br \/>\nda fila sa\u00eda muito mais contente\u201d.<\/div>\n<p>&nbsp;<\/p>\n<div class=\"Padro\" style=\"line-height: 115%; text-align: justify; text-justify: inter-ideograph;\">Texto: Camilla Silva<\/div>\n<div class=\"Padro\" style=\"line-height: 115%; text-align: justify; text-justify: inter-ideograph;\">Foto: Liga Municipal de Desportos<\/div>\n","protected":false},"excerpt":{"rendered":"<p>&nbsp; O futebol tem uma dimens\u00e3o que eu ainda n\u00e3o compreendi direito. Muito dinheiro, muita preocupa\u00e7\u00e3o, muitas transa\u00e7\u00f5es vergonhosas por baixo dos panos. Tudo isso j\u00e1 seria suficiente para eu<\/p>\n","protected":false},"author":2,"featured_media":1082,"comment_status":"open","ping_status":"open","sticky":false,"template":"","format":"standard","meta":{"_monsterinsights_skip_tracking":false,"_monsterinsights_sitenote_active":false,"_monsterinsights_sitenote_note":"","_monsterinsights_sitenote_category":0,"_themeisle_gutenberg_block_has_review":false,"cybocfi_hide_featured_image":"","footnotes":""},"categories":[10,16],"tags":[],"class_list":["post-151","post","type-post","status-publish","format-standard","has-post-thumbnail","hentry","category-cronica","category-esporte"],"_links":{"self":[{"href":"http:\/\/jornalismo.ufsj.edu.br\/van\/wp-json\/wp\/v2\/posts\/151","targetHints":{"allow":["GET"]}}],"collection":[{"href":"http:\/\/jornalismo.ufsj.edu.br\/van\/wp-json\/wp\/v2\/posts"}],"about":[{"href":"http:\/\/jornalismo.ufsj.edu.br\/van\/wp-json\/wp\/v2\/types\/post"}],"author":[{"embeddable":true,"href":"http:\/\/jornalismo.ufsj.edu.br\/van\/wp-json\/wp\/v2\/users\/2"}],"replies":[{"embeddable":true,"href":"http:\/\/jornalismo.ufsj.edu.br\/van\/wp-json\/wp\/v2\/comments?post=151"}],"version-history":[{"count":1,"href":"http:\/\/jornalismo.ufsj.edu.br\/van\/wp-json\/wp\/v2\/posts\/151\/revisions"}],"predecessor-version":[{"id":1083,"href":"http:\/\/jornalismo.ufsj.edu.br\/van\/wp-json\/wp\/v2\/posts\/151\/revisions\/1083"}],"wp:featuredmedia":[{"embeddable":true,"href":"http:\/\/jornalismo.ufsj.edu.br\/van\/wp-json\/wp\/v2\/media\/1082"}],"wp:attachment":[{"href":"http:\/\/jornalismo.ufsj.edu.br\/van\/wp-json\/wp\/v2\/media?parent=151"}],"wp:term":[{"taxonomy":"category","embeddable":true,"href":"http:\/\/jornalismo.ufsj.edu.br\/van\/wp-json\/wp\/v2\/categories?post=151"},{"taxonomy":"post_tag","embeddable":true,"href":"http:\/\/jornalismo.ufsj.edu.br\/van\/wp-json\/wp\/v2\/tags?post=151"}],"curies":[{"name":"wp","href":"https:\/\/api.w.org\/{rel}","templated":true}]}}