{"id":15089,"date":"2025-06-04T13:18:00","date_gmt":"2025-06-04T16:18:00","guid":{"rendered":"https:\/\/jornalismo.ufsj.edu.br\/van\/?p=15089"},"modified":"2025-06-05T13:39:05","modified_gmt":"2025-06-05T16:39:05","slug":"rascunho-coletivo-encanta-publico-com-releitura-de-os-tres-porquinhos-no-teatro-municipal-de-sao-joao-del-rei","status":"publish","type":"post","link":"http:\/\/jornalismo.ufsj.edu.br\/van\/rascunho-coletivo-encanta-publico-com-releitura-de-os-tres-porquinhos-no-teatro-municipal-de-sao-joao-del-rei\/","title":{"rendered":"Rascunho Coletivo encanta p\u00fablico com releitura de \u2018Os tr\u00eas porquinhos\u2019 no Teatro Municipal de S\u00e3o Jo\u00e3o del-Rei\u00a0"},"content":{"rendered":"\n<p class=\"has-text-align-right\"><strong>Por Ana Julia Barbosa, Rafaela Nery, Rafaela Tarsitani Reis e Gabrielli Caldeira<\/strong><\/p>\n\n\n\n<p class=\"has-text-align-left\"><br>Nos dias 29 e 30 de maio, o grupo Rascunho Coletivo se apresentou gratuitamente, no Teatro Municipal De S\u00e3o Jo\u00e3o del-Rei, com a pe\u00e7a \u201cOs tr\u00eas porquinhos\u201d. Como uma nova abordagem, a pe\u00e7a trouxe quest\u00f5es atuais, como o uso do celular e g\u00edrias, al\u00e9m de um desfecho in\u00e9dito para a cl\u00e1ssica hist\u00f3ria infantil.<\/p>\n\n\n\n<div style=\"height:15px\" aria-hidden=\"true\" class=\"wp-block-spacer\"><\/div>\n\n\n<div class=\"wp-block-image\">\n<figure class=\"aligncenter size-large is-resized\"><img loading=\"lazy\" decoding=\"async\" width=\"1024\" height=\"683\" src=\"http:\/\/jornalismo.ufsj.edu.br\/van\/wp-content\/uploads\/2025\/06\/FOTO-1-POS-EVENTO-3-PORQUINHOS-1024x683.jpg\" alt=\"\" class=\"wp-image-15090\" style=\"width:597px;height:auto\" srcset=\"http:\/\/jornalismo.ufsj.edu.br\/van\/wp-content\/uploads\/2025\/06\/FOTO-1-POS-EVENTO-3-PORQUINHOS-1024x683.jpg 1024w, http:\/\/jornalismo.ufsj.edu.br\/van\/wp-content\/uploads\/2025\/06\/FOTO-1-POS-EVENTO-3-PORQUINHOS-300x200.jpg 300w, http:\/\/jornalismo.ufsj.edu.br\/van\/wp-content\/uploads\/2025\/06\/FOTO-1-POS-EVENTO-3-PORQUINHOS-768x512.jpg 768w, http:\/\/jornalismo.ufsj.edu.br\/van\/wp-content\/uploads\/2025\/06\/FOTO-1-POS-EVENTO-3-PORQUINHOS-1536x1024.jpg 1536w, http:\/\/jornalismo.ufsj.edu.br\/van\/wp-content\/uploads\/2025\/06\/FOTO-1-POS-EVENTO-3-PORQUINHOS-900x600.jpg 900w, http:\/\/jornalismo.ufsj.edu.br\/van\/wp-content\/uploads\/2025\/06\/FOTO-1-POS-EVENTO-3-PORQUINHOS.jpg 1600w\" sizes=\"auto, (max-width: 1024px) 100vw, 1024px\" \/><figcaption class=\"wp-element-caption\">Elenco da pe\u00e7a ao final do espet\u00e1culo. Foto: Rafaela Tarsitani Reis.\n<\/figcaption><\/figure>\n<\/div>\n\n\n<div style=\"height:15px\" aria-hidden=\"true\" class=\"wp-block-spacer\"><\/div>\n\n\n\n<p>A montagem da pe\u00e7a trouxe uma releitura divertida e sens\u00edvel da hist\u00f3ria, conquistando desde crian\u00e7as at\u00e9 adultos. Com figurinos coloridos, cen\u00e1rio criativo e uma trilha sonora envolvente, o grupo conseguiu equilibrar humor e reflex\u00e3o, destacando temas como uni\u00e3o, responsabilidade e criatividade.<\/p>\n\n\n\n<p>O p\u00fablico retribuiu com entusiasmo. Durante a pe\u00e7a, risos e rea\u00e7\u00f5es espont\u00e2neas preencheram a sala. Ao final, aplausos demorados e entusiasmados demonstraram o carinho da plateia. \u201cFoi a primeira vez que eu trouxe meu filho e ele ficou super animado, j\u00e1 est\u00e1 me perguntando quando vai ser a pr\u00f3xima vez no teatro\u201d, comentou Ana Paula Campos de Carvalho que assistiu a pe\u00e7a ao lado de seu filho.&nbsp;<\/p>\n\n\n\n<p>Em ambos os dias, o teatro contou com a presen\u00e7a de escolas municipais, da APAE, a Casa Lar, do Albergue Santo Ant\u00f4nio e de moradores da cidade. Com isso, o objetivo do grupo de levar a arte teatral a esse p\u00fablico, foi cumprida. Muitos dos presentes nunca estiveram em um teatro ou assistiram a uma pe\u00e7a.<\/p>\n\n\n\n<div style=\"height:15px\" aria-hidden=\"true\" class=\"wp-block-spacer\"><\/div>\n\n\n<div class=\"wp-block-image\">\n<figure class=\"aligncenter size-large is-resized\"><img loading=\"lazy\" decoding=\"async\" width=\"1024\" height=\"682\" src=\"http:\/\/jornalismo.ufsj.edu.br\/van\/wp-content\/uploads\/2025\/06\/FOTO-2-POS-3-PORQUINHOS-1024x682.jpg\" alt=\"\" class=\"wp-image-15091\" style=\"width:578px;height:auto\" srcset=\"http:\/\/jornalismo.ufsj.edu.br\/van\/wp-content\/uploads\/2025\/06\/FOTO-2-POS-3-PORQUINHOS-1024x682.jpg 1024w, http:\/\/jornalismo.ufsj.edu.br\/van\/wp-content\/uploads\/2025\/06\/FOTO-2-POS-3-PORQUINHOS-300x200.jpg 300w, http:\/\/jornalismo.ufsj.edu.br\/van\/wp-content\/uploads\/2025\/06\/FOTO-2-POS-3-PORQUINHOS-768x512.jpg 768w, http:\/\/jornalismo.ufsj.edu.br\/van\/wp-content\/uploads\/2025\/06\/FOTO-2-POS-3-PORQUINHOS-900x600.jpg 900w, http:\/\/jornalismo.ufsj.edu.br\/van\/wp-content\/uploads\/2025\/06\/FOTO-2-POS-3-PORQUINHOS.jpg 1280w\" sizes=\"auto, (max-width: 1024px) 100vw, 1024px\" \/><figcaption class=\"wp-element-caption\">Alunos da Escola Estadual Tom\u00e9 Portes del-Rei. Foto: Ana Julia Barbosa.\n\n<\/figcaption><\/figure>\n<\/div>\n\n\n<div style=\"height:15px\" aria-hidden=\"true\" class=\"wp-block-spacer\"><\/div>\n\n\n\n<p>No in\u00edcio do ano, o coletivo recebeu verba da lei Aldir Blanc, o que possibilitou o custeio do espet\u00e1culo. Iniciativas como essa aproximam a arte das pessoas comuns, que normalmente n\u00e3o frequentam espa\u00e7os como o teatro.<\/p>\n\n\n\n<p>Entre as&nbsp; diferen\u00e7as em rela\u00e7\u00e3o \u00e0 hist\u00f3ria original,&nbsp; o lobo mau se apresenta como vegano, disfar\u00e7a-se de mineiro para enganar o porquinho \u201cpresuntinho\u201d e em seu desfecho o lobo vira um amigo, at\u00e9 mesmo um pet dos tr\u00eas porquinhos. Com essa e&nbsp; outras modifica\u00e7\u00f5es, a pe\u00e7a prendeu a aten\u00e7\u00e3o de todos ali presentes.&nbsp;<\/p>\n\n\n\n<p>Com essa apresenta\u00e7\u00e3o, o grupo refor\u00e7a sua proposta de levar teatro de qualidade a todos os cantos de S\u00e3o Jo\u00e3o del-Rei, promovendo cultura de forma inclusiva.<\/p>\n\n\n\n<div style=\"height:15px\" aria-hidden=\"true\" class=\"wp-block-spacer\"><\/div>\n\n\n<div class=\"wp-block-image\">\n<figure class=\"aligncenter size-large is-resized\"><img loading=\"lazy\" decoding=\"async\" width=\"1024\" height=\"682\" src=\"http:\/\/jornalismo.ufsj.edu.br\/van\/wp-content\/uploads\/2025\/06\/FOTO-3-POS-3-PORQUINHOS-1024x682.jpg\" alt=\"\" class=\"wp-image-15092\" style=\"width:551px;height:auto\" srcset=\"http:\/\/jornalismo.ufsj.edu.br\/van\/wp-content\/uploads\/2025\/06\/FOTO-3-POS-3-PORQUINHOS-1024x682.jpg 1024w, http:\/\/jornalismo.ufsj.edu.br\/van\/wp-content\/uploads\/2025\/06\/FOTO-3-POS-3-PORQUINHOS-300x200.jpg 300w, http:\/\/jornalismo.ufsj.edu.br\/van\/wp-content\/uploads\/2025\/06\/FOTO-3-POS-3-PORQUINHOS-768x512.jpg 768w, http:\/\/jornalismo.ufsj.edu.br\/van\/wp-content\/uploads\/2025\/06\/FOTO-3-POS-3-PORQUINHOS-900x600.jpg 900w, http:\/\/jornalismo.ufsj.edu.br\/van\/wp-content\/uploads\/2025\/06\/FOTO-3-POS-3-PORQUINHOS.jpg 1280w\" sizes=\"auto, (max-width: 1024px) 100vw, 1024px\" \/><figcaption class=\"wp-element-caption\">Cena da pe\u00e7a. Foto: Gabrielli Caldeira\n<\/figcaption><\/figure>\n<\/div>","protected":false},"excerpt":{"rendered":"<p>Nos dias 29 e 30 de maio, o grupo Rascunho Coletivo apresentou gratuitamente, no Teatro Municipal De S\u00e3o Jo\u00e3o del-Rei, a pe\u00e7a \u201cOs tr\u00eas porquinhos\u201d. Como uma nova abordagem, o espet\u00e1culo trouxe quest\u00f5es atuais e um desfecho in\u00e9dito para a cl\u00e1ssica hist\u00f3ria infantil.<\/p>\n","protected":false},"author":2,"featured_media":15090,"comment_status":"closed","ping_status":"open","sticky":false,"template":"","format":"standard","meta":{"_monsterinsights_skip_tracking":false,"_monsterinsights_sitenote_active":false,"_monsterinsights_sitenote_note":"","_monsterinsights_sitenote_category":0,"_themeisle_gutenberg_block_has_review":false,"cybocfi_hide_featured_image":"yes","footnotes":""},"categories":[765,710,696,13,387,704,109],"tags":[152,32,93,14],"class_list":["post-15089","post","type-post","status-publish","format-standard","has-post-thumbnail","hentry","category-arte","category-campo-dos-vertentes","category-cidadania","category-cultura","category-educacao","category-entretenimento","category-sao-joao-del-rei-microrregiao-de-sao-joao-del-rei","tag-cultura","tag-educacao","tag-lazer","tag-sao-joao-del-rei"],"_links":{"self":[{"href":"http:\/\/jornalismo.ufsj.edu.br\/van\/wp-json\/wp\/v2\/posts\/15089","targetHints":{"allow":["GET"]}}],"collection":[{"href":"http:\/\/jornalismo.ufsj.edu.br\/van\/wp-json\/wp\/v2\/posts"}],"about":[{"href":"http:\/\/jornalismo.ufsj.edu.br\/van\/wp-json\/wp\/v2\/types\/post"}],"author":[{"embeddable":true,"href":"http:\/\/jornalismo.ufsj.edu.br\/van\/wp-json\/wp\/v2\/users\/2"}],"replies":[{"embeddable":true,"href":"http:\/\/jornalismo.ufsj.edu.br\/van\/wp-json\/wp\/v2\/comments?post=15089"}],"version-history":[{"count":1,"href":"http:\/\/jornalismo.ufsj.edu.br\/van\/wp-json\/wp\/v2\/posts\/15089\/revisions"}],"predecessor-version":[{"id":15093,"href":"http:\/\/jornalismo.ufsj.edu.br\/van\/wp-json\/wp\/v2\/posts\/15089\/revisions\/15093"}],"wp:featuredmedia":[{"embeddable":true,"href":"http:\/\/jornalismo.ufsj.edu.br\/van\/wp-json\/wp\/v2\/media\/15090"}],"wp:attachment":[{"href":"http:\/\/jornalismo.ufsj.edu.br\/van\/wp-json\/wp\/v2\/media?parent=15089"}],"wp:term":[{"taxonomy":"category","embeddable":true,"href":"http:\/\/jornalismo.ufsj.edu.br\/van\/wp-json\/wp\/v2\/categories?post=15089"},{"taxonomy":"post_tag","embeddable":true,"href":"http:\/\/jornalismo.ufsj.edu.br\/van\/wp-json\/wp\/v2\/tags?post=15089"}],"curies":[{"name":"wp","href":"https:\/\/api.w.org\/{rel}","templated":true}]}}