{"id":15075,"date":"2025-05-23T10:23:00","date_gmt":"2025-05-23T13:23:00","guid":{"rendered":"https:\/\/jornalismo.ufsj.edu.br\/van\/?p=15075"},"modified":"2025-06-05T11:31:21","modified_gmt":"2025-06-05T14:31:21","slug":"etapa-microrregional-do-jemg-inicia-nesta-segunda-feira-em-sao-joao-del-rei","status":"publish","type":"post","link":"http:\/\/jornalismo.ufsj.edu.br\/van\/etapa-microrregional-do-jemg-inicia-nesta-segunda-feira-em-sao-joao-del-rei\/","title":{"rendered":"Etapa microrregional do JEMG inicia nesta segunda-feira em S\u00e3o Jo\u00e3o del-Rei \u00a0"},"content":{"rendered":"\n<p class=\"has-text-align-right\"><strong>Por Isa Franco<\/strong><\/p>\n\n\n\n<div style=\"height:15px\" aria-hidden=\"true\" class=\"wp-block-spacer\"><\/div>\n\n\n<div class=\"wp-block-image\">\n<figure class=\"aligncenter size-full is-resized\"><img loading=\"lazy\" decoding=\"async\" width=\"567\" height=\"473\" src=\"http:\/\/jornalismo.ufsj.edu.br\/van\/wp-content\/uploads\/2025\/06\/FOTO-PRE-EVENTO-JEMG.png\" alt=\"\" class=\"wp-image-15076\" style=\"width:511px;height:auto\" srcset=\"http:\/\/jornalismo.ufsj.edu.br\/van\/wp-content\/uploads\/2025\/06\/FOTO-PRE-EVENTO-JEMG.png 567w, http:\/\/jornalismo.ufsj.edu.br\/van\/wp-content\/uploads\/2025\/06\/FOTO-PRE-EVENTO-JEMG-300x250.png 300w\" sizes=\"auto, (max-width: 567px) 100vw, 567px\" \/><figcaption class=\"wp-element-caption\">Divulga\u00e7\u00e3o oficial do evento. Fonte: Reprodu\u00e7\u00e3o\/Instagram Secretaria de Esportes de SJDR<\/figcaption><\/figure>\n<\/div>\n\n\n<div style=\"height:15px\" aria-hidden=\"true\" class=\"wp-block-spacer\"><\/div>\n\n\n\n<p>A etapa microrregional do Jogos Escolares de Minas Gerais (JEMG) ser\u00e1 sediada em S\u00e3o Jo\u00e3o del-Rei e ter\u00e1 in\u00edcio nesta segunda -feira (26). A abertura ocorrer\u00e1 no Parque de Exposi\u00e7\u00f5es a partir de 07:30h, e as competi\u00e7\u00f5es se estender\u00e3o at\u00e9 s\u00e1bado (31) contando com diversas modalidades coletivas, como handebol, futsal, basquete e v\u00f4lei, al\u00e9m das individuais, como atletismo, nata\u00e7\u00e3o, xadrez e outros.<\/p>\n\n\n\n<p>Essa \u00e9 a maior competi\u00e7\u00e3o esportiva escolar do estado. Realizado anualmente, o campeonato re\u00fane estudantes de escolas p\u00fablicas e privadas de todas as regi\u00f5es mineiras, com o objetivo de promover o esporte, a integra\u00e7\u00e3o, o desenvolvimento social e o fortalecimento de valores, como o trabalho em equipe, a disciplina e o respeito. Mais do que um torneio, o JEMG \u00e9 uma oportunidade de revelar talentos, incentivar pr\u00e1ticas saud\u00e1veis e transformar vidas atrav\u00e9s do esporte.<\/p>\n\n\n\n<p>A competi\u00e7\u00e3o estudantil conta com 4 fases, sendo elas: Municipal, na qual cada munic\u00edpio realiza seus pr\u00f3prios jogos para selecionar as escolas e atletas que ir\u00e3o representar a cidade na etapa seguinte; Microrregional, que re\u00fane os campe\u00f5es municipais de v\u00e1rias cidades da mesma regi\u00e3o; Regional, na qual os campe\u00f5es da micro se enfrentam em uma etapa mais ampla; e Estadual, que \u00e9 a grande final do JEMG, onde os melhores de todo o estado competem entre si. Quem vence nessa fase representa Minas Gerais nos Jogos Escolares Brasileiros (JEBS).\u00a0<\/p>\n\n\n\n<p>\u00a0O evento \u00e9 aberto ao p\u00fablico geral interessado em prestigiar os atletas e suas respectivas escolas. Al\u00e9m disso, os jogos ocorrer\u00e3o nas quadras esportivas conhecidas da cidade: Athletic Club, CTAN\/UFSJ, Clube Am\u00e9rica Recreativo Futebol, Instituto Auxiliadora SJDR e Sport Center Fernando Magno. <\/p>\n\n\n\n<div style=\"height:20px\" aria-hidden=\"true\" class=\"wp-block-spacer\"><\/div>\n\n\n\n<h2 class=\"wp-block-heading has-text-align-center\">SERVI\u00c7O<\/h2>\n\n\n\n<p class=\"has-text-align-center\">Para mais informa\u00e7\u00f5es, acesse @sjdr.esportes e\/ou @oficial.jemg no Instagram .\u00a0<\/p>\n\n\n\n<p><\/p>\n","protected":false},"excerpt":{"rendered":"<p>A etapa microrregional do Jogos Escolares de Minas Gerais (JEMG), sediada em S\u00e3o Jo\u00e3o del-Rei, ter\u00e1 in\u00edcio nesta segunda -feira (26).  Para mais informa\u00e7\u00f5es sobre o evento de abertura e as diversas modalidades, leia agora a mat\u00e9ria completa!<\/p>\n","protected":false},"author":2,"featured_media":15076,"comment_status":"closed","ping_status":"open","sticky":false,"template":"","format":"standard","meta":{"_monsterinsights_skip_tracking":false,"_monsterinsights_sitenote_active":false,"_monsterinsights_sitenote_note":"","_monsterinsights_sitenote_category":0,"_themeisle_gutenberg_block_has_review":false,"cybocfi_hide_featured_image":"yes","footnotes":""},"categories":[387,16,33,5,44,29,31,12,109,21,19],"tags":[149,32,27,14,159],"class_list":["post-15075","post","type-post","status-publish","format-standard","has-post-thumbnail","hentry","category-educacao","category-esporte","category-lagoa-dourada","category-microrregiao-de-sao-joao-del-rei","category-prados","category-resende-costa","category-ritapolis","category-santa-cruz-de-minas","category-sao-joao-del-rei-microrregiao-de-sao-joao-del-rei","category-saude","category-tiradentes","tag-cidades","tag-educacao","tag-esportes","tag-sao-joao-del-rei","tag-saude"],"_links":{"self":[{"href":"http:\/\/jornalismo.ufsj.edu.br\/van\/wp-json\/wp\/v2\/posts\/15075","targetHints":{"allow":["GET"]}}],"collection":[{"href":"http:\/\/jornalismo.ufsj.edu.br\/van\/wp-json\/wp\/v2\/posts"}],"about":[{"href":"http:\/\/jornalismo.ufsj.edu.br\/van\/wp-json\/wp\/v2\/types\/post"}],"author":[{"embeddable":true,"href":"http:\/\/jornalismo.ufsj.edu.br\/van\/wp-json\/wp\/v2\/users\/2"}],"replies":[{"embeddable":true,"href":"http:\/\/jornalismo.ufsj.edu.br\/van\/wp-json\/wp\/v2\/comments?post=15075"}],"version-history":[{"count":1,"href":"http:\/\/jornalismo.ufsj.edu.br\/van\/wp-json\/wp\/v2\/posts\/15075\/revisions"}],"predecessor-version":[{"id":15077,"href":"http:\/\/jornalismo.ufsj.edu.br\/van\/wp-json\/wp\/v2\/posts\/15075\/revisions\/15077"}],"wp:featuredmedia":[{"embeddable":true,"href":"http:\/\/jornalismo.ufsj.edu.br\/van\/wp-json\/wp\/v2\/media\/15076"}],"wp:attachment":[{"href":"http:\/\/jornalismo.ufsj.edu.br\/van\/wp-json\/wp\/v2\/media?parent=15075"}],"wp:term":[{"taxonomy":"category","embeddable":true,"href":"http:\/\/jornalismo.ufsj.edu.br\/van\/wp-json\/wp\/v2\/categories?post=15075"},{"taxonomy":"post_tag","embeddable":true,"href":"http:\/\/jornalismo.ufsj.edu.br\/van\/wp-json\/wp\/v2\/tags?post=15075"}],"curies":[{"name":"wp","href":"https:\/\/api.w.org\/{rel}","templated":true}]}}