{"id":15069,"date":"2025-05-31T15:32:06","date_gmt":"2025-05-31T18:32:06","guid":{"rendered":"https:\/\/jornalismo.ufsj.edu.br\/van\/?p=15069"},"modified":"2025-05-31T15:36:30","modified_gmt":"2025-05-31T18:36:30","slug":"podcast-da-van-agenda-esportiva-de-junho","status":"publish","type":"post","link":"http:\/\/jornalismo.ufsj.edu.br\/van\/podcast-da-van-agenda-esportiva-de-junho\/","title":{"rendered":"PODCAST DA VAN: Agenda Esportiva de Junho"},"content":{"rendered":"\n<div style=\"height:15px\" aria-hidden=\"true\" class=\"wp-block-spacer\"><\/div>\n\n\n<div class=\"wp-block-image\">\n<figure class=\"aligncenter size-large is-resized\"><img decoding=\"async\" src=\"http:\/\/jornalismo.ufsj.edu.br\/van\/wp-content\/uploads\/2025\/05\/CAPA-SPOTIFY-VAN-1024x1024.png\" alt=\"\" class=\"wp-image-15070\" style=\"width:388px;height:auto\"\/><\/figure>\n<\/div>\n\n\n<div style=\"height:15px\" aria-hidden=\"true\" class=\"wp-block-spacer\"><\/div>\n\n\n\n<p>Junho entrou em campo e com ele veio o mais novo quadro do Podcast da VAN: a Agenda Esportiva. Mensalmente, em epis\u00f3dios curtos e completos, informa\u00e7\u00f5es dos principais eventos esportivos do Campo das Vertentes ser\u00e3o trazidas para os amantes de todas as modalidades.<\/p>\n\n\n\n<p>Nesta primeira edi\u00e7\u00e3o, uma agenda cheia de energia conta com diversas competi\u00e7\u00f5es para quem vibra com o esporte. Confira e descubra agora onde e quando torcer e se emocionar!<br><\/p>\n\n\n\n<div style=\"height:20px\" aria-hidden=\"true\" class=\"wp-block-spacer\"><\/div>\n\n\n\n<figure class=\"wp-block-embed is-type-rich is-provider-spotify wp-block-embed-spotify wp-embed-aspect-21-9 wp-has-aspect-ratio\"><div class=\"wp-block-embed__wrapper\">\n<iframe title=\"Spotify Embed: Agenda Esportiva - Junho\" style=\"border-radius: 12px\" width=\"100%\" height=\"152\" frameborder=\"0\" allowfullscreen allow=\"autoplay; clipboard-write; encrypted-media; fullscreen; picture-in-picture\" loading=\"lazy\" src=\"https:\/\/open.spotify.com\/embed\/episode\/5MiXYQzhvumtbmySP8xDGF?si=PfG3i_YZTzmVQv7lVScpKw&#038;utm_source=oembed\"><\/iframe>\n<\/div><\/figure>\n\n\n\n<p><em>Roteiro: Ana Beatriz Silva e Rafaela Nery<br>Narra\u00e7\u00e3o: Gabriel Augusto e Isabela Franco<br>Organiza\u00e7\u00e3o e Edi\u00e7\u00e3o: Igor Chaves<\/em><\/p>\n","protected":false},"excerpt":{"rendered":"<p>Junho entrou em campo e com ele veio o mais novo quadro do Podcast da VAN: a Agenda Esportiva!<br \/>\n Mensalmente, epis\u00f3dios curtos e completos trar\u00e3o informa\u00e7\u00f5es dos principais eventos esportivos do Campo das Vertentes.<br \/>\nConfira agora o epis\u00f3dio!<\/p>\n","protected":false},"author":2,"featured_media":15070,"comment_status":"closed","ping_status":"open","sticky":false,"template":"","format":"standard","meta":{"_monsterinsights_skip_tracking":false,"_monsterinsights_sitenote_active":false,"_monsterinsights_sitenote_note":"","_monsterinsights_sitenote_category":0,"_themeisle_gutenberg_block_has_review":false,"cybocfi_hide_featured_image":"yes","footnotes":""},"categories":[368,710,3,704,16,737,109,19],"tags":[27,93,14,157],"class_list":["post-15069","post","type-post","status-publish","format-standard","has-post-thumbnail","hentry","category-agenda-van","category-campo-dos-vertentes","category-cidades","category-entretenimento","category-esporte","category-futebol","category-sao-joao-del-rei-microrregiao-de-sao-joao-del-rei","category-tiradentes","tag-esportes","tag-lazer","tag-sao-joao-del-rei","tag-tiradentes"],"_links":{"self":[{"href":"http:\/\/jornalismo.ufsj.edu.br\/van\/wp-json\/wp\/v2\/posts\/15069","targetHints":{"allow":["GET"]}}],"collection":[{"href":"http:\/\/jornalismo.ufsj.edu.br\/van\/wp-json\/wp\/v2\/posts"}],"about":[{"href":"http:\/\/jornalismo.ufsj.edu.br\/van\/wp-json\/wp\/v2\/types\/post"}],"author":[{"embeddable":true,"href":"http:\/\/jornalismo.ufsj.edu.br\/van\/wp-json\/wp\/v2\/users\/2"}],"replies":[{"embeddable":true,"href":"http:\/\/jornalismo.ufsj.edu.br\/van\/wp-json\/wp\/v2\/comments?post=15069"}],"version-history":[{"count":3,"href":"http:\/\/jornalismo.ufsj.edu.br\/van\/wp-json\/wp\/v2\/posts\/15069\/revisions"}],"predecessor-version":[{"id":15074,"href":"http:\/\/jornalismo.ufsj.edu.br\/van\/wp-json\/wp\/v2\/posts\/15069\/revisions\/15074"}],"wp:featuredmedia":[{"embeddable":true,"href":"http:\/\/jornalismo.ufsj.edu.br\/van\/wp-json\/wp\/v2\/media\/15070"}],"wp:attachment":[{"href":"http:\/\/jornalismo.ufsj.edu.br\/van\/wp-json\/wp\/v2\/media?parent=15069"}],"wp:term":[{"taxonomy":"category","embeddable":true,"href":"http:\/\/jornalismo.ufsj.edu.br\/van\/wp-json\/wp\/v2\/categories?post=15069"},{"taxonomy":"post_tag","embeddable":true,"href":"http:\/\/jornalismo.ufsj.edu.br\/van\/wp-json\/wp\/v2\/tags?post=15069"}],"curies":[{"name":"wp","href":"https:\/\/api.w.org\/{rel}","templated":true}]}}