{"id":15065,"date":"2025-05-28T14:27:15","date_gmt":"2025-05-28T17:27:15","guid":{"rendered":"https:\/\/jornalismo.ufsj.edu.br\/van\/?p=15065"},"modified":"2025-05-28T14:27:16","modified_gmt":"2025-05-28T17:27:16","slug":"os-tres-porquinhos-dos-livros-para-o-palco-rascunho-coletivo-se-apresenta-gratuitamente-em-sao-joao-del-rei","status":"publish","type":"post","link":"http:\/\/jornalismo.ufsj.edu.br\/van\/os-tres-porquinhos-dos-livros-para-o-palco-rascunho-coletivo-se-apresenta-gratuitamente-em-sao-joao-del-rei\/","title":{"rendered":"Os Tr\u00eas Porquinhos, dos livros para o palco: Rascunho Coletivo se apresenta gratuitamente em S\u00e3o Jo\u00e3o del-Rei\u00a0"},"content":{"rendered":"\n<p class=\"has-text-align-right\"><strong>Por Ana Julia Barbosa, Gabrielli Caldeira, Rafaela Nery e Rafaela Tarsitani Reis<\/strong><\/p>\n\n\n\n<div style=\"height:15px\" aria-hidden=\"true\" class=\"wp-block-spacer\"><\/div>\n\n\n<div class=\"wp-block-image\">\n<figure class=\"aligncenter size-large is-resized\"><img loading=\"lazy\" decoding=\"async\" width=\"1024\" height=\"682\" src=\"http:\/\/jornalismo.ufsj.edu.br\/van\/wp-content\/uploads\/2025\/05\/foto-1-3-porquinhos-rascunho-coletivo-1024x682.jpg\" alt=\"\" class=\"wp-image-15066\" style=\"width:625px;height:auto\" srcset=\"http:\/\/jornalismo.ufsj.edu.br\/van\/wp-content\/uploads\/2025\/05\/foto-1-3-porquinhos-rascunho-coletivo-1024x682.jpg 1024w, http:\/\/jornalismo.ufsj.edu.br\/van\/wp-content\/uploads\/2025\/05\/foto-1-3-porquinhos-rascunho-coletivo-300x200.jpg 300w, http:\/\/jornalismo.ufsj.edu.br\/van\/wp-content\/uploads\/2025\/05\/foto-1-3-porquinhos-rascunho-coletivo-768x512.jpg 768w, http:\/\/jornalismo.ufsj.edu.br\/van\/wp-content\/uploads\/2025\/05\/foto-1-3-porquinhos-rascunho-coletivo-1536x1023.jpg 1536w, http:\/\/jornalismo.ufsj.edu.br\/van\/wp-content\/uploads\/2025\/05\/foto-1-3-porquinhos-rascunho-coletivo-900x600.jpg 900w, http:\/\/jornalismo.ufsj.edu.br\/van\/wp-content\/uploads\/2025\/05\/foto-1-3-porquinhos-rascunho-coletivo.jpg 1600w\" sizes=\"auto, (max-width: 1024px) 100vw, 1024px\" \/><figcaption class=\"wp-element-caption\"><strong>Foto da pe\u00e7a \u201cOs Tr\u00eas Porquinhos\u201d, encenada pelo Rascunho Coletivo. Foto: Reprodu\u00e7\u00e3o\/Felipe Assun\u00e7\u00e3o<\/strong><br><br><\/figcaption><\/figure>\n<\/div>\n\n\n<div style=\"height:15px\" aria-hidden=\"true\" class=\"wp-block-spacer\"><\/div>\n\n\n\n<p>Nascido em 2023 no seio do curso de teatro da Universidade Federal de S\u00e3o Jo\u00e3o del-Rei, o Rascunho Coletivo surgiu do encontro entre Diego Fernandes, Henrique Fid, Isabela Andrade e Marcela Lemos. O grupo nasceu da inquieta\u00e7\u00e3o de seus membros com os limites do teatro universit\u00e1rio e da vontade de levar a arte c\u00eanica para a sociedade s\u00e3o-joanense. \u201cEu gosto de falar que o Rascunho surge desde a necessidade de fazer teatro\u201d, relata Diego.<\/p>\n\n\n\n<p>O cl\u00e1ssico infantil ganha uma nova vers\u00e3o neste espet\u00e1culo, Pururuquinha, Baconzita e Presentinho Pig passar\u00e3o por momentos desafiadores ao lado do Lobo Mau, sem perder sua ess\u00eancia mas com um toque de modernidade. \u201cO mais legal \u00e9 realmente dialogar com a crian\u00e7a da forma que ela entenda. Eu consigo transformar a minha forma de falar em uma que chegue a elas\u201d, relata o diretor do espet\u00e1culo.<\/p>\n\n\n\n<p>O intuito principal do coletivo \u00e9 levar o teatro para a popula\u00e7\u00e3o marginalizada (escolas p\u00fablicas, principalmente as perif\u00e9ricas, e institui\u00e7\u00f5es de assist\u00eancia social, como APAE e Casa Lar), dando oportunidade de uma experi\u00eancia nova para essas crian\u00e7as. \u201cN\u00f3s do Rascunho, tamb\u00e9m viemos de uma realidade perif\u00e9rica e invisibilizada. Eu, por exemplo, fui tocada por essas a\u00e7\u00f5es. Acho ent\u00e3o que \u00e9 um pouco de dar continuidade\u201d, exp\u00f4s Isabela.<\/p>\n\n\n\n<p>O transporte p\u00fablico, para levar as crian\u00e7as ao teatro, segue sendo o maior desafio que o grupo encontra. O espet\u00e1culo \u00e9 montado para o p\u00fablico infantil mas a pr\u00f3pria institui\u00e7\u00e3o n\u00e3o pode comparecer por falta de suporte \u00e0 locomo\u00e7\u00e3o. \u201cEstamos enfrentando muita dificuldade de levar as crian\u00e7as da escola, porque como \u00e9 que as crian\u00e7as v\u00e3o? \u00c9 dif\u00edcil levar elas de fato, mesmo com o incentivo e com a prefeitura apoiando, n\u00e3o est\u00e1 sendo f\u00e1cil\u201d, relata Henrique Fid.<\/p>\n\n\n\n<div style=\"height:16px\" aria-hidden=\"true\" class=\"wp-block-spacer\"><\/div>\n\n\n<div class=\"wp-block-image\">\n<figure class=\"aligncenter size-large is-resized\"><img loading=\"lazy\" decoding=\"async\" width=\"1024\" height=\"682\" src=\"http:\/\/jornalismo.ufsj.edu.br\/van\/wp-content\/uploads\/2025\/05\/foto-tres-porquinhos-2-1024x682.jpg\" alt=\"\" class=\"wp-image-15067\" style=\"width:608px;height:auto\" srcset=\"http:\/\/jornalismo.ufsj.edu.br\/van\/wp-content\/uploads\/2025\/05\/foto-tres-porquinhos-2-1024x682.jpg 1024w, http:\/\/jornalismo.ufsj.edu.br\/van\/wp-content\/uploads\/2025\/05\/foto-tres-porquinhos-2-300x200.jpg 300w, http:\/\/jornalismo.ufsj.edu.br\/van\/wp-content\/uploads\/2025\/05\/foto-tres-porquinhos-2-768x512.jpg 768w, http:\/\/jornalismo.ufsj.edu.br\/van\/wp-content\/uploads\/2025\/05\/foto-tres-porquinhos-2-1536x1023.jpg 1536w, http:\/\/jornalismo.ufsj.edu.br\/van\/wp-content\/uploads\/2025\/05\/foto-tres-porquinhos-2-900x600.jpg 900w, http:\/\/jornalismo.ufsj.edu.br\/van\/wp-content\/uploads\/2025\/05\/foto-tres-porquinhos-2.jpg 1600w\" sizes=\"auto, (max-width: 1024px) 100vw, 1024px\" \/><figcaption class=\"wp-element-caption\">Isabela, Henrique e Marcela caracterizados dos tr\u00eas porquinhos. Foto: Reprodu\u00e7\u00e3o\/Felipe Assun\u00e7\u00e3o\n<\/figcaption><\/figure>\n<\/div>\n\n\n<div style=\"height:15px\" aria-hidden=\"true\" class=\"wp-block-spacer\"><\/div>\n\n\n\n<p>Pela primeira vez o coletivo recebe uma verba para montar o espet\u00e1culo, atrav\u00e9s da inscri\u00e7\u00e3o na Lei Aldir Blanc, que tem como objetivo fomentar a cultura nacional.  \u201c\u00c9 a primeira vez que a gente recebe alguma &#8220;grana&#8221;. Porque de resto, desde que surgiu em 2023, investimos do pr\u00f3prio bolso\u201d, comenta Henrique Fid.<\/p>\n\n\n\n<p>O coletivo, desde seu princ\u00edpio, prioriza democratizar o acesso ao, algo, muitas vezes n\u00e3o visto como necess\u00e1rio. Para Isabela, a arte n\u00e3o \u00e9 s\u00f3 um ramo profissional, mas sim uma forma de express\u00e3o que lida com sentimentos e que, por isso, faz sentido. O coletivo, assim, se faz presente para implementar essa mentalidade. \u201cAs pessoas n\u00e3o conseguem ver que a arte \u00e9 t\u00e3o necess\u00e1ria e t\u00e3o presente na nossa vida, n\u00e3o s\u00f3 como est\u00e9tica mas tamb\u00e9m como aprendizado, como express\u00e3o, como uma medida terap\u00eautica. A arte \u00e9 muita coisa\u201d afirma. Diego, nesse vi\u00e9s, complementa de modo sincero: \u201cVai muito al\u00e9m do que a gente vai ganhar com isso, porque se fosse para ganhar dinheiro, eu n\u00e3o estava fazendo teatro\u201d<\/p>\n\n\n\n<h3 class=\"wp-block-heading\"><strong>APAE<\/strong>\u00a0<\/h3>\n\n\n\n<p>A APAE de S\u00e3o Jo\u00e3o del-Rei recebeu o convite do coletivo para levar suas crian\u00e7as para a apresenta\u00e7\u00e3o. Em conversa com a diretora da institui\u00e7\u00e3o, Dorinha Teixeira, a import\u00e2ncia de seus alunos fazerem parte de eventos como esse \u00e9 ressaltada. \u201cA gente faz todo o esfor\u00e7o para estar participando, porque eu acho que \u00e9 legal propiciar esse tipo de atividade para as crian\u00e7as, visto que a grande maioria n\u00e3o tem essas possibilidades no dia-a-dia, enquanto fam\u00edlia\u201d, afirma.<\/p>\n\n\n\n<p>Para que os assistidos da institui\u00e7\u00e3o aproveitem melhor o espet\u00e1culo, os professores j\u00e1 est\u00e3o desenvolvendo a tem\u00e1tica em sala de aula: \u201cOs professores est\u00e3o contando a hist\u00f3ria e trabalhando algumas atividades relacionadas ao (livro) Tr\u00eas Porquinhos. Por que isso? Para que eles cheguem l\u00e1 j\u00e1 entendendo melhor o enredo como um todo, o que est\u00e1 acontecendo\u201d. Explica Dorinha que a previsibilidade \u00e9 essencial para que as crian\u00e7as se preparem para sair da rotina.\u00a0<\/p>\n\n\n\n<p>A sa\u00edda da institui\u00e7\u00e3o tamb\u00e9m \u00e9 uma forma de refor\u00e7ar a presen\u00e7a das crian\u00e7as da APAE na comunidade, muitas vezes negligenciada. Mais que isso, \u00e9 uma atividade que desperta o interesse real delas: &#8220;Crian\u00e7as gostam de sair um pouquinho tamb\u00e9m da sua rotina escolar. S\u00f3 de estar pegando um \u00f4nibus, ir para um momento, um lugar diferente, \u00e9 \u00f3timo. A gente tamb\u00e9m vai fazer um lanche diferenciado, um hor\u00e1rio diferenciado\u201d, relata a diretora.\u00a0<\/p>\n\n\n\n<p>Conforme mencionado pelo Rascunho Coletivo, um dos obst\u00e1culos sempre presentes nessas situa\u00e7\u00f5es \u00e9 a falata de transporte adequado. Atualmente a APAE utiliza o transporte do munic\u00edpio para buscar e levar as crian\u00e7as, por\u00e9m n\u00e3o contempla passeios. Nesse evento em quest\u00e3o, s\u00f3 ser\u00e1 poss\u00edvel levar os alunos, pois a institui\u00e7\u00e3o pediu ajuda a um parceiro que cedeu o \u00f4nibus. A APAE s\u00f3 se responsabilizar\u00e1 com o gasto com combust\u00edvel.\u00a0<\/p>\n\n\n\n<p>Apesar dos desafios, a expectativa da equipe \u00e9 alta, segundo Dorinha. Com base em experi\u00eancias anteriores, o encanto dos alunos \u00e9 algo certo: \u201c\u00c9 incrivel isso, eles voltam super felizes, voltam cheios de inspira\u00e7\u00e3o\u201d, diz.<\/p>\n\n\n\n<div style=\"height:16px\" aria-hidden=\"true\" class=\"wp-block-spacer\"><\/div>\n\n\n\n<h2 class=\"wp-block-heading has-text-align-center\">SERVI\u00c7O<\/h2>\n\n\n\n<p class=\"has-text-align-center\">Data: 29 e 30 de maio<br>Hor\u00e1rio: 15h<br>Local: Teatro Municipal<br>*Acess\u00edvel em Libras<\/p>\n\n\n\n<p class=\"has-text-align-center\">Garanta seu ingresso pelo Sympla (acesse o site ou o link na bio do Instagram @rascunhocoletivo).<\/p>\n\n\n\n<p class=\"has-text-align-center\">Arrecada\u00e7\u00e3o volunt\u00e1ria: leve 1kg de alimento n\u00e3o perec\u00edvel na entrada.<\/p>\n","protected":false},"excerpt":{"rendered":"<p>Nascido em 2023, no curso de teatro da Universidade Federal de S\u00e3o Jo\u00e3o del-Rei, o Rascunho Coletivo surgiu do encontro entre quatro amigos.<br \/>\nO cl\u00e1ssico infantil ganha uma nova vers\u00e3o neste espet\u00e1culo, sem perder sua ess\u00eancia mas com um toque de modernidade.<\/p>\n","protected":false},"author":2,"featured_media":15066,"comment_status":"closed","ping_status":"open","sticky":false,"template":"","format":"standard","meta":{"_monsterinsights_skip_tracking":false,"_monsterinsights_sitenote_active":false,"_monsterinsights_sitenote_note":"","_monsterinsights_sitenote_category":0,"_themeisle_gutenberg_block_has_review":false,"cybocfi_hide_featured_image":"yes","footnotes":""},"categories":[794,765,696,704],"tags":[152,32,93,14],"class_list":["post-15065","post","type-post","status-publish","format-standard","has-post-thumbnail","hentry","category-apaexonados","category-arte","category-cidadania","category-entretenimento","tag-cultura","tag-educacao","tag-lazer","tag-sao-joao-del-rei"],"_links":{"self":[{"href":"http:\/\/jornalismo.ufsj.edu.br\/van\/wp-json\/wp\/v2\/posts\/15065","targetHints":{"allow":["GET"]}}],"collection":[{"href":"http:\/\/jornalismo.ufsj.edu.br\/van\/wp-json\/wp\/v2\/posts"}],"about":[{"href":"http:\/\/jornalismo.ufsj.edu.br\/van\/wp-json\/wp\/v2\/types\/post"}],"author":[{"embeddable":true,"href":"http:\/\/jornalismo.ufsj.edu.br\/van\/wp-json\/wp\/v2\/users\/2"}],"replies":[{"embeddable":true,"href":"http:\/\/jornalismo.ufsj.edu.br\/van\/wp-json\/wp\/v2\/comments?post=15065"}],"version-history":[{"count":1,"href":"http:\/\/jornalismo.ufsj.edu.br\/van\/wp-json\/wp\/v2\/posts\/15065\/revisions"}],"predecessor-version":[{"id":15068,"href":"http:\/\/jornalismo.ufsj.edu.br\/van\/wp-json\/wp\/v2\/posts\/15065\/revisions\/15068"}],"wp:featuredmedia":[{"embeddable":true,"href":"http:\/\/jornalismo.ufsj.edu.br\/van\/wp-json\/wp\/v2\/media\/15066"}],"wp:attachment":[{"href":"http:\/\/jornalismo.ufsj.edu.br\/van\/wp-json\/wp\/v2\/media?parent=15065"}],"wp:term":[{"taxonomy":"category","embeddable":true,"href":"http:\/\/jornalismo.ufsj.edu.br\/van\/wp-json\/wp\/v2\/categories?post=15065"},{"taxonomy":"post_tag","embeddable":true,"href":"http:\/\/jornalismo.ufsj.edu.br\/van\/wp-json\/wp\/v2\/tags?post=15065"}],"curies":[{"name":"wp","href":"https:\/\/api.w.org\/{rel}","templated":true}]}}