{"id":1502,"date":"2015-07-02T17:28:51","date_gmt":"2015-07-02T17:28:51","guid":{"rendered":"http:\/\/jornalismo.ufsj.edu.br\/van\/?p=1502"},"modified":"2015-07-05T19:41:03","modified_gmt":"2015-07-05T19:41:03","slug":"a-historia-dos-bombeiros-das-vertentes","status":"publish","type":"post","link":"http:\/\/jornalismo.ufsj.edu.br\/van\/a-historia-dos-bombeiros-das-vertentes\/","title":{"rendered":"A hist\u00f3ria dos bombeiros das Vertentes"},"content":{"rendered":"<p style=\"text-align: justify;\"><a href=\"http:\/\/jornalismo.ufsj.edu.br\/van\/wp-content\/uploads\/2015\/07\/bombeiro_helicoptero_simulacao.jpg\"><img loading=\"lazy\" decoding=\"async\" class=\"alignnone size-full wp-image-1503\" src=\"http:\/\/jornalismo.ufsj.edu.br\/van\/wp-content\/uploads\/2015\/07\/bombeiro_helicoptero_simulacao.jpg\" alt=\"bombeiro_helicoptero_simulacao\" width=\"525\" height=\"250\" srcset=\"http:\/\/jornalismo.ufsj.edu.br\/van\/wp-content\/uploads\/2015\/07\/bombeiro_helicoptero_simulacao.jpg 525w, http:\/\/jornalismo.ufsj.edu.br\/van\/wp-content\/uploads\/2015\/07\/bombeiro_helicoptero_simulacao-300x142.jpg 300w\" sizes=\"auto, (max-width: 525px) 100vw, 525px\" \/><\/a><\/p>\n<p style=\"text-align: justify;\">No dia 2 de julho \u00e9 comemorado o dia nacional dos bombeiros, mais conhecidos como \u201canjos da guarda\u201d. A profiss\u00e3o, que se tornou oficial no pa\u00eds por meio de um decreto de D.Pedro II no ano de 1856, tem o objetivo de combater inc\u00eandios, auxiliar a popula\u00e7\u00e3o em situa\u00e7\u00f5es de perigo e desastres naturais e at\u00e9 mesmo fornecer atendimentos de urg\u00eancia m\u00e9dica.<\/p>\n<p style=\"text-align: justify;\">De acordo com o portal \u201cS\u00e3o Jo\u00e3o del-Rei Transparente\u201d, o primeiro corpo de bombeiros da cidade de S\u00e3o Jo\u00e3o del-Rei foi inaugurado no dia 03 de novembro de 1997 pelo ent\u00e3o governador Eduardo Azeredo e pelo Prefeito Municipal Fernando F\u00e9lix Vera Cruz. Com o objetivo de completar a equipe de bombeiros do munic\u00edpio, no dia 2 de novembro de 1997 a cidade dos sinos recebeu um total de 10 Bombeiros Militares para atuar na cidade.<\/p>\n<p style=\"text-align: justify;\">O tenente do corpo de bombeiros de S\u00e3o Jo\u00e3o del-Rei, Jorge H\u00e9lio Campos Pinto, explica que a profiss\u00e3o do bombeiro \u00e9 extremamente gratificante:<\/p>\n<p style=\"text-align: justify;\">&#8211; \u201cO objetivo \u00e9 atender da melhor forma poss\u00edvel, no menor tempo poss\u00edvel e estar sempre pronto para a demanda da cidade, buscando sempre diminuir as ocorr\u00eancias\u201d, comenta o tenente.<\/p>\n<p style=\"text-align: justify;\">O grupo de bombeiros s\u00e3o-joanense tamb\u00e9m trabalha com projetos de conscientiza\u00e7\u00e3o e comunica\u00e7\u00e3o com a popula\u00e7\u00e3o local e regional. Um dos projetos realizado pelo grupo \u00e9 o \u201cAlerta Vermelho\u201d. O programa de conscientiza\u00e7\u00e3o conta com a parceria da defesa civil da cidade e \u00e9 realizado mensalmente. A finalidade do mesmo \u00e9 visitar as casas dos moradores de S\u00e3o Jo\u00e3o del- Rei e regi\u00e3o ensinando recursos de preven\u00e7\u00e3o a inc\u00eandios e situa\u00e7\u00f5es de perigo.<\/p>\n<p style=\"text-align: justify;\">O morador s\u00e3o-joanense, Henrique da Costa, afirma estar satisfeito com o trabalho dos bombeiros da cidade e diz j\u00e1 ter visto a equipe salvar vidas:<\/p>\n<p style=\"text-align: justify;\">\u201cGosto muito da atua\u00e7\u00e3o do corpo de bombeiros aqui de S\u00e3o Jo\u00e3o del- Rei. Vejo o grupo sempre trabalhando e j\u00e1 presenciei um inc\u00eandio em uma casa no centro da cidade. Os bombeiros chegaram rapidamente no local e conseguiram salvar as pessoas que estavam por l\u00e1\u201d.<\/p>\n<p style=\"text-align: justify;\">O Tenente Jorge H\u00e9lio Campos Pinto ainda comenta sobre seu amor a profiss\u00e3o e sua disposi\u00e7\u00e3o a ajudar quem for preciso e quando for preciso, mas ainda brinca dizendo:<\/p>\n<p style=\"text-align: justify;\">&#8211; \u201cQueira Deus que a sociedade n\u00e3o precise dos bombeiros, porque toda vez que somos chamados algu\u00e9m est\u00e1 em dificuldade\u201d, finalizou.<\/p>\n<p>Texto: Leonardo Duque\/VAN<\/p>\n<p>Foto: Divulga\u00e7\u00e3o<\/p>\n","protected":false},"excerpt":{"rendered":"<p>No dia 2 de julho \u00e9 comemorado o dia nacional dos bombeiros, mais conhecidos como \u201canjos da guarda\u201d. A profiss\u00e3o, que se tornou oficial no pa\u00eds por meio de um<\/p>\n","protected":false},"author":2,"featured_media":1503,"comment_status":"open","ping_status":"open","sticky":false,"template":"","format":"standard","meta":{"_monsterinsights_skip_tracking":false,"_monsterinsights_sitenote_active":false,"_monsterinsights_sitenote_note":"","_monsterinsights_sitenote_category":0,"_themeisle_gutenberg_block_has_review":false,"cybocfi_hide_featured_image":"","footnotes":""},"categories":[20,25,109],"tags":[],"class_list":["post-1502","post","type-post","status-publish","format-standard","has-post-thumbnail","hentry","category-barbacena","category-lavras","category-sao-joao-del-rei-microrregiao-de-sao-joao-del-rei"],"_links":{"self":[{"href":"http:\/\/jornalismo.ufsj.edu.br\/van\/wp-json\/wp\/v2\/posts\/1502","targetHints":{"allow":["GET"]}}],"collection":[{"href":"http:\/\/jornalismo.ufsj.edu.br\/van\/wp-json\/wp\/v2\/posts"}],"about":[{"href":"http:\/\/jornalismo.ufsj.edu.br\/van\/wp-json\/wp\/v2\/types\/post"}],"author":[{"embeddable":true,"href":"http:\/\/jornalismo.ufsj.edu.br\/van\/wp-json\/wp\/v2\/users\/2"}],"replies":[{"embeddable":true,"href":"http:\/\/jornalismo.ufsj.edu.br\/van\/wp-json\/wp\/v2\/comments?post=1502"}],"version-history":[{"count":4,"href":"http:\/\/jornalismo.ufsj.edu.br\/van\/wp-json\/wp\/v2\/posts\/1502\/revisions"}],"predecessor-version":[{"id":1511,"href":"http:\/\/jornalismo.ufsj.edu.br\/van\/wp-json\/wp\/v2\/posts\/1502\/revisions\/1511"}],"wp:featuredmedia":[{"embeddable":true,"href":"http:\/\/jornalismo.ufsj.edu.br\/van\/wp-json\/wp\/v2\/media\/1503"}],"wp:attachment":[{"href":"http:\/\/jornalismo.ufsj.edu.br\/van\/wp-json\/wp\/v2\/media?parent=1502"}],"wp:term":[{"taxonomy":"category","embeddable":true,"href":"http:\/\/jornalismo.ufsj.edu.br\/van\/wp-json\/wp\/v2\/categories?post=1502"},{"taxonomy":"post_tag","embeddable":true,"href":"http:\/\/jornalismo.ufsj.edu.br\/van\/wp-json\/wp\/v2\/tags?post=1502"}],"curies":[{"name":"wp","href":"https:\/\/api.w.org\/{rel}","templated":true}]}}