{"id":150,"date":"2015-03-15T21:28:00","date_gmt":"2015-03-15T21:28:00","guid":{"rendered":"http:\/\/jornalismo.ufsj.edu.br\/van\/?p=150"},"modified":"2015-05-27T21:42:27","modified_gmt":"2015-05-27T21:42:27","slug":"dia-internacional-da-agua","status":"publish","type":"post","link":"http:\/\/jornalismo.ufsj.edu.br\/van\/dia-internacional-da-agua\/","title":{"rendered":"Momento de reflex\u00e3o: Dia Internacional da \u00c1gua"},"content":{"rendered":"<div class=\"separator\" style=\"clear: both; text-align: center;\"><a style=\"margin-left: 1em; margin-right: 1em;\" href=\"http:\/\/3.bp.blogspot.com\/-j5xcd4oCRVE\/VQnt7YDjkDI\/AAAAAAAAEg0\/KaA8zW9A2VE\/s1600\/10922068_10153254457583777_1823636530_n.jpg\"><img loading=\"lazy\" decoding=\"async\" src=\"http:\/\/3.bp.blogspot.com\/-j5xcd4oCRVE\/VQnt7YDjkDI\/AAAAAAAAEg0\/KaA8zW9A2VE\/s1600\/10922068_10153254457583777_1823636530_n.jpg\" alt=\"\" width=\"640\" height=\"360\" border=\"0\" \/><\/a><\/div>\n<div class=\"MsoNormal\" style=\"text-align: justify;\"><\/div>\n<div class=\"MsoNormal\" style=\"text-align: justify;\"><\/div>\n<div class=\"MsoNormal\" style=\"text-align: justify;\">O dia 22 de mar\u00e7o \u00e9 um<br \/>\nmomento de reflex\u00e3o e discuss\u00e3o sobre a rela\u00e7\u00e3o homem e \u00e1gua. Escolhido pela<br \/>\nONU, serve de conscientiza\u00e7\u00e3o sobre temas como a\u00a0conserva\u00e7\u00e3o\u00a0e\u00a0prote\u00e7\u00e3o<br \/>\nda \u00e1gua, desenvolvimento correto dos recursos h\u00eddricos\u00a0e medidas para<br \/>\nresolver problemas relacionados com polui\u00e7\u00e3o.<\/div>\n<div class=\"MsoNormal\" style=\"text-align: justify;\"><\/div>\n<div class=\"MsoNormal\" style=\"text-align: justify;\">Foto: Lucas Machado<\/div>\n","protected":false},"excerpt":{"rendered":"<p>O dia 22 de mar\u00e7o \u00e9 um momento de reflex\u00e3o e discuss\u00e3o sobre a rela\u00e7\u00e3o homem e \u00e1gua. Escolhido pela ONU, serve de conscientiza\u00e7\u00e3o sobre temas como a\u00a0conserva\u00e7\u00e3o\u00a0e\u00a0prote\u00e7\u00e3o da \u00e1gua,<\/p>\n","protected":false},"author":2,"featured_media":1178,"comment_status":"open","ping_status":"open","sticky":false,"template":"","format":"standard","meta":{"_monsterinsights_skip_tracking":false,"_monsterinsights_sitenote_active":false,"_monsterinsights_sitenote_note":"","_monsterinsights_sitenote_category":0,"_themeisle_gutenberg_block_has_review":false,"cybocfi_hide_featured_image":"","footnotes":""},"categories":[15],"tags":[],"class_list":["post-150","post","type-post","status-publish","format-standard","has-post-thumbnail","hentry","category-politica"],"_links":{"self":[{"href":"http:\/\/jornalismo.ufsj.edu.br\/van\/wp-json\/wp\/v2\/posts\/150","targetHints":{"allow":["GET"]}}],"collection":[{"href":"http:\/\/jornalismo.ufsj.edu.br\/van\/wp-json\/wp\/v2\/posts"}],"about":[{"href":"http:\/\/jornalismo.ufsj.edu.br\/van\/wp-json\/wp\/v2\/types\/post"}],"author":[{"embeddable":true,"href":"http:\/\/jornalismo.ufsj.edu.br\/van\/wp-json\/wp\/v2\/users\/2"}],"replies":[{"embeddable":true,"href":"http:\/\/jornalismo.ufsj.edu.br\/van\/wp-json\/wp\/v2\/comments?post=150"}],"version-history":[{"count":1,"href":"http:\/\/jornalismo.ufsj.edu.br\/van\/wp-json\/wp\/v2\/posts\/150\/revisions"}],"predecessor-version":[{"id":1179,"href":"http:\/\/jornalismo.ufsj.edu.br\/van\/wp-json\/wp\/v2\/posts\/150\/revisions\/1179"}],"wp:featuredmedia":[{"embeddable":true,"href":"http:\/\/jornalismo.ufsj.edu.br\/van\/wp-json\/wp\/v2\/media\/1178"}],"wp:attachment":[{"href":"http:\/\/jornalismo.ufsj.edu.br\/van\/wp-json\/wp\/v2\/media?parent=150"}],"wp:term":[{"taxonomy":"category","embeddable":true,"href":"http:\/\/jornalismo.ufsj.edu.br\/van\/wp-json\/wp\/v2\/categories?post=150"},{"taxonomy":"post_tag","embeddable":true,"href":"http:\/\/jornalismo.ufsj.edu.br\/van\/wp-json\/wp\/v2\/tags?post=150"}],"curies":[{"name":"wp","href":"https:\/\/api.w.org\/{rel}","templated":true}]}}