{"id":14957,"date":"2025-04-18T12:43:56","date_gmt":"2025-04-18T15:43:56","guid":{"rendered":"https:\/\/jornalismo.ufsj.edu.br\/van\/?p=14957"},"modified":"2025-04-21T01:26:44","modified_gmt":"2025-04-21T04:26:44","slug":"apaexonados-apae-sao-joao-del-rei-celebra-dia-mundial-da-conscientizacao-do-autismo","status":"publish","type":"post","link":"http:\/\/jornalismo.ufsj.edu.br\/van\/apaexonados-apae-sao-joao-del-rei-celebra-dia-mundial-da-conscientizacao-do-autismo\/","title":{"rendered":"APAEXONADOS: APAE S\u00e3o Jo\u00e3o Del-Rei celebra Dia Mundial da Conscientiza\u00e7\u00e3o do Autismo"},"content":{"rendered":"\n<p class=\"has-text-align-right\"><strong>Por Ana Liz Sene, Igor Chaves e Thais Abreu<\/strong><\/p>\n\n\n\n<p>No dia 12 de abril, das 9h \u00e0s 12h, a APAE SJDR, em parceria com a Secretaria Municipal da Associa\u00e7\u00e3o Social e Promo\u00e7\u00e3o Humana, celebrou o Dia Mundial da Conscientiza\u00e7\u00e3o do Autismo. O evento contou com a exposi\u00e7\u00e3o de trabalhos feitos pelos alunos, cortes de cabelo gratuitos para os homens, caf\u00e9 da manh\u00e3 especial e brincadeiras que desenvolvem os sentidos com a presen\u00e7a de objetos sensoriais.&nbsp;<\/p>\n\n\n\n<p>A VAN n\u00e3o ficou de fora desse dia t\u00e3o especial. Confira alguns cliques do evento <a href=\"https:\/\/drive.google.com\/drive\/folders\/1On-NDb1Qip8VDc2z1Wu75N0tlybC-h4A?usp=sharing\"><strong><em>aqui<\/em><\/strong><\/a>!<\/p>\n\n\n\n<p><\/p>\n","protected":false},"excerpt":{"rendered":"<p>No \u00faltimo dia 12 de abril, a APAE SJDR, em parceria com a Secretaria Municipal da Associa\u00e7\u00e3o Social e Promo\u00e7\u00e3o Humana, celebrou o Dia Mundial da Conscientiza\u00e7\u00e3o do Autismo. O evento contou com a exposi\u00e7\u00e3o de trabalhos feitos pelos alunos,<br \/>\n e atividades interativas. <\/p>\n","protected":false},"author":2,"featured_media":14958,"comment_status":"closed","ping_status":"open","sticky":false,"template":"","format":"standard","meta":{"_monsterinsights_skip_tracking":false,"_monsterinsights_sitenote_active":false,"_monsterinsights_sitenote_note":"","_monsterinsights_sitenote_category":0,"_themeisle_gutenberg_block_has_review":false,"cybocfi_hide_featured_image":"yes","footnotes":""},"categories":[765,696,822,387,689,109,21],"tags":[679,823,14,159],"class_list":["post-14957","post","type-post","status-publish","format-standard","has-post-thumbnail","hentry","category-arte","category-cidadania","category-comunidade","category-educacao","category-ensaio-fotografico","category-sao-joao-del-rei-microrregiao-de-sao-joao-del-rei","category-saude","tag-apae","tag-autismo","tag-sao-joao-del-rei","tag-saude"],"_links":{"self":[{"href":"http:\/\/jornalismo.ufsj.edu.br\/van\/wp-json\/wp\/v2\/posts\/14957","targetHints":{"allow":["GET"]}}],"collection":[{"href":"http:\/\/jornalismo.ufsj.edu.br\/van\/wp-json\/wp\/v2\/posts"}],"about":[{"href":"http:\/\/jornalismo.ufsj.edu.br\/van\/wp-json\/wp\/v2\/types\/post"}],"author":[{"embeddable":true,"href":"http:\/\/jornalismo.ufsj.edu.br\/van\/wp-json\/wp\/v2\/users\/2"}],"replies":[{"embeddable":true,"href":"http:\/\/jornalismo.ufsj.edu.br\/van\/wp-json\/wp\/v2\/comments?post=14957"}],"version-history":[{"count":2,"href":"http:\/\/jornalismo.ufsj.edu.br\/van\/wp-json\/wp\/v2\/posts\/14957\/revisions"}],"predecessor-version":[{"id":14964,"href":"http:\/\/jornalismo.ufsj.edu.br\/van\/wp-json\/wp\/v2\/posts\/14957\/revisions\/14964"}],"wp:featuredmedia":[{"embeddable":true,"href":"http:\/\/jornalismo.ufsj.edu.br\/van\/wp-json\/wp\/v2\/media\/14958"}],"wp:attachment":[{"href":"http:\/\/jornalismo.ufsj.edu.br\/van\/wp-json\/wp\/v2\/media?parent=14957"}],"wp:term":[{"taxonomy":"category","embeddable":true,"href":"http:\/\/jornalismo.ufsj.edu.br\/van\/wp-json\/wp\/v2\/categories?post=14957"},{"taxonomy":"post_tag","embeddable":true,"href":"http:\/\/jornalismo.ufsj.edu.br\/van\/wp-json\/wp\/v2\/tags?post=14957"}],"curies":[{"name":"wp","href":"https:\/\/api.w.org\/{rel}","templated":true}]}}