{"id":14946,"date":"2025-04-16T13:56:30","date_gmt":"2025-04-16T16:56:30","guid":{"rendered":"https:\/\/jornalismo.ufsj.edu.br\/van\/?p=14946"},"modified":"2025-04-18T11:12:26","modified_gmt":"2025-04-18T14:12:26","slug":"o-desenvolvimento-recente-do-handebol-em-sao-joao-del-rei","status":"publish","type":"post","link":"http:\/\/jornalismo.ufsj.edu.br\/van\/o-desenvolvimento-recente-do-handebol-em-sao-joao-del-rei\/","title":{"rendered":"O desenvolvimento recente do handebol em S\u00e3o Jo\u00e3o del-Rei\u00a0"},"content":{"rendered":"\n<p class=\"has-text-align-right\"><strong>Por Ana Cl\u00e1udia Almeida, Isabela Franco, Rafaela Nery e Tomaz Jaeger<\/strong><\/p>\n\n\n\n<div style=\"height:10px\" aria-hidden=\"true\" class=\"wp-block-spacer\"><\/div>\n\n\n\n<blockquote class=\"wp-block-quote is-layout-flow wp-block-quote-is-layout-flow\">\n<p class=\"has-text-align-center\"><strong><em>\u201cTodo o segredo de um sucesso esportivo est\u00e1 na escola.\u201d&nbsp;&nbsp;&nbsp;&nbsp;&nbsp;&nbsp;&nbsp;&nbsp;&nbsp;&nbsp;&nbsp;&nbsp;&nbsp;&nbsp;&nbsp;&nbsp;&nbsp;&nbsp;&nbsp;&nbsp;&nbsp;&nbsp;&nbsp;&nbsp;&nbsp; &nbsp;&nbsp;&nbsp;&nbsp;&nbsp;&nbsp;&nbsp;&nbsp;&nbsp;&nbsp;&nbsp;&nbsp;&nbsp;&nbsp;&nbsp;&nbsp;&nbsp;&nbsp;&nbsp;&nbsp;&nbsp;&nbsp;&nbsp;&nbsp;&nbsp;&nbsp;&nbsp;&nbsp;&nbsp;&nbsp;&nbsp;&nbsp;&nbsp;-L. Tardin<\/em><\/strong><\/p>\n<\/blockquote>\n\n\n\n<p>\u00c9 de conhecimento geral que, incentivando atitudes de&nbsp; perseveran\u00e7a, foco, determina\u00e7\u00e3o e trabalho em equipe, o esporte \u00e9 uma poderosa ferramenta de molde do comportamento humano, principalmente se praticado desde a inf\u00e2ncia. Apostando nisso, mais uma edi\u00e7\u00e3o dos Jogos Escolares Municipais (JEM) ocorreu no come\u00e7o deste m\u00eas, em S\u00e3o Jo\u00e3o del-Rei, apresentando uma novidade em rela\u00e7\u00e3o ao handebol.<\/p>\n\n\n\n<p>A modalidade, n\u00e3o muito tradicional no pa\u00eds, ap\u00f3s um sumi\u00e7o no torneio, voltou a ter times aptos a competir. Um leve aumento de sua popularidade na regi\u00e3o reacendeu a esperan\u00e7a n\u00e3o s\u00f3 dos que agora praticam este esporte, mas tamb\u00e9m daqueles que torcem e vivem dele h\u00e1 bastante tempo.&nbsp;<\/p>\n\n\n\n<div style=\"height:15px\" aria-hidden=\"true\" class=\"wp-block-spacer\"><\/div>\n\n\n<div class=\"wp-block-image\">\n<figure class=\"aligncenter size-large is-resized\"><img decoding=\"async\" src=\"http:\/\/jornalismo.ufsj.edu.br\/van\/wp-content\/uploads\/2025\/04\/foto-hand-1-925x1024.png\" alt=\"\" class=\"wp-image-14947\" style=\"width:517px;height:auto\"\/><figcaption class=\"wp-element-caption\">Partida de handebol entre os Col\u00e9gios Tiradentes e Atus, no JEM 2025. <br>Foto: Reprodu\u00e7\u00e3o\/Atl\u00e9tica CTPM SJDR<br><\/figcaption><\/figure>\n<\/div>\n\n\n<div style=\"height:15px\" aria-hidden=\"true\" class=\"wp-block-spacer\"><\/div>\n\n\n\n<h2 class=\"wp-block-heading\"><strong>O handebol no Brasil<\/strong><\/h2>\n\n\n\n<p>Introduzido no pa\u00eds na d\u00e9cada de 1930 por imigrantes europeus, o handebol foi se transformando e adquirindo mais estrutura ao longo do tempo. Criada somente em 1979, a Confedera\u00e7\u00e3o Brasileira de Handebol (CBHb) se encarrega de promover o esporte no Brasil, por meio da organiza\u00e7\u00e3o e regulamenta\u00e7\u00e3o de ligas e competi\u00e7\u00f5es estaduais e nacionais em diversas categorias.&nbsp;<\/p>\n\n\n\n<p>Atualmente, apesar do crescimento das sele\u00e7\u00f5es feminina e masculina em n\u00edvel internacional, com participa\u00e7\u00f5es constantes em Campeonatos Mundiais e Jogos Ol\u00edmpicos, e do alcance de conquistas hist\u00f3ricas, a modalidade ainda enfrenta desafios. Al\u00e9m da invisibilidade na m\u00eddia,&nbsp; estrutura e investimento limitado em clubes, a falta de incentivo nas escolas \u00e9 um fator determinante para sua baixa popularidade.&nbsp;&nbsp;<\/p>\n\n\n\n<p>Para Lucas Tardin, atleta universit\u00e1rio de handebol, a presen\u00e7a enraizada de esportes mais tradicionais no cotidiano da popula\u00e7\u00e3o, aliada a desafios socioecon\u00f4micos de muitos jovens esportistas, torna complexo o crescimento do handebol. Segundo o mineiro de Bicas, com uma mentalidade culturalmente ignorante acerca dos benef\u00edcios do esporte em geral, a aus\u00eancia de apoio familiar e governamental perante \u00e0s grandes dist\u00e2ncias para um treinamento especializado de alto n\u00edvel \u00e9 um outro entrave a ser considerado. \u201cSe voc\u00ea faz um projeto de acompanhamento de um poss\u00edvel atleta, voc\u00ea vai ter esse menino l\u00e1 nas Olimp\u00edadas. Por exemplo, eu tenho um menino que \u00e9 muito bom de handebol em S\u00e3o Jo\u00e3o. Onde ele vai fazer testes? O cara tem que ir para S\u00e3o Paulo. Ent\u00e3o, assim, est\u00e1 muito fora da realidade. E quando voc\u00ea tem poucas op\u00e7\u00f5es, acaba que concentra muitas pessoas e falta oportunidade\u201d, diz.&nbsp;<\/p>\n\n\n\n<div style=\"height:15px\" aria-hidden=\"true\" class=\"wp-block-spacer\"><\/div>\n\n\n<div class=\"wp-block-image\">\n<figure class=\"aligncenter size-large is-resized\"><img loading=\"lazy\" decoding=\"async\" width=\"1024\" height=\"814\" src=\"http:\/\/jornalismo.ufsj.edu.br\/van\/wp-content\/uploads\/2025\/04\/foto-hand-2-1024x814.png\" alt=\"\" class=\"wp-image-14948\" style=\"width:599px;height:auto\" srcset=\"http:\/\/jornalismo.ufsj.edu.br\/van\/wp-content\/uploads\/2025\/04\/foto-hand-2-1024x814.png 1024w, http:\/\/jornalismo.ufsj.edu.br\/van\/wp-content\/uploads\/2025\/04\/foto-hand-2-300x238.png 300w, http:\/\/jornalismo.ufsj.edu.br\/van\/wp-content\/uploads\/2025\/04\/foto-hand-2-768x610.png 768w, http:\/\/jornalismo.ufsj.edu.br\/van\/wp-content\/uploads\/2025\/04\/foto-hand-2.png 1080w\" sizes=\"auto, (max-width: 1024px) 100vw, 1024px\" \/><figcaption class=\"wp-element-caption\">Lucas Tardin em partida de handebol do Intercampi UFSJ 2024. Foto: Reprodu\u00e7\u00e3o\/Atl\u00e9tica Brutus UFSJ<\/figcaption><\/figure>\n<\/div>\n\n\n<div style=\"height:15px\" aria-hidden=\"true\" class=\"wp-block-spacer\"><\/div>\n\n\n\n<h2 class=\"wp-block-heading\"><strong>O handebol em \u00e2mbito escolar<\/strong><\/h2>\n\n\n\n<p>Nos dias atuais, muito h\u00e1 de ser discutido sobre a esfera esportiva escolar, principalmente em rela\u00e7\u00e3o \u00e0 disparidade econ\u00f4mica entre institui\u00e7\u00f5es p\u00fablicas e particulares. Lucas Tardin, tamb\u00e9m t\u00e9cnico escolar e universit\u00e1rio, aponta a valoriza\u00e7\u00e3o financeira do profissional de educa\u00e7\u00e3o f\u00edsica e o suporte a um projeto s\u00f3lido como as solu\u00e7\u00f5es ideais para o desenvolvimento pleno, a longo prazo, de qualquer modalidade: \u201cQuando a gente vai falar da maioria que s\u00e3o as escolas estaduais, municipais, a\u00ed j\u00e1 \u00e9 um problema de pol\u00edtica p\u00fablica. Porque, por exemplo, o professor est\u00e1 l\u00e1 dando aula de educa\u00e7\u00e3o f\u00edsica, mas ele n\u00e3o \u00e9 obrigado a treinar uma equipe de handebol. Para isso, seria necess\u00e1rio a contrata\u00e7\u00e3o de um profissional que vai trabalhar exclusivamente com equipe de treinamento.\u201d. Ele ainda refor\u00e7a a import\u00e2ncia do investimento p\u00fablico no geral e do debate dos fatores sociais envolvidos na problem\u00e1tica. \u201c\u00c9 muito dif\u00edcil a gente falar da valoriza\u00e7\u00e3o do handebol se a gente n\u00e3o tem nem quadro direito em escolas. \u00c9 legal, a gente at\u00e9 est\u00e1 vivendo uma amplia\u00e7\u00e3o do \u2018hand\u2019, mas \u00e9 muito nas redes particulares, porque a p\u00fablica n\u00e3o est\u00e1\u201d, conclui.<\/p>\n\n\n\n<p>Diante dessas dificuldades na regi\u00e3o das Vertentes, ap\u00f3s um per\u00edodo em baixa, o handebol voltou a ganhar espa\u00e7o nas escolas em 2022, especialmente com o time feminino do Col\u00e9gio Tiradentes da Pol\u00edcia Militar (CTPM). Essa retomada teve como figura central o atual secret\u00e1rio de esportes de S\u00e3o Jo\u00e3o Del Rei, Ericson da Silva. Formado em educa\u00e7\u00e3o f\u00edsica pela Universidade Federal de Lavras (UFLA), o tamb\u00e9m conhecido como \u2018Neneco\u2019 tem ra\u00edzes antigas e afetivas com a modalidade. Ex-treinador do extinto time municipal, ele carrega uma trajet\u00f3ria marcada por dedica\u00e7\u00e3o e resist\u00eancia \u00e0 frente do esporte. Seu v\u00ednculo como t\u00e9cnico come\u00e7ou nos treinos para o JIMI de 1988, seguiu anos mais tarde com a introdu\u00e7\u00e3o de uma escolinha de handebol no Clube Am\u00e9rica Recreativo e, depois, culminou na cria\u00e7\u00e3o de uma nova equipe no col\u00e9gio militar.<\/p>\n\n\n\n<div style=\"height:15px\" aria-hidden=\"true\" class=\"wp-block-spacer\"><\/div>\n\n\n<div class=\"wp-block-image\">\n<figure class=\"aligncenter size-large is-resized\"><img loading=\"lazy\" decoding=\"async\" width=\"1024\" height=\"768\" src=\"http:\/\/jornalismo.ufsj.edu.br\/van\/wp-content\/uploads\/2025\/04\/foto-hand-3-1024x768.jpg\" alt=\"\" class=\"wp-image-14949\" style=\"width:547px;height:auto\" srcset=\"http:\/\/jornalismo.ufsj.edu.br\/van\/wp-content\/uploads\/2025\/04\/foto-hand-3-1024x768.jpg 1024w, http:\/\/jornalismo.ufsj.edu.br\/van\/wp-content\/uploads\/2025\/04\/foto-hand-3-300x225.jpg 300w, http:\/\/jornalismo.ufsj.edu.br\/van\/wp-content\/uploads\/2025\/04\/foto-hand-3-768x576.jpg 768w, http:\/\/jornalismo.ufsj.edu.br\/van\/wp-content\/uploads\/2025\/04\/foto-hand-3-1536x1152.jpg 1536w, http:\/\/jornalismo.ufsj.edu.br\/van\/wp-content\/uploads\/2025\/04\/foto-hand-3-200x150.jpg 200w, http:\/\/jornalismo.ufsj.edu.br\/van\/wp-content\/uploads\/2025\/04\/foto-hand-3.jpg 1600w\" sizes=\"auto, (max-width: 1024px) 100vw, 1024px\" \/><figcaption class=\"wp-element-caption\">Ericson e algumas medalhas conquistadas ao longo de sua trajet\u00f3ria. Foto: Rafaela Nery <\/figcaption><\/figure>\n<\/div>\n\n\n<div style=\"height:15px\" aria-hidden=\"true\" class=\"wp-block-spacer\"><\/div>\n\n\n\n<p>A proposta de Silva era simples, mas ambiciosa: colocar o handebol de volta no radar das escolas. Dentre uma s\u00e9rie de obst\u00e1culos enfrentados, ele indica como o principal a falta de uma base esportiva s\u00f3lida&nbsp; na educa\u00e7\u00e3o f\u00edsica. \u201cMuitas alunas chegaram ao time sem um repert\u00f3rio motor diversificado, o que limitou n\u00e3o apenas o desempenho esportivo, mas tamb\u00e9m o desenvolvimento corporal essencial para outras \u00e1reas da vida\u201d, comenta.&nbsp;<\/p>\n\n\n\n<p>Ap\u00f3s meses de planejamento e cumprimento de um cronograma de treinos bem definido, o time feminino \u201cPanthers\u201d do CTPM conquistou o t\u00edtulo Estadual de 2024 nos Jogos Escolares Alferes Tiradentes (JEAT).&nbsp;<\/p>\n\n\n\n<div style=\"height:15px\" aria-hidden=\"true\" class=\"wp-block-spacer\"><\/div>\n\n\n<div class=\"wp-block-image\">\n<figure class=\"aligncenter size-large is-resized\"><img loading=\"lazy\" decoding=\"async\" width=\"1024\" height=\"768\" src=\"http:\/\/jornalismo.ufsj.edu.br\/van\/wp-content\/uploads\/2025\/04\/foto-hand-4-1024x768.jpg\" alt=\"\" class=\"wp-image-14950\" style=\"width:520px;height:auto\" srcset=\"http:\/\/jornalismo.ufsj.edu.br\/van\/wp-content\/uploads\/2025\/04\/foto-hand-4-1024x768.jpg 1024w, http:\/\/jornalismo.ufsj.edu.br\/van\/wp-content\/uploads\/2025\/04\/foto-hand-4-300x225.jpg 300w, http:\/\/jornalismo.ufsj.edu.br\/van\/wp-content\/uploads\/2025\/04\/foto-hand-4-768x576.jpg 768w, http:\/\/jornalismo.ufsj.edu.br\/van\/wp-content\/uploads\/2025\/04\/foto-hand-4-1536x1152.jpg 1536w, http:\/\/jornalismo.ufsj.edu.br\/van\/wp-content\/uploads\/2025\/04\/foto-hand-4-200x150.jpg 200w, http:\/\/jornalismo.ufsj.edu.br\/van\/wp-content\/uploads\/2025\/04\/foto-hand-4.jpg 1600w\" sizes=\"auto, (max-width: 1024px) 100vw, 1024px\" \/><figcaption class=\"wp-element-caption\">Time &#8220;Panthers&#8221; do CTPM ap\u00f3s conquistar o t\u00edtulo Estadual 2024. Foto: Reprodu\u00e7\u00e3o\/CTPM\n<\/figcaption><\/figure>\n<\/div>\n\n\n<div style=\"height:15px\" aria-hidden=\"true\" class=\"wp-block-spacer\"><\/div>\n\n\n\n<h2 class=\"wp-block-heading\"><strong>Sobre o JEM<\/strong><\/h2>\n\n\n\n<p>Uma conviv\u00eancia saud\u00e1vel com a pr\u00e1tica esportiva traz ensinamentos capazes de serem aplicados em nossas vidas de muitas formas. Baseando-se nisso, o JEM (Jogos Escolares Municipais) anualmente tem enriquecido a experi\u00eancia escolar de in\u00fameros jovens e crian\u00e7as de S\u00e3o Jo\u00e3o del-Rei.<\/p>\n\n\n\n<p>Realizado sob organiza\u00e7\u00e3o e planejamento da Secretaria Municipal de Esportes e da Superintend\u00eancia Regional de Ensino, o evento re\u00fane alunos-atletas das escolas municipais, estaduais e particulares, contribuindo para a integra\u00e7\u00e3o social e o progresso do esporte estudantil do munic\u00edpio.&nbsp;&nbsp;<\/p>\n\n\n\n<p>Servindo como uma seletiva para os Jogos Escolares de Minas Gerais (JEMG), a edi\u00e7\u00e3o de 2025 agitou alguns pontos da cidade hist\u00f3rica com disputas de modalidades como basquetebol, futsal, handebol, voleibol, v\u00f4lei de praia e xadrez. Como m\u00e9todo de organiza\u00e7\u00e3o, os estudantes participantes, com idades entre 12 e 17 anos, foram divididos por naipe (masculino e feminino) e m\u00f3dulo (M\u00f3dulo I: nascidos em 2011\/2012\/2013; e M\u00f3dulo II: nascidos em 2008\/2009\/2010).&nbsp;<\/p>\n\n\n\n<p>Como incentivo para um maior conhecimento da cultura s\u00e3o-joanense e integra\u00e7\u00e3o com a regi\u00e3o, a abertura deste ano ocorreu na Esta\u00e7\u00e3o Ferrovi\u00e1ria da cidade, onde os atletas inscritos no campeonato embarcaram na tradicional Maria Fuma\u00e7a, com destino \u00e0 cidade de Tiradentes (MG).&nbsp;<\/p>\n\n\n\n<h2 class=\"wp-block-heading\"><strong>Introdu\u00e7\u00e3o de crian\u00e7as e jovens no handebol <\/strong><\/h2>\n\n\n\n<p>Com o moderado crescimento da modalidade na regi\u00e3o, uma maior aten\u00e7\u00e3o \u00e9 dada \u00e0s pr\u00e1ticas de treinamento e ao desempenho dos atletas, que, majoritariamente, est\u00e3o ativos no \u00e2mbito escolar. Como toda modalidade abrange praticantes de diferentes idades, h\u00e1 uma diferen\u00e7a nas abordagens impostas nos treinos, conforme explica o t\u00e9cnico Lucas: \u201cA ideia \u00e9 tentar fazer jogos l\u00fadicos para entenderem o handebol (&#8230;) Tem que ter muita cautela para pegar crian\u00e7as e coloc\u00e1-las em um estresse de jogo. (\u2026) J\u00e1 os mais velhos t\u00eam uma viv\u00eancia diferente e j\u00e1 est\u00e3o quase saindo da escola, ent\u00e3o eu consigo colocar eles nesse ambiente de estresse, eles pegam mais r\u00e1pido as t\u00e9cnicas e as quest\u00f5es t\u00e1ticas do handebol&#8221;.<\/p>\n\n\n\n<p>A populariza\u00e7\u00e3o e amplia\u00e7\u00e3o do n\u00famero de praticantes&nbsp; do esporte tamb\u00e9m ocasiona uma mudan\u00e7a na performance dos atletas, no sentido de melhores condi\u00e7\u00f5es para treinar. Constantes investimentos em estrutura nas redes privadas, t\u00eam claramente evolu\u00eddo o n\u00edvel de jogo dos alunos esportistas.&nbsp; \u201cAs escolas que est\u00e3o participando do handebol (no JEM) est\u00e3o investindo pesado em estrutura, quadra, t\u00e9cnico, material e elas est\u00e3o tendo resultado (&#8230;) Isso j\u00e1 \u00e9 sim um avan\u00e7o consider\u00e1vel (visto os anos anteriores na regi\u00e3o).&nbsp; \u00c9 \u00f3bvio que \u00e9 melhor&nbsp; ter escolas tentando tocar o handebol, do que n\u00e3o ter nenhuma\u201d, afirma Tardin.<\/p>\n\n\n\n<h2 class=\"wp-block-heading\"><strong>O futuro da modalidade em S\u00e3o Jo\u00e3o Del Rei&nbsp;<\/strong><\/h2>\n\n\n\n<p>O progresso do handebol na cidade \u00e9 algo em pauta h\u00e1 algum tempo, mas o caminho exige um longo planejamento. A ideia de formar equipes locais para todas as modalidades j\u00e1 \u00e9 considerada, por\u00e9m, o custo-benef\u00edcio ainda \u00e9 um desafio para o poder p\u00fablico. Segundo a Secretaria Municipal de Esportes, entre as propostas em discuss\u00e3o est\u00e3o n\u00e3o apenas a realiza\u00e7\u00e3o de campeonatos municipais, abrangendo todas as faixas et\u00e1rias e promovendo a intera\u00e7\u00e3o entre os atletas, como tamb\u00e9m&nbsp; a cria\u00e7\u00e3o de pol\u00edticas p\u00fablicas que impulsionam a pr\u00e1tica cont\u00ednua do esporte, tornando-a parte da rotina da popula\u00e7\u00e3o. Em resumo, Ericson ressalta a import\u00e2ncia do financiamento do handebol, especialmente no ambiente escolar: \u201c\u00c9 nas escolas que o interesse pelo esporte come\u00e7a e onde est\u00e1 o maior potencial de forma\u00e7\u00e3o de atletas. Para o esporte crescer tem que ter investimento\u201d, afirma.<\/p>\n\n\n\n<p>Nessa \u00f3tica, diante dos desafios e das conquistas j\u00e1 alcan\u00e7adas, o futuro do handebol na cidade depende do fortalecimento das iniciativas locais, pol\u00edticas p\u00fablicas e do apoio das institui\u00e7\u00f5es.&nbsp;<\/p>\n\n\n\n<p><\/p>\n","protected":false},"excerpt":{"rendered":"<p>Incentivando atitudes de\u00a0 perseveran\u00e7a, foco, determina\u00e7\u00e3o e trabalho em equipe, o esporte \u00e9 uma poderosa ferramenta de molde do comportamento humano, principalmente se praticado desde a inf\u00e2ncia. Apostando nisso, os Jogos Escolares Municipais (JEM) ocorreu no come\u00e7o deste m\u00eas, em S\u00e3o Jo\u00e3o del-Rei, apresentando uma novidade em rela\u00e7\u00e3o ao handebol.<\/p>\n","protected":false},"author":2,"featured_media":14947,"comment_status":"closed","ping_status":"open","sticky":false,"template":"","format":"standard","meta":{"_monsterinsights_skip_tracking":false,"_monsterinsights_sitenote_active":false,"_monsterinsights_sitenote_note":"","_monsterinsights_sitenote_category":0,"_themeisle_gutenberg_block_has_review":false,"cybocfi_hide_featured_image":"yes","footnotes":""},"categories":[710,696,704,16,5,109,21],"tags":[32,27,93,14],"class_list":["post-14946","post","type-post","status-publish","format-standard","has-post-thumbnail","hentry","category-campo-dos-vertentes","category-cidadania","category-entretenimento","category-esporte","category-microrregiao-de-sao-joao-del-rei","category-sao-joao-del-rei-microrregiao-de-sao-joao-del-rei","category-saude","tag-educacao","tag-esportes","tag-lazer","tag-sao-joao-del-rei"],"_links":{"self":[{"href":"http:\/\/jornalismo.ufsj.edu.br\/van\/wp-json\/wp\/v2\/posts\/14946","targetHints":{"allow":["GET"]}}],"collection":[{"href":"http:\/\/jornalismo.ufsj.edu.br\/van\/wp-json\/wp\/v2\/posts"}],"about":[{"href":"http:\/\/jornalismo.ufsj.edu.br\/van\/wp-json\/wp\/v2\/types\/post"}],"author":[{"embeddable":true,"href":"http:\/\/jornalismo.ufsj.edu.br\/van\/wp-json\/wp\/v2\/users\/2"}],"replies":[{"embeddable":true,"href":"http:\/\/jornalismo.ufsj.edu.br\/van\/wp-json\/wp\/v2\/comments?post=14946"}],"version-history":[{"count":4,"href":"http:\/\/jornalismo.ufsj.edu.br\/van\/wp-json\/wp\/v2\/posts\/14946\/revisions"}],"predecessor-version":[{"id":14956,"href":"http:\/\/jornalismo.ufsj.edu.br\/van\/wp-json\/wp\/v2\/posts\/14946\/revisions\/14956"}],"wp:featuredmedia":[{"embeddable":true,"href":"http:\/\/jornalismo.ufsj.edu.br\/van\/wp-json\/wp\/v2\/media\/14947"}],"wp:attachment":[{"href":"http:\/\/jornalismo.ufsj.edu.br\/van\/wp-json\/wp\/v2\/media?parent=14946"}],"wp:term":[{"taxonomy":"category","embeddable":true,"href":"http:\/\/jornalismo.ufsj.edu.br\/van\/wp-json\/wp\/v2\/categories?post=14946"},{"taxonomy":"post_tag","embeddable":true,"href":"http:\/\/jornalismo.ufsj.edu.br\/van\/wp-json\/wp\/v2\/tags?post=14946"}],"curies":[{"name":"wp","href":"https:\/\/api.w.org\/{rel}","templated":true}]}}