{"id":149,"date":"2015-03-17T02:46:00","date_gmt":"2015-03-17T02:46:00","guid":{"rendered":"http:\/\/jornalismo.ufsj.edu.br\/van\/?p=149"},"modified":"2015-05-27T21:41:29","modified_gmt":"2015-05-27T21:41:29","slug":"selecao-de-sjdr-vence-na-copa-zona-da","status":"publish","type":"post","link":"http:\/\/jornalismo.ufsj.edu.br\/van\/selecao-de-sjdr-vence-na-copa-zona-da\/","title":{"rendered":"Sele\u00e7\u00e3o de SJDR vence na Copa Zona da Mata"},"content":{"rendered":"<div class=\"separator\" style=\"clear: both; text-align: center;\"><a style=\"margin-left: 1em; margin-right: 1em;\" href=\"http:\/\/4.bp.blogspot.com\/-Dkrfp4nAORc\/VQeVWEqyloI\/AAAAAAAAEfg\/zkIbuE2-OVg\/s1600\/11065472_10200355251719646_1130112412_o.jpg\"><img loading=\"lazy\" decoding=\"async\" src=\"http:\/\/4.bp.blogspot.com\/-Dkrfp4nAORc\/VQeVWEqyloI\/AAAAAAAAEfg\/zkIbuE2-OVg\/s1600\/11065472_10200355251719646_1130112412_o.jpg\" alt=\"\" width=\"400\" height=\"265\" border=\"0\" \/><\/a><\/div>\n<div class=\"Padro\" style=\"line-height: 107%; margin-bottom: 0cm; text-align: justify; text-justify: inter-ideograph;\">\n<div style=\"text-align: center;\"><i>Autor do \u00fanico gol da partida,<\/i><\/div>\n<div style=\"text-align: center;\"><i>Lucas disputa a bola no est\u00e1dio Joaquim Portugal<\/i><\/div>\n<div style=\"text-align: center;\"><\/div>\n<\/div>\n<div class=\"Padro\" style=\"line-height: 107%; margin-bottom: 0cm; text-align: justify; text-justify: inter-ideograph;\">\n<div style=\"text-align: justify;\">A sele\u00e7\u00e3o de S\u00e3o Jo\u00e3o<br \/>\ndel-rei ratificou a boa fase e venceu mais uma vez pela Copa Zona da Mata de Futebol Regional. No \u00faltimo s\u00e1bado (14), jogando em<br \/>\ncasa no est\u00e1dio Joaquim Portugal, a equipe do t\u00e9cnico Eldes foi inteligente<br \/>\npara vencer por 1 a 0 o time do FCA\/Artmanha, de Juiz de Fora. O gol da partida<br \/>\nfoi anotado pelo jovem atacante Lucas.<\/div>\n<\/div>\n<div class=\"Padro\" style=\"line-height: 107%; margin-bottom: 0cm; text-align: justify; text-justify: inter-ideograph;\"><\/div>\n<div class=\"Padro\" style=\"line-height: 107%; margin-bottom: 0cm; text-align: justify; text-justify: inter-ideograph;\">\n<div style=\"text-align: justify;\">Com o<br \/>\nresultado, os jogadores s\u00e3ojoanenses chegaram aos seis pontos em dois jogos e<br \/>\ndividem a lideran\u00e7a do grupo com o Arev\/Sport tamb\u00e9m da cidade de Juiz de Fora.<br \/>\nNa pr\u00f3xima rodada, as duas equipes se enfrentam no que ser\u00e1 um confronto de \u201cseis<br \/>\npontos\u201d.<\/div>\n<\/div>\n<div class=\"Padro\" style=\"line-height: 107%; margin-bottom: 0cm; text-align: justify; text-justify: inter-ideograph;\"><\/div>\n<div class=\"Padro\" style=\"line-height: 107%; margin-bottom: 0cm; text-align: justify; text-justify: inter-ideograph;\">\n<div style=\"text-align: justify;\"><b>O jogo<\/b><\/div>\n<\/div>\n<div class=\"Padro\" style=\"line-height: 107%; margin-bottom: 0cm; text-align: justify; text-justify: inter-ideograph;\"><\/div>\n<div class=\"Padro\" style=\"line-height: 107%; margin-bottom: 0cm; text-align: justify; text-justify: inter-ideograph;\">\n<div style=\"text-align: justify;\">A partida<br \/>\nmarcou a estreia em casa da Sele\u00e7\u00e3o de S\u00e3o Jo\u00e3o del Rei e os jogadores estavam<br \/>\nanimados com a bela vit\u00f3ria conquistada longe de seus dom\u00ednios na primeira<br \/>\nrodada. J\u00e1 os visitantes que contam com alguns jogadores com passagens por<br \/>\nclubes profissionais em seu elenco, estavam em busca dos seus primeiros pontos.<\/div>\n<\/div>\n<div class=\"Padro\" style=\"line-height: 107%; margin-bottom: 0cm; text-align: justify; text-justify: inter-ideograph;\"><\/div>\n<div class=\"Padro\" style=\"line-height: 107%; margin-bottom: 0cm; text-align: justify; text-justify: inter-ideograph;\">\n<div style=\"text-align: justify;\">Mesmo<br \/>\nprecisando se recuperar no campeonato, o t\u00e9cnico Geninho do FCA\/Artmanha mandou<br \/>\na campo uma equipe com tr\u00eas volantes, mostrando que adotaria uma postura mais<br \/>\ncautelosa na partida. Por\u00e9m, em bela<br \/>\njogada aos oito minutos de partida, o atacante Lucas desmontou a bem postada<br \/>\ndefesa advers\u00e1ria, abrindo o placar para a sele\u00e7\u00e3o de SJDR:<\/div>\n<\/div>\n<div class=\"Padro\" style=\"line-height: 107%; margin-bottom: 0cm; text-align: justify; text-justify: inter-ideograph;\"><\/div>\n<div class=\"Padro\" style=\"line-height: 107%; margin-bottom: 0cm; text-align: justify; text-justify: inter-ideograph;\">\n<div style=\"text-align: justify;\">&#8211; \u201cEu e o<br \/>\nLeandro Gamb\u00e1 somos entrosados; eu entrei no \u201cfac\u00e3o\u201d, vi que o goleiro estava<br \/>\nadiantado e bati na diagonal dele; gra\u00e7as a Deus eu conclui muito bem e saiu o<br \/>\ngol\u201d, explicou o artilheiro da tarde.<\/div>\n<\/div>\n<div class=\"Padro\" style=\"line-height: 107%; margin-bottom: 0cm; text-align: justify; text-justify: inter-ideograph;\"><\/div>\n<div class=\"Padro\" style=\"line-height: 107%; margin-bottom: 0cm; text-align: justify; text-justify: inter-ideograph;\">\n<div style=\"text-align: justify;\">Mesmo atr\u00e1s<br \/>\nno placar, os visitantes permaneceram com sua postura defensiva e de forte<br \/>\nmarca\u00e7\u00e3o, o que deixou o jogo bastante congestionado no meio campo e com poucas<br \/>\nchances de gol durante todo o restante da etapa inicial.<\/div>\n<\/div>\n<div class=\"Padro\" style=\"line-height: 107%; margin-bottom: 0cm; text-align: justify; text-justify: inter-ideograph;\"><\/div>\n<div class=\"Padro\" style=\"line-height: 107%; margin-bottom: 0cm; text-align: justify; text-justify: inter-ideograph;\">\n<div style=\"text-align: justify;\">O segundo<br \/>\ntempo, come\u00e7ou assim como terminou o primeiro: com pouca din\u00e2mica. \u00c0 medida que<br \/>\nos treinadores foram modificando as esquipes, a partida ganhou em qualidade e<br \/>\nas chances come\u00e7aram a aparecer dos dois lados. Precisando do gol de empate, a<br \/>\nequipe de Juiz de Fora foi para cima e chegou a amea\u00e7ar a meta do goleiro<br \/>\nMarcelo em algumas oportunidades. Com isso, a equipe da casa teve mais espa\u00e7o<br \/>\nno contra-ataque e desperdi\u00e7ou v\u00e1rias chances de ampliar o marcador. Mas o jogo<br \/>\nacabou mesmo no 1&#215;0.<\/div>\n<\/div>\n<div class=\"Padro\" style=\"line-height: 107%; margin-bottom: 0cm; text-align: justify; text-justify: inter-ideograph;\"><\/div>\n<div class=\"Padro\" style=\"line-height: 107%; margin-bottom: 0cm; text-align: justify; text-justify: inter-ideograph;\">\n<div style=\"text-align: justify;\">O<br \/>\nexperiente volante e capit\u00e3o do FCA\/Artmanha, Jo\u00e3o J\u00fanior falou sobre a partida<br \/>\ne lamentou a derrota da sua equipe:<\/div>\n<\/div>\n<div class=\"Padro\" style=\"line-height: 107%; margin-bottom: 0cm; text-align: justify; text-justify: inter-ideograph;\"><\/div>\n<div class=\"Padro\" style=\"line-height: 107%; margin-bottom: 0cm; text-align: justify; text-justify: inter-ideograph;\">\n<div style=\"text-align: justify;\">&#8211; \u201cTomamos<br \/>\num gol em um erro de sa\u00edda de bola nossa no come\u00e7o de jogo. E o time aqui de<br \/>\nS\u00e3o Jo\u00e3o est\u00e1 muito bem preparado fisicamente, a molecada t\u00e1 correndo bem. E<br \/>\ntem que relevar que nosso time foi montado em cima da hora, a menos de uma<br \/>\nsemana antes de come\u00e7ar o campeonato. Hoje ainda faltaram dois jogadores que<br \/>\nerraram o caminho. \u00c9 a nossa segunda derrota, mas agora tem mais quatro jogos<br \/>\npara buscar essa classifica\u00e7\u00e3o.\u201d<\/div>\n<\/div>\n<div class=\"Padro\" style=\"line-height: 107%; margin-bottom: 0cm; text-align: justify; text-justify: inter-ideograph;\">\n<div style=\"text-align: justify;\"><b>\u00a0<\/b><\/div>\n<\/div>\n<div class=\"Padro\" style=\"line-height: 107%; margin-bottom: 0cm; text-align: justify; text-justify: inter-ideograph;\">\n<div style=\"text-align: justify;\"><b>Caras Novas<\/b><\/div>\n<\/div>\n<div class=\"Padro\" style=\"line-height: 107%; margin-bottom: 0cm; text-align: justify; text-justify: inter-ideograph;\"><\/div>\n<div class=\"Padro\" style=\"line-height: 107%; margin-bottom: 0cm; text-align: justify; text-justify: inter-ideograph;\">\n<div style=\"text-align: justify;\">Apesar do<br \/>\nbom in\u00edcio de competi\u00e7\u00e3o, a equipe de S\u00e3o Jo\u00e3o del-Rei pode contar com novos jogadores<br \/>\nj\u00e1 para a pr\u00f3xima partida. S\u00e3o eles: o lateral direito Marco Aur\u00e9lio, que atuou<br \/>\nna equipe do XV de Novembro no \u00faltimo Campeonato Amador e do jovem<br \/>\nmeio-campista Ronaldo, que jogou pelo S\u00e3o Caetano. O t\u00e9cnico da equipe, Eldes<br \/>\nainda confirmou a chegada do experiente Beto que tem em seu curr\u00edculo o t\u00edtulo<br \/>\ndo Campeonato Mineiro pelo Ipatinga:<\/div>\n<\/div>\n<div class=\"Padro\" style=\"line-height: 107%; margin-bottom: 0cm; text-align: justify; text-justify: inter-ideograph;\"><\/div>\n<div class=\"Padro\" style=\"line-height: 107%; margin-bottom: 0cm; text-align: justify; text-justify: inter-ideograph;\">\n<div style=\"text-align: justify;\">&#8211; \u201cAgora<br \/>\nn\u00f3s vamos contar com o refor\u00e7o do Beto, que vai dar uma outra qualidade para o<br \/>\ntime; treinando essa semana, se estiver tudo bem, ele vai jogar j\u00e1 no pr\u00f3ximo<br \/>\njogo\u201d.<\/div>\n<\/div>\n<div class=\"Padro\" style=\"line-height: 107%; margin-bottom: 0cm; text-align: justify; text-justify: inter-ideograph;\"><\/div>\n<div class=\"Padro\" style=\"line-height: 107%; margin-bottom: 0cm; text-align: justify; text-justify: inter-ideograph;\">\n<div style=\"text-align: justify;\">Texto: Jo\u00e3o<br \/>\nHenrique Castro<\/div>\n<\/div>\n<div style=\"text-align: justify;\">Foto: Willian Carvalho<\/div>\n","protected":false},"excerpt":{"rendered":"<p>Autor do \u00fanico gol da partida, Lucas disputa a bola no est\u00e1dio Joaquim Portugal A sele\u00e7\u00e3o de S\u00e3o Jo\u00e3o del-rei ratificou a boa fase e venceu mais uma vez pela<\/p>\n","protected":false},"author":2,"featured_media":1176,"comment_status":"open","ping_status":"open","sticky":false,"template":"","format":"standard","meta":{"_monsterinsights_skip_tracking":false,"_monsterinsights_sitenote_active":false,"_monsterinsights_sitenote_note":"","_monsterinsights_sitenote_category":0,"_themeisle_gutenberg_block_has_review":false,"cybocfi_hide_featured_image":"","footnotes":""},"categories":[16,109],"tags":[],"class_list":["post-149","post","type-post","status-publish","format-standard","has-post-thumbnail","hentry","category-esporte","category-sao-joao-del-rei-microrregiao-de-sao-joao-del-rei"],"_links":{"self":[{"href":"http:\/\/jornalismo.ufsj.edu.br\/van\/wp-json\/wp\/v2\/posts\/149","targetHints":{"allow":["GET"]}}],"collection":[{"href":"http:\/\/jornalismo.ufsj.edu.br\/van\/wp-json\/wp\/v2\/posts"}],"about":[{"href":"http:\/\/jornalismo.ufsj.edu.br\/van\/wp-json\/wp\/v2\/types\/post"}],"author":[{"embeddable":true,"href":"http:\/\/jornalismo.ufsj.edu.br\/van\/wp-json\/wp\/v2\/users\/2"}],"replies":[{"embeddable":true,"href":"http:\/\/jornalismo.ufsj.edu.br\/van\/wp-json\/wp\/v2\/comments?post=149"}],"version-history":[{"count":1,"href":"http:\/\/jornalismo.ufsj.edu.br\/van\/wp-json\/wp\/v2\/posts\/149\/revisions"}],"predecessor-version":[{"id":1177,"href":"http:\/\/jornalismo.ufsj.edu.br\/van\/wp-json\/wp\/v2\/posts\/149\/revisions\/1177"}],"wp:featuredmedia":[{"embeddable":true,"href":"http:\/\/jornalismo.ufsj.edu.br\/van\/wp-json\/wp\/v2\/media\/1176"}],"wp:attachment":[{"href":"http:\/\/jornalismo.ufsj.edu.br\/van\/wp-json\/wp\/v2\/media?parent=149"}],"wp:term":[{"taxonomy":"category","embeddable":true,"href":"http:\/\/jornalismo.ufsj.edu.br\/van\/wp-json\/wp\/v2\/categories?post=149"},{"taxonomy":"post_tag","embeddable":true,"href":"http:\/\/jornalismo.ufsj.edu.br\/van\/wp-json\/wp\/v2\/tags?post=149"}],"curies":[{"name":"wp","href":"https:\/\/api.w.org\/{rel}","templated":true}]}}