{"id":14893,"date":"2025-03-25T09:24:00","date_gmt":"2025-03-25T12:24:00","guid":{"rendered":"https:\/\/jornalismo.ufsj.edu.br\/van\/?p=14893"},"modified":"2025-03-25T19:59:42","modified_gmt":"2025-03-25T22:59:42","slug":"outono-renovacao-sob-o-silencio-das-folhas","status":"publish","type":"post","link":"http:\/\/jornalismo.ufsj.edu.br\/van\/outono-renovacao-sob-o-silencio-das-folhas\/","title":{"rendered":"Cr\u00f4nica \u2013 A chegada do outono: Renova\u00e7\u00e3o sob o sil\u00eancio das folhas"},"content":{"rendered":"\n<p class=\"has-text-align-right\"><strong>Por Ana Cl\u00e1udia Almeida<\/strong><\/p>\n\n\n\n<div style=\"height:15px\" aria-hidden=\"true\" class=\"wp-block-spacer\"><\/div>\n\n\n<div class=\"wp-block-image\">\n<figure class=\"aligncenter size-full is-resized\"><img loading=\"lazy\" decoding=\"async\" width=\"746\" height=\"497\" src=\"http:\/\/jornalismo.ufsj.edu.br\/van\/wp-content\/uploads\/2025\/03\/Gramado-cronica-outono-van-2025.jpg\" alt=\"\" class=\"wp-image-14894\" style=\"width:563px;height:auto\" srcset=\"http:\/\/jornalismo.ufsj.edu.br\/van\/wp-content\/uploads\/2025\/03\/Gramado-cronica-outono-van-2025.jpg 746w, http:\/\/jornalismo.ufsj.edu.br\/van\/wp-content\/uploads\/2025\/03\/Gramado-cronica-outono-van-2025-300x200.jpg 300w\" sizes=\"auto, (max-width: 746px) 100vw, 746px\" \/><figcaption class=\"wp-element-caption\">Outono nas ruas de Gramado (RS). Foto: Leonid Streliaev\/Embratur.<\/figcaption><\/figure>\n<\/div>\n\n\n<div style=\"height:15px\" aria-hidden=\"true\" class=\"wp-block-spacer\"><\/div>\n\n\n\n<p class=\"has-text-align-left\">O outono chegou e, de fato, bem devagar. Em tempos de calor extremo e pouca umidade no ar, essa esta\u00e7\u00e3o \u00e9 desafiada a interromper tra\u00e7os marcantes que ainda restam do ver\u00e3o. <\/p>\n\n\n\n<p class=\"has-text-align-left\">O outono n\u00e3o faz alarde, n\u00e3o anuncia a sua chegada com trov\u00f5es e ventos fortes. Ele se faz presente de um jeito mais discreto, a partir dos primeiros sinais. Folhas, antes verdes e cheias de vida, come\u00e7am a perder sua cor vibrante. Mas n\u00e3o se engane, esse n\u00e3o \u00e9 um fen\u00f4meno envolto em tristeza. Uma mistura de dourado, vermelho e laranja surge como se a natureza decidisse se despedir de um ciclo, mas de uma forma po\u00e9tica.<\/p>\n\n\n\n<p>Se bem observar, as \u00e1rvores com seus galhos nus fazem uma reflex\u00e3o silenciosa sobre o tempo. Cada folha que cai, uma pequena hist\u00f3ria que se vai. Sob um vento fresco, as ruas, antes tomadas por passos apressados e lugares lotados, agora ficam mais tranquilas. Se bem observar, h\u00e1 algo de sereno no outono. \u00c9 como se o mundo estivesse diminuindo o ritmo, convidando-nos a desacelerar e a bem observar\u2026&nbsp;<\/p>\n\n\n\n<p>Nessa esta\u00e7\u00e3o, \u00e9 dada uma oportunidade de aceita\u00e7\u00e3o do novo, e um movimento se repete em ambientes antag\u00f4nicos. Nos campos, antes cobertos de flores e gr\u00e3os, uma face mais introspectiva se ergue. A terra exibe os sinais da maturidade, enquanto as plantas perdem seus tons. Na simplicidade do seu envelhecimento, elas se tornam ainda mais belas e nos lembram que, \u00e0s vezes, \u00e9 preciso dar espa\u00e7o ao que est\u00e1 por vir.<\/p>\n\n\n\n<p>Na cidade, o ar fresco traz consigo o cheiro de terra molhada e de folhas secas que se acumulam nas cal\u00e7adas. O tempo fica mais aconchegante e o outono nos envolve em uma rotina mais caseira. Cobertos por uma manta, temos momentos de descanso carregados de uma sensa\u00e7\u00e3o de renova\u00e7\u00e3o e esperan\u00e7a de algo promissor.<\/p>\n\n\n\n<p>\u00c0 medida que as semanas passam, a esta\u00e7\u00e3o vai nos preparando para o inverno. Em dias majoritariamente nublados, as \u00faltimas folhas caem, uma a uma. Se bem observar, a beleza est\u00e1 a\u00ed! N\u00e3o apenas uma queda, uma capacidade de ascens\u00e3o e transforma\u00e7\u00e3o. Algo mais do que necess\u00e1rio \u00e9 a arte de se despedir com gra\u00e7a. Por isso, no sil\u00eancio das folhas, lembre-se, \u00e9 bom confiar no tempo e nos seus movimentos!&nbsp;<strong><br><\/strong><\/p>\n","protected":false},"excerpt":{"rendered":"<p>Cr\u00f4nica &#8211; O outono chegou e, de fato, bem devagar. Em tempos de calor extremo e pouca umidade no ar, essa esta\u00e7\u00e3o \u00e9 desafiada a interromper tra\u00e7os marcantes que ainda restam do ver\u00e3o. (&#8230;)<br \/>\nO outono n\u00e3o faz alarde. (&#8230;) Se bem observar, as \u00e1rvores com seus galhos nus fazem uma reflex\u00e3o silenciosa sobre o tempo.<\/p>\n","protected":false},"author":2,"featured_media":14894,"comment_status":"closed","ping_status":"open","sticky":false,"template":"","format":"standard","meta":{"_monsterinsights_skip_tracking":false,"_monsterinsights_sitenote_active":false,"_monsterinsights_sitenote_note":"","_monsterinsights_sitenote_category":0,"_themeisle_gutenberg_block_has_review":false,"cybocfi_hide_featured_image":"yes","footnotes":""},"categories":[17,706,10,714,18,817],"tags":[795,150,156,820],"class_list":["post-14893","post","type-post","status-publish","format-standard","has-post-thumbnail","hentry","category-cidade","category-clima","category-cronica","category-cronica-2","category-meio-ambiente","category-meio-ambiente-2","tag-clima-e-meio-ambiente","tag-cronica","tag-meio-ambiente","tag-outono"],"_links":{"self":[{"href":"http:\/\/jornalismo.ufsj.edu.br\/van\/wp-json\/wp\/v2\/posts\/14893","targetHints":{"allow":["GET"]}}],"collection":[{"href":"http:\/\/jornalismo.ufsj.edu.br\/van\/wp-json\/wp\/v2\/posts"}],"about":[{"href":"http:\/\/jornalismo.ufsj.edu.br\/van\/wp-json\/wp\/v2\/types\/post"}],"author":[{"embeddable":true,"href":"http:\/\/jornalismo.ufsj.edu.br\/van\/wp-json\/wp\/v2\/users\/2"}],"replies":[{"embeddable":true,"href":"http:\/\/jornalismo.ufsj.edu.br\/van\/wp-json\/wp\/v2\/comments?post=14893"}],"version-history":[{"count":6,"href":"http:\/\/jornalismo.ufsj.edu.br\/van\/wp-json\/wp\/v2\/posts\/14893\/revisions"}],"predecessor-version":[{"id":14903,"href":"http:\/\/jornalismo.ufsj.edu.br\/van\/wp-json\/wp\/v2\/posts\/14893\/revisions\/14903"}],"wp:featuredmedia":[{"embeddable":true,"href":"http:\/\/jornalismo.ufsj.edu.br\/van\/wp-json\/wp\/v2\/media\/14894"}],"wp:attachment":[{"href":"http:\/\/jornalismo.ufsj.edu.br\/van\/wp-json\/wp\/v2\/media?parent=14893"}],"wp:term":[{"taxonomy":"category","embeddable":true,"href":"http:\/\/jornalismo.ufsj.edu.br\/van\/wp-json\/wp\/v2\/categories?post=14893"},{"taxonomy":"post_tag","embeddable":true,"href":"http:\/\/jornalismo.ufsj.edu.br\/van\/wp-json\/wp\/v2\/tags?post=14893"}],"curies":[{"name":"wp","href":"https:\/\/api.w.org\/{rel}","templated":true}]}}