{"id":148,"date":"2015-03-17T15:54:00","date_gmt":"2015-03-17T15:54:00","guid":{"rendered":"http:\/\/jornalismo.ufsj.edu.br\/van\/?p=148"},"modified":"2015-05-27T21:40:38","modified_gmt":"2015-05-27T21:40:38","slug":"resultado-do-liraa-aponta-alto-risco-de","status":"publish","type":"post","link":"http:\/\/jornalismo.ufsj.edu.br\/van\/resultado-do-liraa-aponta-alto-risco-de\/","title":{"rendered":"Resultado do LIRAa aponta alto risco de Dengue em SJDR"},"content":{"rendered":"<div class=\"Padro\" style=\"margin-bottom: 0.0001pt; text-align: center;\"><i>\u00cdndice<br \/>\nfoi de 6,5%, considerado acima do recomendado pelo Minist\u00e9rio da Sa\u00fade.\u00a0<\/i><\/div>\n<div class=\"Padro\" style=\"margin-bottom: 0.0001pt; text-align: justify;\"><\/div>\n<div class=\"separator\" style=\"clear: both; text-align: center;\"><a style=\"margin-left: 1em; margin-right: 1em;\" href=\"http:\/\/4.bp.blogspot.com\/-PvRy8MuTStM\/VQmfvyAYBAI\/AAAAAAAAEgY\/9xSASowQxZM\/s1600\/logo%2Bdengue.jpg\"><img loading=\"lazy\" decoding=\"async\" src=\"http:\/\/4.bp.blogspot.com\/-PvRy8MuTStM\/VQmfvyAYBAI\/AAAAAAAAEgY\/9xSASowQxZM\/s1600\/logo%2Bdengue.jpg\" alt=\"\" width=\"400\" height=\"282\" border=\"0\" \/><\/a><\/div>\n<div class=\"Padro\" style=\"margin-bottom: 0.0001pt; text-align: justify;\"><\/div>\n<div class=\"Padro\" style=\"margin-bottom: 0.0001pt; text-align: justify;\">S\u00e3o Jo\u00e3o del-Rei est\u00e1 em alerta. O resultado<br \/>\ndo 2\u00ba Levantamento R\u00e1pido do \u00cdndice de Infesta\u00e7\u00e3o do Aedes aegypti (LIRAa) do<br \/>\nano, divulgado na ter\u00e7a-feira (10), apontou a exist\u00eancia de alto risco de<br \/>\ntransmiss\u00e3o de dengue na cidade hist\u00f3rica. O levantamento foi realizado entre<br \/>\nos dias 3 e 5 de mar\u00e7o, pelos agentes do setor de Endemias da Secretaria de<br \/>\nSa\u00fade, que encontraram 147 focos do mosquito nas 1800 casas visitadas. Com<br \/>\nisso, o \u00cdndice de Infesta\u00e7\u00e3o Predial foi de 6,5%, sendo que o aceit\u00e1vel pelo<br \/>\nMinist\u00e9rio da Sa\u00fade \u00e9 de apenas 1%. No mesmo per\u00edodo do ano passado foram<br \/>\nencontrados 92 focos e no primeiro LIRAa do ano, em janeiro, 63.<\/div>\n<div class=\"Padro\" style=\"margin-bottom: 0.0001pt; text-align: justify;\"><\/div>\n<div class=\"Padro\" style=\"margin-bottom: 0.0001pt; text-align: justify;\">Os bairros<br \/>\nregistrados com maiores \u00edndices de infesta\u00e7\u00e3o foram a Vila Santa Terezinha, com<br \/>\n13 focos, Alto das Merc\u00eas, com 12, e Dom Bosco, com 11 focos. O F\u00e1bricas e<br \/>\nRecreio das Alterosas tiveram nove focos em cada um. J\u00e1 o Guarda-Mor e Conjunto<br \/>\nHabitacional do IAPI apareceram com cinco e o Residencial Girassol com quatro<br \/>\ncasos.<\/div>\n<div class=\"Padro\" style=\"margin-bottom: 0.0001pt; text-align: justify;\"><\/div>\n<div class=\"Padro\" style=\"margin-bottom: 0.0001pt; text-align: justify;\">Segundo o coordenador de Endemias, Jean<br \/>\nVilela, o aumento no \u00edndice \u00e9 consequ\u00eancia do armazenamento incorreto da \u00e1gua<br \/>\nnas casas. \u201cCom a crise h\u00eddrica, muitas pessoas est\u00e3o armazenando \u00e1gua em<br \/>\nreservat\u00f3rios particulares de maneira inadequada. Isso ajuda na eclos\u00e3o do<br \/>\nmosquito\u201d, afirmou.<\/div>\n<div class=\"Padro\" style=\"margin-bottom: 0.0001pt; text-align: justify;\"><\/div>\n<div class=\"Padro\" style=\"margin-bottom: 0.0001pt; text-align: justify;\">Vilela comentou tamb\u00e9m que a mudan\u00e7a do<br \/>\nlarvicida utilizado contribuiu com o resultado:<\/div>\n<div class=\"Padro\" style=\"margin-bottom: 0.0001pt; text-align: justify;\"><\/div>\n<div class=\"Padro\" style=\"margin-bottom: 0.0001pt; text-align: justify;\">\u2013 \u201cUsamos um larvicida por 14 anos que<br \/>\neliminava a larva no pr\u00f3prio reservat\u00f3rio. Faz seis meses que estamos<br \/>\ntrabalhando com outro produto, que \u00e9 o regulador de crescimento larv\u00e1rio, que<br \/>\nn\u00e3o elimina a larva. Caso ela se desenvolva at\u00e9 a fase adulta, esse produto<br \/>\nleva \u00e0 esteriliza\u00e7\u00e3o do macho, impedindo a transmiss\u00e3o da doen\u00e7a. \u00c9 um produto<br \/>\neficiente, mas acaba influenciando no aumento do \u00edndice por n\u00e3o eliminar a<br \/>\nlarva\u201d.<\/div>\n<div class=\"Padro\" style=\"margin-bottom: 0.0001pt; text-align: justify;\"><\/div>\n<div class=\"Padro\" style=\"margin-bottom: 0.0001pt; text-align: justify;\">O coordenador ainda pediu o compromisso da<br \/>\npopula\u00e7\u00e3o:<\/div>\n<div class=\"Padro\" style=\"margin-bottom: 0.0001pt; text-align: justify;\"><\/div>\n<div class=\"Padro\" style=\"margin-bottom: 0.0001pt; text-align: justify;\">\u2013 \u201cTodos t\u00eam que ajudar. Quem for guardar<br \/>\n\u00e1gua em casa, deve procurar informa\u00e7\u00f5es de como fazer corretamente\u201d.<\/div>\n<div class=\"Padro\" style=\"margin-bottom: 0.0001pt; text-align: justify;\"><\/div>\n<div class=\"Padro\" style=\"margin-bottom: 0.0001pt; text-align: justify;\">A comerciante V\u00e2nia Aparecida comentou que<br \/>\ndeixou de estocar \u00e1gua da chuva pelo medo da dengue. J\u00e1 o aposentado Ant\u00f4nio de<br \/>\nSouza armazena \u00e1gua, mas toma todas as medidas preventivas. \u201cDeixo todos os<br \/>\nreservat\u00f3rios fechados\u201d, ressaltou. Souza ainda advertiu quem quer guardar \u00e1gua<br \/>\nem casa,\u00a0 dizendo que devem \u201cbuscar<br \/>\ninforma\u00e7\u00f5es, perguntar os agentes como fazer\u201d, afirmou.<\/div>\n<div class=\"Padro\" style=\"margin-bottom: 0.0001pt; text-align: justify;\"><b>\u00a0<\/b><\/div>\n<div class=\"Padro\" style=\"margin-bottom: 0.0001pt; text-align: justify;\"><b>A\u00e7\u00f5es<br \/>\np\u00f3s-LIRAa\u00a0 <\/b><\/div>\n<div style=\"background: white; margin: 0cm 0cm 0.0001pt; text-align: justify;\"><\/div>\n<div style=\"background: white; margin: 0cm 0cm 0.0001pt; text-align: justify;\">O coordenador Jean Vilela afirmou que ser\u00e1 feito um<br \/>\ntrabalho de orienta\u00e7\u00e3o, principalmente nos bairros que apresentaram um \u00edndice<br \/>\nmaior de infesta\u00e7\u00e3o.\u00a0 Segundo a<br \/>\nassessoria da Prefeitura de S\u00e3o Jo\u00e3o del-Rei, no s\u00e1bado (14), pela manh\u00e3, ser\u00e1<br \/>\nrealizado, por agentes do setor Endemias, nos bairros<br \/>\nDom Bosco, Bela Vista, Ara\u00e7\u00e1 e S\u00e3o Geraldo, um movimento de intensifica\u00e7\u00e3o ao<br \/>\ncombate do Aedes aegypti<\/div>\n<div style=\"background: white; margin: 0cm 0cm 0.0001pt; text-align: justify;\"><\/div>\n<div style=\"background: white; margin: 0cm 0cm 0.0001pt; text-align: justify;\">O<br \/>\nsetor de Endemias enfatiza a participa\u00e7\u00e3o da popula\u00e7\u00e3o na luta contra a dengue<br \/>\ne esclarece que recebe den\u00fancias de poss\u00edveis focos do mosquito. Al\u00e9m disso,<br \/>\nsolicita que em caso de suspeita de Dengue, comunique imediatamente o setor,<br \/>\npara que o local seja averiguado. At\u00e9 o momento foram sete as notifica\u00e7\u00f5es e<br \/>\nduas as confirma\u00e7\u00f5es da doen\u00e7a. O telefone para contato \u00e9 (0**32) 3379-<br \/>\n1565.<\/div>\n<div style=\"background: white; margin: 0cm 0cm 0.0001pt; text-align: justify;\"><\/div>\n<div style=\"background: white; margin: 0cm 0cm 0.0001pt; text-align: justify;\">Texto: Richardson Freitas<\/div>\n<div style=\"background: white; margin: 0cm 0cm 0.0001pt; text-align: justify;\">Foto: Divulga\u00e7\u00e3o<\/div>\n","protected":false},"excerpt":{"rendered":"<p>\u00cdndice foi de 6,5%, considerado acima do recomendado pelo Minist\u00e9rio da Sa\u00fade.\u00a0 S\u00e3o Jo\u00e3o del-Rei est\u00e1 em alerta. O resultado do 2\u00ba Levantamento R\u00e1pido do \u00cdndice de Infesta\u00e7\u00e3o do Aedes<\/p>\n","protected":false},"author":2,"featured_media":1174,"comment_status":"open","ping_status":"open","sticky":false,"template":"","format":"standard","meta":{"_monsterinsights_skip_tracking":false,"_monsterinsights_sitenote_active":false,"_monsterinsights_sitenote_note":"","_monsterinsights_sitenote_category":0,"_themeisle_gutenberg_block_has_review":false,"cybocfi_hide_featured_image":"","footnotes":""},"categories":[109,21],"tags":[],"class_list":["post-148","post","type-post","status-publish","format-standard","has-post-thumbnail","hentry","category-sao-joao-del-rei-microrregiao-de-sao-joao-del-rei","category-saude"],"_links":{"self":[{"href":"http:\/\/jornalismo.ufsj.edu.br\/van\/wp-json\/wp\/v2\/posts\/148","targetHints":{"allow":["GET"]}}],"collection":[{"href":"http:\/\/jornalismo.ufsj.edu.br\/van\/wp-json\/wp\/v2\/posts"}],"about":[{"href":"http:\/\/jornalismo.ufsj.edu.br\/van\/wp-json\/wp\/v2\/types\/post"}],"author":[{"embeddable":true,"href":"http:\/\/jornalismo.ufsj.edu.br\/van\/wp-json\/wp\/v2\/users\/2"}],"replies":[{"embeddable":true,"href":"http:\/\/jornalismo.ufsj.edu.br\/van\/wp-json\/wp\/v2\/comments?post=148"}],"version-history":[{"count":1,"href":"http:\/\/jornalismo.ufsj.edu.br\/van\/wp-json\/wp\/v2\/posts\/148\/revisions"}],"predecessor-version":[{"id":1175,"href":"http:\/\/jornalismo.ufsj.edu.br\/van\/wp-json\/wp\/v2\/posts\/148\/revisions\/1175"}],"wp:featuredmedia":[{"embeddable":true,"href":"http:\/\/jornalismo.ufsj.edu.br\/van\/wp-json\/wp\/v2\/media\/1174"}],"wp:attachment":[{"href":"http:\/\/jornalismo.ufsj.edu.br\/van\/wp-json\/wp\/v2\/media?parent=148"}],"wp:term":[{"taxonomy":"category","embeddable":true,"href":"http:\/\/jornalismo.ufsj.edu.br\/van\/wp-json\/wp\/v2\/categories?post=148"},{"taxonomy":"post_tag","embeddable":true,"href":"http:\/\/jornalismo.ufsj.edu.br\/van\/wp-json\/wp\/v2\/tags?post=148"}],"curies":[{"name":"wp","href":"https:\/\/api.w.org\/{rel}","templated":true}]}}