{"id":1475,"date":"2015-06-29T20:30:06","date_gmt":"2015-06-29T20:30:06","guid":{"rendered":"http:\/\/jornalismo.ufsj.edu.br\/van\/?p=1475"},"modified":"2015-06-29T20:32:12","modified_gmt":"2015-06-29T20:32:12","slug":"encontro-de-bandas-promove-a-cultura-musical-em-santa-cruz-de-minas","status":"publish","type":"post","link":"http:\/\/jornalismo.ufsj.edu.br\/van\/encontro-de-bandas-promove-a-cultura-musical-em-santa-cruz-de-minas\/","title":{"rendered":"Encontro de Bandas  promove a cultura musical  em Santa Cruz de Minas"},"content":{"rendered":"<p><a href=\"http:\/\/jornalismo.ufsj.edu.br\/van\/wp-content\/uploads\/2015\/06\/11349003_681879001918655_1555087838_n.jpg\"><img loading=\"lazy\" decoding=\"async\" src=\"http:\/\/jornalismo.ufsj.edu.br\/van\/wp-content\/uploads\/2015\/06\/11349003_681879001918655_1555087838_n.jpg\" alt=\"11349003_681879001918655_1555087838_n\" width=\"960\" height=\"720\" class=\"alignnone size-full wp-image-1476\" srcset=\"http:\/\/jornalismo.ufsj.edu.br\/van\/wp-content\/uploads\/2015\/06\/11349003_681879001918655_1555087838_n.jpg 960w, http:\/\/jornalismo.ufsj.edu.br\/van\/wp-content\/uploads\/2015\/06\/11349003_681879001918655_1555087838_n-300x225.jpg 300w\" sizes=\"auto, (max-width: 960px) 100vw, 960px\" \/><\/a><\/p>\n<p>O III Encontro de Bandas de Santa Cruz de Minas reuniu nove agremia\u00e7\u00f5es de outras cidades mineiras, a maioria da regi\u00e3o, al\u00e9m de uma do munic\u00edpio, para trazer para o p\u00fablico um repert\u00f3rio variado, indo desde os cl\u00e1ssicos de ABBA, at\u00e9 ritmos atuais. O evento aconteceu recentemente na Pra\u00e7a S\u00e3o Sebasti\u00e3o.<\/p>\n<p>Com in\u00edcio \u00e0s 9 horas, as bandas participantes desfilaram por algumas ruas do Centro da cidade, localizadas entre a Escola Municipal Professora Luzia Ferreira e a Pra\u00e7a S\u00e3o Sebasti\u00e3o. Com a chegada \u00e0 pra\u00e7a, cada banda apresentou o seu dobrado. Depois, todas se reuniram para tocar o Hino Nacional; em seguida, todas juntas apresentaram, no tradicional \u201cband\u00e3o\u201d, a melodia \u201cDois Cora\u00e7\u00f5es\u201d, do compositor fluminense Pedro Salgado.<\/p>\n<p>Segundo o regente da banda anfitri\u00e3 do evento, a Corpora\u00e7\u00e3o Musical S\u00e3o Sebasti\u00e3o, Reinaldo Carvalho, \u201choje os m\u00fasicos tocam seus instrumentos divinamente\u201d e  a conversa entre os regentes, s\u00e3o pontos que permitem troca de experi\u00eancias e aprimoramento das bandas participantes. O regente da banda destacou  ainda:<\/p>\n<p>&#8211; &#8220;Nossa inten\u00e7\u00e3o \u00e9 sempre atingir os dois p\u00fablicos, tanto os m\u00fasicos, quanto os que est\u00e3o assistindo\u201d.<br \/>\nDe acordo com Carvalho, \u201ca prefeitura deu total apoio ao evento, nas quest\u00f5es financeiras, na log\u00edstica, nos of\u00edcios, convites, alimenta\u00e7\u00e3o e prepara\u00e7\u00e3o; a banda ficou com a organiza\u00e7\u00e3o\u201d. Ele salientou, ainda, que esta comunh\u00e3o entre ambos foi fundamental para o bom \u00eaxito da festividade.<\/p>\n<p><a href=\"http:\/\/jornalismo.ufsj.edu.br\/van\/wp-content\/uploads\/2015\/06\/11647429_681879058585316_1111452280_n.jpg\"><img loading=\"lazy\" decoding=\"async\" src=\"http:\/\/jornalismo.ufsj.edu.br\/van\/wp-content\/uploads\/2015\/06\/11647429_681879058585316_1111452280_n.jpg\" alt=\"11647429_681879058585316_1111452280_n\" width=\"960\" height=\"540\" class=\"alignnone size-full wp-image-1477\" srcset=\"http:\/\/jornalismo.ufsj.edu.br\/van\/wp-content\/uploads\/2015\/06\/11647429_681879058585316_1111452280_n.jpg 960w, http:\/\/jornalismo.ufsj.edu.br\/van\/wp-content\/uploads\/2015\/06\/11647429_681879058585316_1111452280_n-300x168.jpg 300w\" sizes=\"auto, (max-width: 960px) 100vw, 960px\" \/><\/a><\/p>\n<p>E foi o que aconteceu aos olhos das pessoas que estavam prestigiando o evento.  Alessandra Silva afirmou participar todos os anos porque o evento \u201c\u00e9 muito bacana, muito interessante, principalmente para os adolescentes\u201d, ao promover a inser\u00e7\u00e3o da juventude na cultura musical.<\/p>\n<p>Este ano o encontro teve a presen\u00e7a de um representante da Secretaria Estadual de Cultura, o Maestro Lindomar Gomes, que se encantou tanto com a organiza\u00e7\u00e3o e com a compet\u00eancia de todos os organizadores, quanto com a execu\u00e7\u00e3o dos dobrados no repert\u00f3rio. O representante estadual salientou:<\/p>\n<p>&#8211; \u201cEu vim aqui representar o Secret\u00e1rio Estadual de Cultura,  Angelo Oswaldo de Ara\u00fajo Santos. Estou encantado com a qualidade, com o refinamento das m\u00fasicas, e, sobretudo, com a valoriza\u00e7\u00e3o de apoiar o jovem nas bandas\u201d. <\/p>\n<p>A diretora de cultura e turismo da Prefeitura de Santa Cruz de Minas, Bet\u00e2nia Resende ressaltou que a presen\u00e7a do Maestro Gomes \u201cmuito nos engrandece, porque sabemos que todo trabalho feito para a cultura carece de recursos;  ent\u00e3o essa parceria com o estado \u00e9 de grande import\u00e2ncia\u201d.<\/p>\n<p>Outro diferencial foi a participa\u00e7\u00e3o da Banda de Nossa Senhora de Candeias, da Cidade de Candeias, situada h\u00e1 aproximadamente 180km de Santa Cruz de Minas. O regente Alan Ferreira Barreto soube do evento atrav\u00e9s do Facebook e entrou em contato com os organizadores, para que, juntamente com a sua banda, pudesse apresentar. Ele tamb\u00e9m acrescentou que a integra\u00e7\u00e3o dos m\u00fasicos \u00e9 muito importante:<\/p>\n<p>&#8211; \u201cTeremos um encontro de bandas em Candeias, ent\u00e3o essas bandas v\u00e3o ao nosso encontro\u201d.<br \/>\nO banc\u00e1rio e tubista Diogo Ribeiro, m\u00fasico da Corpora\u00e7\u00e3o Musical S\u00e3o Sebasti\u00e3o, acredita que   \u201cexistem bandas de cidades pequenas com n\u00edveis muito altos\u201d e pelo tamanho delas \u201cas pessoas t\u00eam como lazer a m\u00fasica e se dedicam mais a ela\u201d.<\/p>\n<p>Nas palavras de Bet\u00e2nia Resende, \u201co Encontro de bandas para Santa Cruz de Minas representa o prest\u00edgio que a nossa Corpora\u00e7\u00e3o Musical est\u00e1 conseguindo na nossa comunidade\u201d.<\/p>\n<p> <a href=\"http:\/\/jornalismo.ufsj.edu.br\/van\/wp-content\/uploads\/2015\/06\/11651069_681879005251988_1063179586_n.jpg\"><img loading=\"lazy\" decoding=\"async\" src=\"http:\/\/jornalismo.ufsj.edu.br\/van\/wp-content\/uploads\/2015\/06\/11651069_681879005251988_1063179586_n.jpg\" alt=\"11651069_681879005251988_1063179586_n\" width=\"960\" height=\"540\" class=\"alignnone size-full wp-image-1478\" srcset=\"http:\/\/jornalismo.ufsj.edu.br\/van\/wp-content\/uploads\/2015\/06\/11651069_681879005251988_1063179586_n.jpg 960w, http:\/\/jornalismo.ufsj.edu.br\/van\/wp-content\/uploads\/2015\/06\/11651069_681879005251988_1063179586_n-300x168.jpg 300w\" sizes=\"auto, (max-width: 960px) 100vw, 960px\" \/><\/a><\/p>\n<p>A prefeita Sinara Campos elogiou a Corpora\u00e7\u00e3o Musical S\u00e3o Sebasti\u00e3o e concordou com as palavras do Maestro Lindomar Gomes, ao afirmar que \u201ca cultura e a educa\u00e7\u00e3o s\u00e3o transformadoras\u201d::<\/p>\n<p>&#8211; &#8220;Eles alavancaram e inspiraram projetos musicais. Hoje, a partir deles, temos outros projetos voltados para a m\u00fasica, como a Orquestra Mirim, a Orquestra Jovem, o Projeto de Viol\u00e3o. Para o munic\u00edpio, a m\u00fasica ou qualquer forma de express\u00e3o cultural \u00e9 muito importante do ponto de vista da identidade enquanto cidad\u00e3os e tamb\u00e9m na quest\u00e3o de conhecer novos valores e caminhos atrav\u00e9s da m\u00fasica, da arte e da cultura\u201d.<\/p>\n<p>Texto: Emanuel Reis\/VAN<br \/>\nFotos: Emanuel Reis<\/p>\n","protected":false},"excerpt":{"rendered":"<p>O III Encontro de Bandas de Santa Cruz de Minas reuniu nove agremia\u00e7\u00f5es de outras cidades mineiras, a maioria da regi\u00e3o, al\u00e9m de uma do munic\u00edpio, para trazer para o<\/p>\n","protected":false},"author":2,"featured_media":1476,"comment_status":"open","ping_status":"open","sticky":false,"template":"","format":"standard","meta":{"_monsterinsights_skip_tracking":false,"_monsterinsights_sitenote_active":false,"_monsterinsights_sitenote_note":"","_monsterinsights_sitenote_category":0,"_themeisle_gutenberg_block_has_review":false,"cybocfi_hide_featured_image":"","footnotes":""},"categories":[13,12],"tags":[],"class_list":["post-1475","post","type-post","status-publish","format-standard","has-post-thumbnail","hentry","category-cultura","category-santa-cruz-de-minas"],"_links":{"self":[{"href":"http:\/\/jornalismo.ufsj.edu.br\/van\/wp-json\/wp\/v2\/posts\/1475","targetHints":{"allow":["GET"]}}],"collection":[{"href":"http:\/\/jornalismo.ufsj.edu.br\/van\/wp-json\/wp\/v2\/posts"}],"about":[{"href":"http:\/\/jornalismo.ufsj.edu.br\/van\/wp-json\/wp\/v2\/types\/post"}],"author":[{"embeddable":true,"href":"http:\/\/jornalismo.ufsj.edu.br\/van\/wp-json\/wp\/v2\/users\/2"}],"replies":[{"embeddable":true,"href":"http:\/\/jornalismo.ufsj.edu.br\/van\/wp-json\/wp\/v2\/comments?post=1475"}],"version-history":[{"count":2,"href":"http:\/\/jornalismo.ufsj.edu.br\/van\/wp-json\/wp\/v2\/posts\/1475\/revisions"}],"predecessor-version":[{"id":1480,"href":"http:\/\/jornalismo.ufsj.edu.br\/van\/wp-json\/wp\/v2\/posts\/1475\/revisions\/1480"}],"wp:featuredmedia":[{"embeddable":true,"href":"http:\/\/jornalismo.ufsj.edu.br\/van\/wp-json\/wp\/v2\/media\/1476"}],"wp:attachment":[{"href":"http:\/\/jornalismo.ufsj.edu.br\/van\/wp-json\/wp\/v2\/media?parent=1475"}],"wp:term":[{"taxonomy":"category","embeddable":true,"href":"http:\/\/jornalismo.ufsj.edu.br\/van\/wp-json\/wp\/v2\/categories?post=1475"},{"taxonomy":"post_tag","embeddable":true,"href":"http:\/\/jornalismo.ufsj.edu.br\/van\/wp-json\/wp\/v2\/tags?post=1475"}],"curies":[{"name":"wp","href":"https:\/\/api.w.org\/{rel}","templated":true}]}}