{"id":147,"date":"2015-03-18T21:20:00","date_gmt":"2015-03-18T21:20:00","guid":{"rendered":"http:\/\/jornalismo.ufsj.edu.br\/van\/?p=147"},"modified":"2015-05-27T21:39:56","modified_gmt":"2015-05-27T21:39:56","slug":"tiradentes-e-palco-do-foto-em-pauta","status":"publish","type":"post","link":"http:\/\/jornalismo.ufsj.edu.br\/van\/tiradentes-e-palco-do-foto-em-pauta\/","title":{"rendered":"Tiradentes \u00e9 palco do Foto em Pauta"},"content":{"rendered":"<div class=\"separator\" style=\"clear: both; text-align: center;\"><a style=\"margin-left: 1em; margin-right: 1em;\" href=\"http:\/\/2.bp.blogspot.com\/-_3K8oFhapcw\/VQnr5UCsG2I\/AAAAAAAAEgo\/SlBL-MW3mXQ\/s1600\/10519590_10150476114269971_2505286627949090790_n.png\"><img loading=\"lazy\" decoding=\"async\" src=\"http:\/\/2.bp.blogspot.com\/-_3K8oFhapcw\/VQnr5UCsG2I\/AAAAAAAAEgo\/SlBL-MW3mXQ\/s1600\/10519590_10150476114269971_2505286627949090790_n.png\" alt=\"\" width=\"400\" height=\"300\" border=\"0\" \/><\/a><\/div>\n<div class=\"MsoNormal\" style=\"margin-bottom: 0cm; text-align: justify;\"><\/div>\n<div class=\"MsoNormal\" style=\"margin-bottom: 0cm; text-align: justify;\">O Festival de Fotografia de Tiradentes chega \u00e0 sua 5\u00aa edi\u00e7\u00e3o. Por isso, nos pr\u00f3ximos dias, a pequena cidade do barroco mineiro vai receber in\u00fameros profissionais da arte de fotografar. De acordo com a organiza\u00e7\u00e3o do evento, o festival proporciona ao p\u00fablico ricas experi\u00eancias e trocas com profissionais de renome nacional e internacional, cuja produ\u00e7\u00e3o art\u00edstica \u00e9 representativa no cen\u00e1rio da fotografia brasileira.<\/div>\n<div class=\"MsoNormal\" style=\"margin-bottom: 0cm; text-align: justify;\"><\/div>\n<div class=\"MsoNormal\" style=\"margin-bottom: 0cm; text-align: justify;\">Esta edi\u00e7\u00e3o vai acontecer entre os dias 18 e 22 de mar\u00e7o, com uma programa\u00e7\u00e3o intensa para os amantes da fotografia.\u00a0 Ser\u00e3o muitas as atividades\u00a0 ligadas ao Foto em Pauta, dentre elas<br \/>\ndestacam-se exposi\u00e7\u00f5es, <i>workshops<\/i>, palestras, debates, leituras de portf\u00f3lio, proje\u00e7\u00f5es de fotografias, al\u00e9m de atividades educativas voltadas para a comunidade local.<\/div>\n<div class=\"MsoNormal\" style=\"margin-bottom: 0cm; text-align: justify;\"><\/div>\n<div class=\"MsoNormal\" style=\"margin-bottom: 0cm; text-align: justify;\">Os eventos ser\u00e3o realizados em diferentes lugares da cidade. As palestras e debates acontecem no Centro Cultural Yves Alves. As exposi\u00e7\u00f5es est\u00e3o montadas em v\u00e1rios espa\u00e7os, algumas ao ar livre, como por exemplo, \u201cRetrato\u201d de curadoria, de Juan Esteves, Madu Dorella e Miguel Aun, que mostra o resultado da convocat\u00f3ria aberta realizada pelo festival.<\/div>\n<div class=\"MsoNormal\" style=\"margin-bottom: 0cm; text-align: justify;\"><\/div>\n<div class=\"MsoNormal\" style=\"margin-bottom: 0cm; text-align: justify;\">Ser\u00e3o oferecidos 16 <i>workshops<\/i> com dura\u00e7\u00f5es variadas, sendo que<br \/>\nalguns j\u00e1 est\u00e3o com as vagas esgotadas. Dentre os que t\u00eam inscri\u00e7\u00f5es abertas, est\u00e3o: \u201cSemin\u00e1rio materializa\u00e7\u00f5es e desmaterializa\u00e7\u00f5es fotogr\u00e1ficas\u201d, \u201cDire\u00e7\u00e3o da fotografia em formato\u201d, \u201cProdu\u00e7\u00e3o cultural em fotografia\u201d, \u201cO di\u00e1logo entre fotografia e v\u00eddeo\u201d, \u201cImpress\u00e3o e cria\u00e7\u00e3o em cianotipo\u201d, \u201cNa dire\u00e7\u00e3o do medo\u201d e \u201cFotografia e aquarela\u201d.<\/div>\n<div class=\"MsoNormal\" style=\"margin-bottom: 0cm; text-align: justify;\"><\/div>\n<div class=\"MsoNormal\" style=\"margin-bottom: 0cm; text-align: justify;\">Todas as palestras, debates, proje\u00e7\u00f5es e exposi\u00e7\u00f5es s\u00e3o gratuitas. Os locais e datas est\u00e3o no site do evento:\u00a0\u00a0 <a href=\"http:\/\/www.fotoempauta.com.br\/festival2015\/\">http:\/\/www.fotoempauta.com.br\/festival2015\/<\/a><\/div>\n<div class=\"MsoNormal\" style=\"margin-bottom: 0cm; text-align: justify;\"><\/div>\n<p>&nbsp;<\/p>\n<div class=\"MsoNormal\" style=\"margin-bottom: 0cm; text-align: justify;\">Texto:<br \/>\nSilvia Reis\/VAN<\/div>\n<div class=\"MsoNormal\" style=\"margin-bottom: 0cm; text-align: justify;\">Foto: Divulga\u00e7\u00e3o<\/div>\n","protected":false},"excerpt":{"rendered":"<p>O Festival de Fotografia de Tiradentes chega \u00e0 sua 5\u00aa edi\u00e7\u00e3o. Por isso, nos pr\u00f3ximos dias, a pequena cidade do barroco mineiro vai receber in\u00fameros profissionais da arte de fotografar.<\/p>\n","protected":false},"author":2,"featured_media":1172,"comment_status":"open","ping_status":"open","sticky":false,"template":"","format":"standard","meta":{"_monsterinsights_skip_tracking":false,"_monsterinsights_sitenote_active":false,"_monsterinsights_sitenote_note":"","_monsterinsights_sitenote_category":0,"_themeisle_gutenberg_block_has_review":false,"cybocfi_hide_featured_image":"","footnotes":""},"categories":[13,19],"tags":[],"class_list":["post-147","post","type-post","status-publish","format-standard","has-post-thumbnail","hentry","category-cultura","category-tiradentes"],"_links":{"self":[{"href":"http:\/\/jornalismo.ufsj.edu.br\/van\/wp-json\/wp\/v2\/posts\/147","targetHints":{"allow":["GET"]}}],"collection":[{"href":"http:\/\/jornalismo.ufsj.edu.br\/van\/wp-json\/wp\/v2\/posts"}],"about":[{"href":"http:\/\/jornalismo.ufsj.edu.br\/van\/wp-json\/wp\/v2\/types\/post"}],"author":[{"embeddable":true,"href":"http:\/\/jornalismo.ufsj.edu.br\/van\/wp-json\/wp\/v2\/users\/2"}],"replies":[{"embeddable":true,"href":"http:\/\/jornalismo.ufsj.edu.br\/van\/wp-json\/wp\/v2\/comments?post=147"}],"version-history":[{"count":1,"href":"http:\/\/jornalismo.ufsj.edu.br\/van\/wp-json\/wp\/v2\/posts\/147\/revisions"}],"predecessor-version":[{"id":1173,"href":"http:\/\/jornalismo.ufsj.edu.br\/van\/wp-json\/wp\/v2\/posts\/147\/revisions\/1173"}],"wp:featuredmedia":[{"embeddable":true,"href":"http:\/\/jornalismo.ufsj.edu.br\/van\/wp-json\/wp\/v2\/media\/1172"}],"wp:attachment":[{"href":"http:\/\/jornalismo.ufsj.edu.br\/van\/wp-json\/wp\/v2\/media?parent=147"}],"wp:term":[{"taxonomy":"category","embeddable":true,"href":"http:\/\/jornalismo.ufsj.edu.br\/van\/wp-json\/wp\/v2\/categories?post=147"},{"taxonomy":"post_tag","embeddable":true,"href":"http:\/\/jornalismo.ufsj.edu.br\/van\/wp-json\/wp\/v2\/tags?post=147"}],"curies":[{"name":"wp","href":"https:\/\/api.w.org\/{rel}","templated":true}]}}