{"id":14627,"date":"2024-12-09T12:10:00","date_gmt":"2024-12-09T15:10:00","guid":{"rendered":"https:\/\/jornalismo.ufsj.edu.br\/van\/?p=14627"},"modified":"2024-12-10T12:32:18","modified_gmt":"2024-12-10T15:32:18","slug":"sao-joao-del-rei-celebra-311-anos-com-festa-e-tradicao-na-rua-da-cachaca","status":"publish","type":"post","link":"http:\/\/jornalismo.ufsj.edu.br\/van\/sao-joao-del-rei-celebra-311-anos-com-festa-e-tradicao-na-rua-da-cachaca\/","title":{"rendered":"S\u00e3o Jo\u00e3o del-Rei celebra 311 anos com festa e tradi\u00e7\u00e3o na Rua da Cacha\u00e7a"},"content":{"rendered":"\n<p class=\"has-text-align-right\"><strong>Por L\u00edvia Moreira<\/strong><\/p>\n\n\n\n<div style=\"height:15px\" aria-hidden=\"true\" class=\"wp-block-spacer\"><\/div>\n\n\n<div class=\"wp-block-image\">\n<figure class=\"aligncenter is-resized\"><img decoding=\"async\" src=\"https:\/\/lh7-rt.googleusercontent.com\/docsz\/AD_4nXf7tX5QEMJ9zyvsQTx__pPBClXDsfNjyBjVG-aPGgMThdxaTocfBxiPJ6YZZCuJM83WkXQBhNw3uGvbGR-OKLkxCd8CKCIZCTUWBFL3C_Fd8j9cMWw81eNQvJ49QnxTwaHoJiAeJRFxtEoV?key=gVO2XASFEVANOF-mziDgyw2G\" alt=\"\" style=\"width:616px;height:auto\"\/><figcaption class=\"wp-element-caption\">Barracas na feira da BoaZona. Foto: L\u00edvia Moreira<br><\/figcaption><\/figure>\n<\/div>\n\n\n<div style=\"height:15px\" aria-hidden=\"true\" class=\"wp-block-spacer\"><\/div>\n\n\n\n<p>Neste fim de semana, a cidade tricenten\u00e1ria do Campo das Vertentes esteve em festa para celebrar seus 311 anos. A Rua da Cacha\u00e7a foi um dos principais pontos de encontro para os moradores e visitantes, com o IV Simp\u00f3sio do Patrim\u00f4nio Imaterial de S\u00e3o Jo\u00e3o del Rei.<\/p>\n\n\n\n<p>Al\u00e9m de uma programa\u00e7\u00e3o repleta de cultura, m\u00fasica e atividades, do dia 6 a 8 de dezembro, aconteceu a Feira da BoaZona, que contou com diversos expositores e artes\u00e3os, desde barracas de comidas caseiras at\u00e9 brech\u00f3s.&nbsp;<\/p>\n\n\n\n<p>No s\u00e1bado, a partir das 20h, a banda Choro com Chope se apresentou com os m\u00fasicos M\u00e1rcio Luiz Sete Cordas, Larissa Novo e Milena Lopes. Idealizada em Novembro de 2022 por M\u00e1rcio, em parceria com o Alquibeer, a banda tem marcado presen\u00e7a em noites regulares no bar, mas, desta vez, fez uma edi\u00e7\u00e3o especial ao ar livre. &#8220;A gente at\u00e9 brinca que S\u00e3o Jo\u00e3o del-Rei tem mais m\u00fasicos do que plateia&#8221;, comentou M\u00e1rcio, que se formou em m\u00fasica pelo Conservat\u00f3rio da cidade e destacou a atmosfera musical do munic\u00edpio. &#8220;S\u00e3o Jo\u00e3o del-Rei respira m\u00fasica. Quando cheguei aqui para estudar Psicologia, fiquei encantado com essa caracter\u00edstica t\u00e3o viva&#8221;.<\/p>\n\n\n\n<div style=\"height:15px\" aria-hidden=\"true\" class=\"wp-block-spacer\"><\/div>\n\n\n<div class=\"wp-block-image\">\n<figure class=\"aligncenter size-large is-resized\"><img loading=\"lazy\" decoding=\"async\" width=\"1024\" height=\"684\" src=\"http:\/\/jornalismo.ufsj.edu.br\/van\/wp-content\/uploads\/2024\/12\/foto-2-LIVIA-NIVER-SJDR-1024x684.jpg\" alt=\"M\u00fasicos tocando na Rua da Cacha\u00e7a.\" class=\"wp-image-14628\" style=\"width:777px;height:auto\" srcset=\"http:\/\/jornalismo.ufsj.edu.br\/van\/wp-content\/uploads\/2024\/12\/foto-2-LIVIA-NIVER-SJDR-1024x684.jpg 1024w, http:\/\/jornalismo.ufsj.edu.br\/van\/wp-content\/uploads\/2024\/12\/foto-2-LIVIA-NIVER-SJDR-300x200.jpg 300w, http:\/\/jornalismo.ufsj.edu.br\/van\/wp-content\/uploads\/2024\/12\/foto-2-LIVIA-NIVER-SJDR-768x513.jpg 768w, http:\/\/jornalismo.ufsj.edu.br\/van\/wp-content\/uploads\/2024\/12\/foto-2-LIVIA-NIVER-SJDR-1536x1025.jpg 1536w, http:\/\/jornalismo.ufsj.edu.br\/van\/wp-content\/uploads\/2024\/12\/foto-2-LIVIA-NIVER-SJDR-900x600.jpg 900w, http:\/\/jornalismo.ufsj.edu.br\/van\/wp-content\/uploads\/2024\/12\/foto-2-LIVIA-NIVER-SJDR.jpg 1600w\" sizes=\"auto, (max-width: 1024px) 100vw, 1024px\" \/><figcaption class=\"wp-element-caption\">Banda \u201cChoro com Chope\u201d tocando no IV Simp\u00f3sio do Patrim\u00f4nio Imaterial, na Rua da Cacha\u00e7a. <br>Foto: L\u00edvia Moreira<br><\/figcaption><\/figure>\n<\/div>\n\n\n<div style=\"height:15px\" aria-hidden=\"true\" class=\"wp-block-spacer\"><\/div>\n\n\n\n<p>Al\u00e9m da m\u00fasica, a criatividade tamb\u00e9m teve espa\u00e7o. Thiago Monteiro, programador e artes\u00e3o, apresentou sua atividade de arquearia. Ele conta que aprendeu durante viagens \u00e0 Turquia e \u00e0 Tail\u00e2ndia. &#8220;Quis trazer essa pr\u00e1tica para S\u00e3o Jo\u00e3o del-Rei e, hoje, ensino em aulas e produzo arcos e flechas na cidade&#8221;, explicou Thiago, que atraiu a aten\u00e7\u00e3o de quem passava com demonstra\u00e7\u00f5es interativas.<\/p>\n\n\n\n<div style=\"height:15px\" aria-hidden=\"true\" class=\"wp-block-spacer\"><\/div>\n\n\n<div class=\"wp-block-image\">\n<figure class=\"aligncenter size-large is-resized\"><img loading=\"lazy\" decoding=\"async\" width=\"1024\" height=\"684\" src=\"http:\/\/jornalismo.ufsj.edu.br\/van\/wp-content\/uploads\/2024\/12\/foto-3-LIVIA-NIVER-SJDR-1024x684.jpg\" alt=\"Thiago ensinando visitante da feira como usar o arco e flecha. \n\" class=\"wp-image-14629\" style=\"width:663px;height:auto\" srcset=\"http:\/\/jornalismo.ufsj.edu.br\/van\/wp-content\/uploads\/2024\/12\/foto-3-LIVIA-NIVER-SJDR-1024x684.jpg 1024w, http:\/\/jornalismo.ufsj.edu.br\/van\/wp-content\/uploads\/2024\/12\/foto-3-LIVIA-NIVER-SJDR-300x200.jpg 300w, http:\/\/jornalismo.ufsj.edu.br\/van\/wp-content\/uploads\/2024\/12\/foto-3-LIVIA-NIVER-SJDR-768x513.jpg 768w, http:\/\/jornalismo.ufsj.edu.br\/van\/wp-content\/uploads\/2024\/12\/foto-3-LIVIA-NIVER-SJDR-1536x1025.jpg 1536w, http:\/\/jornalismo.ufsj.edu.br\/van\/wp-content\/uploads\/2024\/12\/foto-3-LIVIA-NIVER-SJDR-900x600.jpg 900w, http:\/\/jornalismo.ufsj.edu.br\/van\/wp-content\/uploads\/2024\/12\/foto-3-LIVIA-NIVER-SJDR.jpg 1600w\" sizes=\"auto, (max-width: 1024px) 100vw, 1024px\" \/><figcaption class=\"wp-element-caption\">Thiago ensinando visitante da feira como usar o arco e flecha. Foto: L\u00edvia Moreira\n<\/figcaption><\/figure>\n<\/div>\n\n\n<div style=\"height:15px\" aria-hidden=\"true\" class=\"wp-block-spacer\"><\/div>\n\n\n\n<p>E, finalizando a noite, o grupo Samba Reggae Olodum das Gerais participou com apresenta\u00e7\u00f5es culturais de capoeira, maculel\u00ea, dan\u00e7a afro, e m\u00fasicas brasileiras.<\/p>\n\n\n\n<div style=\"height:15px\" aria-hidden=\"true\" class=\"wp-block-spacer\"><\/div>\n\n\n<div class=\"wp-block-image\">\n<figure class=\"aligncenter size-large is-resized\"><img loading=\"lazy\" decoding=\"async\" width=\"1024\" height=\"684\" src=\"http:\/\/jornalismo.ufsj.edu.br\/van\/wp-content\/uploads\/2024\/12\/foto-4-LIVIA-NIVER-SJDR-1024x684.jpg\" alt=\"Integrantes do grupo Samba Reggae Olodum das Gerais tocando.\n\" class=\"wp-image-14630\" style=\"width:690px;height:auto\" srcset=\"http:\/\/jornalismo.ufsj.edu.br\/van\/wp-content\/uploads\/2024\/12\/foto-4-LIVIA-NIVER-SJDR-1024x684.jpg 1024w, http:\/\/jornalismo.ufsj.edu.br\/van\/wp-content\/uploads\/2024\/12\/foto-4-LIVIA-NIVER-SJDR-300x200.jpg 300w, http:\/\/jornalismo.ufsj.edu.br\/van\/wp-content\/uploads\/2024\/12\/foto-4-LIVIA-NIVER-SJDR-768x513.jpg 768w, http:\/\/jornalismo.ufsj.edu.br\/van\/wp-content\/uploads\/2024\/12\/foto-4-LIVIA-NIVER-SJDR-1536x1025.jpg 1536w, http:\/\/jornalismo.ufsj.edu.br\/van\/wp-content\/uploads\/2024\/12\/foto-4-LIVIA-NIVER-SJDR-900x600.jpg 900w, http:\/\/jornalismo.ufsj.edu.br\/van\/wp-content\/uploads\/2024\/12\/foto-4-LIVIA-NIVER-SJDR.jpg 1600w\" sizes=\"auto, (max-width: 1024px) 100vw, 1024px\" \/><figcaption class=\"wp-element-caption\">Integrantes do grupo Samba Reggae Olodum das Gerais tocando. Foto: L\u00edvia Moreira<br><\/figcaption><\/figure>\n<\/div>\n\n\n<div style=\"height:15px\" aria-hidden=\"true\" class=\"wp-block-spacer\"><\/div>\n\n\n\n<p>Na sexta-feira, apresenta\u00e7\u00f5es aqueceram o p\u00fablico para o que estava por vir, com shows de artistas locais e espa\u00e7os dedicados \u00e0 gastronomia. A noite contou com ensaio do grupo batucada, e show da dupla Bruna Gon\u00e7alves e \u00c1lvaro Maia.<\/p>\n\n\n\n<p>J\u00e1 no domingo, as comemora\u00e7\u00f5es se espalharam por S\u00e3o Jo\u00e3o del-Rei, mas a Rua da Cacha\u00e7a manteve sua energia com oficinas de malabares, berimbalada e teatro. A programa\u00e7\u00e3o contou ainda com apresenta\u00e7\u00f5es de dan\u00e7a e encerrou com um show da Orquestra do SESI no Teatro Municipal, e da Orquestra Ribeiro Bastos na Igreja de S\u00e3o Francisco.<\/p>\n\n\n\n<p>Os eventos dos 311 anos de S\u00e3o Jo\u00e3o del-Rei mostram como a cidade preserva a sua heran\u00e7a cultural. Da m\u00fasica ao artesanato, passando por tradi\u00e7\u00f5es folcl\u00f3ricas e inova\u00e7\u00f5es art\u00edsticas, a comemora\u00e7\u00e3o reafirmou o que M\u00e1rcio Luiz Sete Cordas t\u00e3o bem descreveu: &#8220;S\u00e3o Jo\u00e3o del-Rei respira arte e cultura&#8221;.<\/p>\n","protected":false},"excerpt":{"rendered":"<p>Neste fim de semana, a cidade tricenten\u00e1ria do Campo das Vertentes esteve em festa para celebrar seus 311 anos. A Rua da Cacha\u00e7a foi um dos principais pontos de encontro para os moradores e visitantes, com o IV Simp\u00f3sio do Patrim\u00f4nio Imaterial de S\u00e3o Jo\u00e3o del Rei.<\/p>\n","protected":false},"author":2,"featured_media":14628,"comment_status":"closed","ping_status":"open","sticky":false,"template":"","format":"standard","meta":{"_monsterinsights_skip_tracking":false,"_monsterinsights_sitenote_active":false,"_monsterinsights_sitenote_note":"","_monsterinsights_sitenote_category":0,"_themeisle_gutenberg_block_has_review":false,"cybocfi_hide_featured_image":"yes","footnotes":""},"categories":[765,710,696,17,13,704,781,109],"tags":[811,152,93,14],"class_list":["post-14627","post","type-post","status-publish","format-standard","has-post-thumbnail","hentry","category-arte","category-campo-dos-vertentes","category-cidadania","category-cidade","category-cultura","category-entretenimento","category-musica","category-sao-joao-del-rei-microrregiao-de-sao-joao-del-rei","tag-aniversario-de-sao-joao-del-rei","tag-cultura","tag-lazer","tag-sao-joao-del-rei"],"_links":{"self":[{"href":"http:\/\/jornalismo.ufsj.edu.br\/van\/wp-json\/wp\/v2\/posts\/14627","targetHints":{"allow":["GET"]}}],"collection":[{"href":"http:\/\/jornalismo.ufsj.edu.br\/van\/wp-json\/wp\/v2\/posts"}],"about":[{"href":"http:\/\/jornalismo.ufsj.edu.br\/van\/wp-json\/wp\/v2\/types\/post"}],"author":[{"embeddable":true,"href":"http:\/\/jornalismo.ufsj.edu.br\/van\/wp-json\/wp\/v2\/users\/2"}],"replies":[{"embeddable":true,"href":"http:\/\/jornalismo.ufsj.edu.br\/van\/wp-json\/wp\/v2\/comments?post=14627"}],"version-history":[{"count":1,"href":"http:\/\/jornalismo.ufsj.edu.br\/van\/wp-json\/wp\/v2\/posts\/14627\/revisions"}],"predecessor-version":[{"id":14631,"href":"http:\/\/jornalismo.ufsj.edu.br\/van\/wp-json\/wp\/v2\/posts\/14627\/revisions\/14631"}],"wp:featuredmedia":[{"embeddable":true,"href":"http:\/\/jornalismo.ufsj.edu.br\/van\/wp-json\/wp\/v2\/media\/14628"}],"wp:attachment":[{"href":"http:\/\/jornalismo.ufsj.edu.br\/van\/wp-json\/wp\/v2\/media?parent=14627"}],"wp:term":[{"taxonomy":"category","embeddable":true,"href":"http:\/\/jornalismo.ufsj.edu.br\/van\/wp-json\/wp\/v2\/categories?post=14627"},{"taxonomy":"post_tag","embeddable":true,"href":"http:\/\/jornalismo.ufsj.edu.br\/van\/wp-json\/wp\/v2\/tags?post=14627"}],"curies":[{"name":"wp","href":"https:\/\/api.w.org\/{rel}","templated":true}]}}