{"id":146,"date":"2015-03-20T15:15:00","date_gmt":"2015-03-20T15:15:00","guid":{"rendered":"http:\/\/jornalismo.ufsj.edu.br\/van\/?p=146"},"modified":"2015-05-25T21:31:45","modified_gmt":"2015-05-25T21:31:45","slug":"o-desperdicio-diario-de-agua-em-sjdr","status":"publish","type":"post","link":"http:\/\/jornalismo.ufsj.edu.br\/van\/o-desperdicio-diario-de-agua-em-sjdr\/","title":{"rendered":"O desperd\u00edcio di\u00e1rio de \u00e1gua em SJDR chega a 25%"},"content":{"rendered":"<div class=\"separator\" style=\"clear: both; text-align: center;\"><a style=\"margin-left: 1em; margin-right: 1em;\" href=\"http:\/\/3.bp.blogspot.com\/-I0Qg6cIZk94\/VQ2KqjcVGkI\/AAAAAAAAEhQ\/KfsaOAhI4cE\/s1600\/11065961_948330525212265_947721329_o.jpg\"><img loading=\"lazy\" decoding=\"async\" src=\"http:\/\/3.bp.blogspot.com\/-I0Qg6cIZk94\/VQ2KqjcVGkI\/AAAAAAAAEhQ\/KfsaOAhI4cE\/s1600\/11065961_948330525212265_947721329_o.jpg\" alt=\"\" width=\"400\" height=\"267\" border=\"0\" \/><\/a><\/div>\n<div class=\"ecxp1\" style=\"background: white; margin-bottom: .0001pt; margin: 0cm;\"><\/div>\n<div class=\"ecxp3\" style=\"background: white; margin-bottom: .0001pt; margin: 0cm; text-align: justify;\">\u201cConseguimos<br \/>\ndriblar a seca do ano passado com a perfura\u00e7\u00e3o de dois po\u00e7os artesianos. Est\u00e1<br \/>\nsolucionado o problema? Agora sim, mas amanh\u00e3 n\u00e3o te garanto&#8221;. Essas foram<br \/>\nas palavras do Diretor de Abastecimento de \u00c1gua, Jos\u00e9 Cosme do Nascimento<br \/>\n(Zez\u00e9), sobre a import\u00e2ncia da economia de \u00e1gua na cidade, visto que a crise<br \/>\nh\u00eddrica em S\u00e3o Jo\u00e3o del-Rei, apesar de ter uma vertente diferente do restante<br \/>\ndo Brasil, ainda \u00e9 preocupante.<\/div>\n<div class=\"ecxp3\" style=\"background: white; margin-bottom: .0001pt; margin: 0cm; text-align: justify;\"><\/div>\n<div class=\"ecxp1\" style=\"background: white; margin-bottom: .0001pt; margin: 0cm; text-align: justify;\">Segundo<br \/>\no Diretor, parte consider\u00e1vel da canaliza\u00e7\u00e3o de abastecimento de \u00e1gua da cidade<br \/>\nest\u00e1 danificada. As fissuras estariam causando vazamentos nas ruas e vazamentos<br \/>\n\u201cn\u00e3o-vis\u00edveis\u201d na parte subterr\u00e2nea da cidade, gerando uma perda de quase sete<br \/>\nmilh\u00f5es de litros de \u00e1gua por dia. Zez\u00e9 acrescentou ainda que existe, na \u00e1rea<br \/>\ncentral do munic\u00edpio, um tipo de canaliza\u00e7\u00e3o que pode datar do final do s\u00e9culo<br \/>\nXIX e que nunca foi trocada.<\/div>\n<div class=\"ecxp3\" style=\"background: white; margin-bottom: .0001pt; margin: 0cm; text-align: justify;\"><\/div>\n<div class=\"ecxp3\" style=\"background: white; margin-bottom: .0001pt; margin: 0cm; text-align: justify;\">De<br \/>\nacordo com informa\u00e7\u00f5es do Departamento Aut\u00f4nomo Municipal de \u00c1gua e Esgoto<br \/>\n(DAMAE), o desvio de \u00e1gua chega a representar 25% da vaz\u00e3o di\u00e1ria, que escorre<br \/>\npara os rios ou para a pr\u00f3pria rede de esgoto. Essa perda seria capaz de<br \/>\natender quase 60 mil pessoas por dia, levando em conta o uso de 110 litros<br \/>\ndi\u00e1rios, recomendados pela Organiza\u00e7\u00e3o Mundial da Sa\u00fade (OMS).<\/div>\n<div class=\"ecxp3\" style=\"background: white; margin-bottom: .0001pt; margin: 0cm; text-align: justify;\"><\/div>\n<div class=\"ecxp3\" style=\"background: white; margin-bottom: .0001pt; margin: 0cm; text-align: justify;\">O DAMAE<br \/>\nafirmou que a localiza\u00e7\u00e3o dos vazamentos est\u00e1 sendo realizada por meio de<br \/>\naparelhos denominados Geofones, para que seja feita a manuten\u00e7\u00e3o da rede.<br \/>\n&#8220;Est\u00e1 dando grande resultado&#8221;, assegurou Nascimento. J\u00e1 os vazamentos<br \/>\nnas ruas, a alega\u00e7\u00e3o \u00e9 de que isso acontece devido \u00e0 pressuriza\u00e7\u00e3o da rede para<br \/>\na distribui\u00e7\u00e3o de \u00e1gua em pontos mais altos da regi\u00e3o. Afirmou ainda, que j\u00e1<br \/>\nest\u00e3o ocorrendo algumas trocas da tubula\u00e7\u00e3o na cidade com verba pr\u00f3pria,<br \/>\naprovada pela Lei Or\u00e7ament\u00e1ria Anual (LOA), mas que \u201cn\u00e3o causar\u00e3o o impacto<br \/>\nprevisto que a popula\u00e7\u00e3o quer&#8221;.<\/div>\n<div class=\"ecxp3\" style=\"background: white; margin-bottom: .0001pt; margin: 0cm; text-align: justify;\"><\/div>\n<div class=\"ecxp3\" style=\"background: white; margin-bottom: .0001pt; margin: 0cm; text-align: justify;\">O<br \/>\nprojeto para a melhoria na rede de distribui\u00e7\u00e3o de \u00e1gua na cidade, como a troca<br \/>\ndo material de cano galvanizado ou cano de ferro fundido, conhecido como \u201ccano<br \/>\nbarbar\u00e1\u201d, para cano PVC, que possui maior durabilidade que os demais materiais,<br \/>\nest\u00e1 prestes a acontecer, mas sem previs\u00e3o para ser aprovado. De acordo com a<br \/>\nassessoria da Prefeitura, o Minist\u00e9rio das Cidades autorizou uma verba que, com<br \/>\numa contrapartida da pr\u00f3pria prefeitura, somam mais de 500 mil reais para a<br \/>\nrealiza\u00e7\u00e3o desse projeto. \u00a0Em nota, a assessoria apenas confirmou que o<br \/>\nprocesso licitat\u00f3rio para a contrata\u00e7\u00e3o da empresa respons\u00e1vel vai come\u00e7ar em<br \/>\nbreve, apesar de o\u00a0 edital de licita\u00e7\u00e3o<br \/>\nainda n\u00e3o ter sido divulgado.<\/div>\n<div class=\"ecxp3\" style=\"background: white; margin-bottom: .0001pt; margin: 0cm; text-align: justify;\"><\/div>\n<div class=\"separator\" style=\"clear: both; text-align: center;\"><a style=\"margin-left: 1em; margin-right: 1em;\" href=\"http:\/\/1.bp.blogspot.com\/-Fe8N9XNIVRE\/VQ2KpRjBKlI\/AAAAAAAAEhI\/KDHfq-VwX5w\/s1600\/11067564_948330841878900_339397766_o.jpg\"><img loading=\"lazy\" decoding=\"async\" src=\"http:\/\/1.bp.blogspot.com\/-Fe8N9XNIVRE\/VQ2KpRjBKlI\/AAAAAAAAEhI\/KDHfq-VwX5w\/s1600\/11067564_948330841878900_339397766_o.jpg\" alt=\"\" width=\"400\" height=\"267\" border=\"0\" \/><\/a><\/div>\n<div class=\"ecxp3\" style=\"background: white; margin-bottom: .0001pt; margin: 0cm; text-align: justify;\"><\/div>\n<div class=\"ecxp3\" style=\"background: white; margin-bottom: .0001pt; margin: 0cm; text-align: justify;\"><b>Cada<br \/>\ngota da conta<\/b><\/div>\n<div class=\"ecxp3\" style=\"background: white; margin-bottom: .0001pt; margin: 0cm; text-align: justify;\"><\/div>\n<div class=\"ecxp3\" style=\"background: white; margin-bottom: .0001pt; margin: 0cm; text-align: justify;\">Levando<br \/>\na s\u00e9rio as campanhas de conscientiza\u00e7\u00e3o, Zeli Maria da Fonseca Silva, moradora<br \/>\ndo bairro Bonfim, admitiu que nunca faltou \u00e1gua na sua resid\u00eancia, mas que a<br \/>\nseca enfrentada pela cidade no ano passado, de fato, mudou sua forma de pensar<br \/>\nem rela\u00e7\u00e3o \u00e0 economia de \u00e1gua. &#8220;Eu gostava muito de jogar \u00e1gua na varanda.<br \/>\nAgora eu aproveito a \u00e1gua da m\u00e1quina de lavar para fazer isso, para economizar.<br \/>\nSe est\u00e1 todo mundo pedindo, n\u00e3o sou eu quem vai fugir da regra&#8221;,<br \/>\nressaltou.<\/div>\n<p>&nbsp;<\/p>\n<div class=\"ecxp3\" style=\"background: white; margin-bottom: .0001pt; margin: 0cm; text-align: justify;\">Texto:<br \/>\nJederson Lucas \/ VAN<\/div>\n","protected":false},"excerpt":{"rendered":"<p>\u201cConseguimos driblar a seca do ano passado com a perfura\u00e7\u00e3o de dois po\u00e7os artesianos. Est\u00e1 solucionado o problema? Agora sim, mas amanh\u00e3 n\u00e3o te garanto&#8221;. Essas foram as palavras do<\/p>\n","protected":false},"author":2,"featured_media":1061,"comment_status":"open","ping_status":"open","sticky":false,"template":"","format":"standard","meta":{"_monsterinsights_skip_tracking":false,"_monsterinsights_sitenote_active":false,"_monsterinsights_sitenote_note":"","_monsterinsights_sitenote_category":0,"_themeisle_gutenberg_block_has_review":false,"cybocfi_hide_featured_image":"","footnotes":""},"categories":[18,109],"tags":[],"class_list":["post-146","post","type-post","status-publish","format-standard","has-post-thumbnail","hentry","category-meio-ambiente","category-sao-joao-del-rei-microrregiao-de-sao-joao-del-rei"],"_links":{"self":[{"href":"http:\/\/jornalismo.ufsj.edu.br\/van\/wp-json\/wp\/v2\/posts\/146","targetHints":{"allow":["GET"]}}],"collection":[{"href":"http:\/\/jornalismo.ufsj.edu.br\/van\/wp-json\/wp\/v2\/posts"}],"about":[{"href":"http:\/\/jornalismo.ufsj.edu.br\/van\/wp-json\/wp\/v2\/types\/post"}],"author":[{"embeddable":true,"href":"http:\/\/jornalismo.ufsj.edu.br\/van\/wp-json\/wp\/v2\/users\/2"}],"replies":[{"embeddable":true,"href":"http:\/\/jornalismo.ufsj.edu.br\/van\/wp-json\/wp\/v2\/comments?post=146"}],"version-history":[{"count":1,"href":"http:\/\/jornalismo.ufsj.edu.br\/van\/wp-json\/wp\/v2\/posts\/146\/revisions"}],"predecessor-version":[{"id":1062,"href":"http:\/\/jornalismo.ufsj.edu.br\/van\/wp-json\/wp\/v2\/posts\/146\/revisions\/1062"}],"wp:featuredmedia":[{"embeddable":true,"href":"http:\/\/jornalismo.ufsj.edu.br\/van\/wp-json\/wp\/v2\/media\/1061"}],"wp:attachment":[{"href":"http:\/\/jornalismo.ufsj.edu.br\/van\/wp-json\/wp\/v2\/media?parent=146"}],"wp:term":[{"taxonomy":"category","embeddable":true,"href":"http:\/\/jornalismo.ufsj.edu.br\/van\/wp-json\/wp\/v2\/categories?post=146"},{"taxonomy":"post_tag","embeddable":true,"href":"http:\/\/jornalismo.ufsj.edu.br\/van\/wp-json\/wp\/v2\/tags?post=146"}],"curies":[{"name":"wp","href":"https:\/\/api.w.org\/{rel}","templated":true}]}}