{"id":145,"date":"2015-03-22T22:03:00","date_gmt":"2015-03-22T22:03:00","guid":{"rendered":"http:\/\/jornalismo.ufsj.edu.br\/van\/?p=145"},"modified":"2015-05-25T21:32:53","modified_gmt":"2015-05-25T21:32:53","slug":"ensaio-fotografico-onde-esta-poesia","status":"publish","type":"post","link":"http:\/\/jornalismo.ufsj.edu.br\/van\/ensaio-fotografico-onde-esta-poesia\/","title":{"rendered":"Ensaio Fotogr\u00e1fico: Onde est\u00e1 a poesia?"},"content":{"rendered":"<div class=\"separator\" style=\"clear: both; text-align: center;\"><a style=\"margin-left: 1em; margin-right: 1em;\" href=\"http:\/\/2.bp.blogspot.com\/-VGw7AnyVOg0\/VRCOIfjq51I\/AAAAAAAAEho\/I5ZSPsbFjmY\/s1600\/DSC_5466.JPG\"><img loading=\"lazy\" decoding=\"async\" src=\"http:\/\/2.bp.blogspot.com\/-VGw7AnyVOg0\/VRCOIfjq51I\/AAAAAAAAEho\/I5ZSPsbFjmY\/s1600\/DSC_5466.JPG\" alt=\"\" width=\"400\" height=\"266\" border=\"0\" \/><\/a><\/div>\n<div style=\"text-align: justify;\">\n<div class=\"MsoNormal\" style=\"background: white; line-height: 115%;\"><\/div>\n<div class=\"MsoNormal\" style=\"background: white; line-height: 115%;\">Na<br \/>\nsemana em que o mundo reflete sobre o uso consciente da \u00e1gua, a fot\u00f3grafa<br \/>\nVanessa Carolina realizou o ensaio fotogr\u00e1fico &#8220;Onde est\u00e1 a poesia?&#8221;.<br \/>\nS\u00e3o fotos do C\u00f3rrego Lenheiro, no trecho entre a ponte da Rodovi\u00e1ria e a ponte<br \/>\nLuiz Baccarini. As imagens mostram o descaso do poder p\u00fablico e da popula\u00e7\u00e3o<br \/>\ncom o meio ambiente.<\/div>\n<div class=\"MsoNormal\" style=\"background: white; line-height: 115%;\"><\/div>\n<div class=\"MsoNormal\" style=\"background: white; line-height: 115%;\"><b>Conhe\u00e7a<br \/>\nas impress\u00f5es da rep\u00f3rter sobre o local:<\/b><\/div>\n<div class=\"MsoNormal\" style=\"background: white; line-height: 115%;\">&#8220;Nasci na cidade de S\u00e3o Jo\u00e3o del-Rei h\u00e1 quase 20 anos e, desde que a<br \/>\nmem\u00f3ria n\u00e3o me falha, lembro do C\u00f3rrego do Lenheiro exatamente como est\u00e1 hoje:<br \/>\npolu\u00eddo. \u00c9 dif\u00edcil para mim associar que algum dia fora de fato um c\u00f3rrego<br \/>\nlimpo, que des\u00e1gua no Rio das Mortes. Cham\u00e1-lo de \u201cc\u00f3rrego\u201d j\u00e1 n\u00e3o \u00e9 um h\u00e1bito,<br \/>\npois c\u00f3rrego para mim \u00e9 sin\u00f4nimo de \u00e1gua limpa, bem diferente do que temos h\u00e1<br \/>\ntempos: um esgoto a c\u00e9u aberto.<\/div>\n<div class=\"MsoNormal\" style=\"background: white; line-height: 115%;\"><\/div>\n<div class=\"MsoNormal\" style=\"background: white; line-height: 115%;\">Ainda<br \/>\nno local, quando fazia as fotos, uma moradora se aproximou e perguntou se<br \/>\nalguma provid\u00eancia seria cobrada dos poderes p\u00fablicos, j\u00e1 que, vivendo nas<br \/>\nproximidades do c\u00f3rrego h\u00e1 12 anos, contou que o trecho de \u00e1gua est\u00e1 sempre assim,<br \/>\nsem melhorias. Com o mau cheiro do esgoto e nenhuma mudan\u00e7a, isso se torna<br \/>\ntamb\u00e9m fonte de preocupa\u00e7\u00e3o quanto \u00e0 sa\u00fade dos moradores e das pessoas que<br \/>\npassam pr\u00f3ximo ao c\u00f3rrego todos os dias.<\/div>\n<div class=\"MsoNormal\" style=\"background: white; line-height: 115%;\"><\/div>\n<\/div>\n<div class=\"MsoNormal\" style=\"margin-bottom: 0.0001pt; text-align: justify;\">\n<div class=\"MsoNormal\" style=\"background: white; line-height: 115%;\">Vendo<br \/>\na foto antiga, n\u00e3o d\u00e1 para reconhecer como sendo o mesmo local, j\u00e1 que o<br \/>\ndescaso \u00e9 not\u00f3rio e sistem\u00e1tico. E\u00a0 como se n\u00e3o bastasse o descaso dos<br \/>\n\u00f3rg\u00e3os competentes, todo o lixo e entulho que \u00e9 depositado ali sem consci\u00eancia<br \/>\npela pr\u00f3pria popula\u00e7\u00e3o, h\u00e1 tamb\u00e9m os animais sendo criados soltos nas ruas e nas<br \/>\nencostas. Al\u00e9m disso, as queimadas constituem agravantes naquela situa\u00e7\u00e3o. &#8216;Me<br \/>\nestranha o fato de os cidad\u00e3os que moram nas proximidades do c\u00f3rrego suportarem<br \/>\nesse caso por tanto tempo, sem terem persistido em medidas que levariam de fato<br \/>\na uma mudan\u00e7a e a um tratamento no estado de abandono em que se encontra o<br \/>\nC\u00f3rrego do Lenheiro&#8217;, pontua a moradora local&#8221;.<\/div>\n<p>Veja as fotos:\u00a0<a href=\"https:\/\/www.flickr.com\/photos\/van_imagens\/sets\/72157651533168385\/\" target=\"_blank\">https:\/\/www.flickr.com\/photos\/van_imagens\/sets\/72157651533168385\/<\/a><\/p>\n<\/div>\n<p>&nbsp;<\/p>\n<div class=\"MsoNormal\" style=\"margin-bottom: 0.0001pt; text-align: justify;\"><\/div>\n<div class=\"MsoNormal\" style=\"margin-bottom: 0.0001pt; text-align: justify;\"><\/div>\n","protected":false},"excerpt":{"rendered":"<p>Na semana em que o mundo reflete sobre o uso consciente da \u00e1gua, a fot\u00f3grafa Vanessa Carolina realizou o ensaio fotogr\u00e1fico &#8220;Onde est\u00e1 a poesia?&#8221;. S\u00e3o fotos do C\u00f3rrego Lenheiro,<\/p>\n","protected":false},"author":2,"featured_media":1063,"comment_status":"open","ping_status":"open","sticky":false,"template":"","format":"standard","meta":{"_monsterinsights_skip_tracking":false,"_monsterinsights_sitenote_active":false,"_monsterinsights_sitenote_note":"","_monsterinsights_sitenote_category":0,"_themeisle_gutenberg_block_has_review":false,"cybocfi_hide_featured_image":"","footnotes":""},"categories":[18],"tags":[22],"class_list":["post-145","post","type-post","status-publish","format-standard","has-post-thumbnail","hentry","category-meio-ambiente","tag-opiniao"],"_links":{"self":[{"href":"http:\/\/jornalismo.ufsj.edu.br\/van\/wp-json\/wp\/v2\/posts\/145","targetHints":{"allow":["GET"]}}],"collection":[{"href":"http:\/\/jornalismo.ufsj.edu.br\/van\/wp-json\/wp\/v2\/posts"}],"about":[{"href":"http:\/\/jornalismo.ufsj.edu.br\/van\/wp-json\/wp\/v2\/types\/post"}],"author":[{"embeddable":true,"href":"http:\/\/jornalismo.ufsj.edu.br\/van\/wp-json\/wp\/v2\/users\/2"}],"replies":[{"embeddable":true,"href":"http:\/\/jornalismo.ufsj.edu.br\/van\/wp-json\/wp\/v2\/comments?post=145"}],"version-history":[{"count":2,"href":"http:\/\/jornalismo.ufsj.edu.br\/van\/wp-json\/wp\/v2\/posts\/145\/revisions"}],"predecessor-version":[{"id":1065,"href":"http:\/\/jornalismo.ufsj.edu.br\/van\/wp-json\/wp\/v2\/posts\/145\/revisions\/1065"}],"wp:featuredmedia":[{"embeddable":true,"href":"http:\/\/jornalismo.ufsj.edu.br\/van\/wp-json\/wp\/v2\/media\/1063"}],"wp:attachment":[{"href":"http:\/\/jornalismo.ufsj.edu.br\/van\/wp-json\/wp\/v2\/media?parent=145"}],"wp:term":[{"taxonomy":"category","embeddable":true,"href":"http:\/\/jornalismo.ufsj.edu.br\/van\/wp-json\/wp\/v2\/categories?post=145"},{"taxonomy":"post_tag","embeddable":true,"href":"http:\/\/jornalismo.ufsj.edu.br\/van\/wp-json\/wp\/v2\/tags?post=145"}],"curies":[{"name":"wp","href":"https:\/\/api.w.org\/{rel}","templated":true}]}}