{"id":14499,"date":"2024-11-04T12:09:00","date_gmt":"2024-11-04T15:09:00","guid":{"rendered":"https:\/\/jornalismo.ufsj.edu.br\/van\/?p=14499"},"modified":"2024-11-14T13:37:20","modified_gmt":"2024-11-14T16:37:20","slug":"memoria-do-cavaquinho-brasileiro-chega-ao-fim-a-5-edicao-do-festival","status":"publish","type":"post","link":"http:\/\/jornalismo.ufsj.edu.br\/van\/memoria-do-cavaquinho-brasileiro-chega-ao-fim-a-5-edicao-do-festival\/","title":{"rendered":"\u00a0Mem\u00f3ria do Cavaquinho Brasileiro: chega ao fim a 5\u00aa edi\u00e7\u00e3o do festival"},"content":{"rendered":"\n<p class=\"has-text-align-right\"><strong>Por L\u00edvia Antoniazzi e Clara Lages<\/strong><\/p>\n\n\n\n<p>Entre os dias 31 de outubro e 2 de novembro, a hist\u00f3rica cidade de S\u00e3o Jo\u00e3o del-Rei (MG) recebeu a quinta edi\u00e7\u00e3o do festival gratuito Mem\u00f3ria do Cavaquinho Brasileiro, idealizado pelo m\u00fasico Pedro Cantalice e pelo professor Carlos Chaves. Este ano, as programa\u00e7\u00f5es ocorreram no \u00a0Centro Cultural da UFSJ, Teatro Municipal e na Galeria Adro+. As atividades foram variadas, incluindo palestras, apresenta\u00e7\u00f5es, oficinas especializadas e, claro, muita emo\u00e7\u00e3o. Diversos cavaquistas marcaram presen\u00e7a, compartilhando sua t\u00e9cnica e paix\u00e3o.\u00a0<\/p>\n\n\n\n<div style=\"height:15px\" aria-hidden=\"true\" class=\"wp-block-spacer\"><\/div>\n\n\n<div class=\"wp-block-image\">\n<figure class=\"aligncenter size-large is-resized\"><img loading=\"lazy\" decoding=\"async\" width=\"1024\" height=\"681\" src=\"http:\/\/jornalismo.ufsj.edu.br\/van\/wp-content\/uploads\/2024\/11\/Apresentacao-musical-na-quarta-edicao-do-Festival-Memorias-do-Cavaquinho-Brasileiro.-Foto_-Renato-Campos-1024x681.jpg\" alt=\"\" class=\"wp-image-14500\" style=\"width:702px;height:auto\" srcset=\"http:\/\/jornalismo.ufsj.edu.br\/van\/wp-content\/uploads\/2024\/11\/Apresentacao-musical-na-quarta-edicao-do-Festival-Memorias-do-Cavaquinho-Brasileiro.-Foto_-Renato-Campos-1024x681.jpg 1024w, http:\/\/jornalismo.ufsj.edu.br\/van\/wp-content\/uploads\/2024\/11\/Apresentacao-musical-na-quarta-edicao-do-Festival-Memorias-do-Cavaquinho-Brasileiro.-Foto_-Renato-Campos-300x200.jpg 300w, http:\/\/jornalismo.ufsj.edu.br\/van\/wp-content\/uploads\/2024\/11\/Apresentacao-musical-na-quarta-edicao-do-Festival-Memorias-do-Cavaquinho-Brasileiro.-Foto_-Renato-Campos-768x511.jpg 768w, http:\/\/jornalismo.ufsj.edu.br\/van\/wp-content\/uploads\/2024\/11\/Apresentacao-musical-na-quarta-edicao-do-Festival-Memorias-do-Cavaquinho-Brasileiro.-Foto_-Renato-Campos-1536x1022.jpg 1536w, http:\/\/jornalismo.ufsj.edu.br\/van\/wp-content\/uploads\/2024\/11\/Apresentacao-musical-na-quarta-edicao-do-Festival-Memorias-do-Cavaquinho-Brasileiro.-Foto_-Renato-Campos-2048x1363.jpg 2048w, http:\/\/jornalismo.ufsj.edu.br\/van\/wp-content\/uploads\/2024\/11\/Apresentacao-musical-na-quarta-edicao-do-Festival-Memorias-do-Cavaquinho-Brasileiro.-Foto_-Renato-Campos-900x600.jpg 900w\" sizes=\"auto, (max-width: 1024px) 100vw, 1024px\" \/><figcaption class=\"wp-element-caption\">Apresenta\u00e7\u00e3o musical na quarta edi\u00e7\u00e3o do Festival Mem\u00f3rias do Cavaquinho Brasileiro. Foto: Renato Campos.<\/figcaption><\/figure>\n<\/div>\n\n\n<div style=\"height:15px\" aria-hidden=\"true\" class=\"wp-block-spacer\"><\/div>\n\n\n\n<p>&nbsp;O evento teve sua primeira edi\u00e7\u00e3o em 2018, no Rio de Janeiro, com o objetivo de preservar e promover a cultura do Choro, dando destaque ao cavaquinho como instrumento central deste g\u00eanero musical. Desde 2022, o festival tem atra\u00eddo cavaquistas e entusiastas do Chorinho, sendo ent\u00e3o, um ponto de encontro para os amantes da m\u00fasica brasileira. De acordo com Pablo Ara\u00fajo, um dos organizadores do evento, a primeira edi\u00e7\u00e3o em S\u00e3o Jo\u00e3o del-Rei aconteceu em 2023 e encantou o p\u00fablico, por conta disso, o Mem\u00f3ria do Cavaquinho Brasileiro ocorreu novamente na cidade, desta vez com uma curadoria cuidadosamente planejada.&nbsp;<\/p>\n\n\n\n<p>O festival teve uma abertura \u00fanica com um Sarau realizado por Cissa do Cavaco e L\u00e9o Matheus, no Solar da Baronesa. O ponto alto do evento neste ano foram as oficinas ministradas por professores de m\u00fasica, como a \u201cOficina da M\u00fasica Universal\u201d, conduzida por Raphael dos Santos e a \u201cOficina de Choro\u201d, liderada por Carlos Chaves. Nesses cursos de pequena dura\u00e7\u00e3o, os participantes puderam ouvir uma breve contextualiza\u00e7\u00e3o da hist\u00f3ria do cavaquinho e do Choro, e tiveram a oportunidade de tocar seus instrumentos, vivenciando uma experi\u00eancia musical cheia de cultura. Outro momento marcante foi o show com Henrique Cazes, que trouxe uma atmosfera comovente para o Teatro Municipal. Ao final de sua apresenta\u00e7\u00e3o, o solista emocionou-se ao receber a not\u00edcia da inaugura\u00e7\u00e3o do primeiro doutorado em cavaquinho no Brasil.\u00a0<\/p>\n\n\n\n<div style=\"height:15px\" aria-hidden=\"true\" class=\"wp-block-spacer\"><\/div>\n\n\n<div class=\"wp-block-image\">\n<figure class=\"aligncenter size-large is-resized\"><img loading=\"lazy\" decoding=\"async\" width=\"1024\" height=\"683\" src=\"http:\/\/jornalismo.ufsj.edu.br\/van\/wp-content\/uploads\/2024\/11\/Henrique-Cazes-e-Rapahel-dos-Santos-tocando-no-show-do-Teatro-Municipal-foto_-Rafaela-Andrade--1024x683.jpg\" alt=\"\" class=\"wp-image-14501\" style=\"width:621px;height:auto\" srcset=\"http:\/\/jornalismo.ufsj.edu.br\/van\/wp-content\/uploads\/2024\/11\/Henrique-Cazes-e-Rapahel-dos-Santos-tocando-no-show-do-Teatro-Municipal-foto_-Rafaela-Andrade--1024x683.jpg 1024w, http:\/\/jornalismo.ufsj.edu.br\/van\/wp-content\/uploads\/2024\/11\/Henrique-Cazes-e-Rapahel-dos-Santos-tocando-no-show-do-Teatro-Municipal-foto_-Rafaela-Andrade--300x200.jpg 300w, http:\/\/jornalismo.ufsj.edu.br\/van\/wp-content\/uploads\/2024\/11\/Henrique-Cazes-e-Rapahel-dos-Santos-tocando-no-show-do-Teatro-Municipal-foto_-Rafaela-Andrade--768x512.jpg 768w, http:\/\/jornalismo.ufsj.edu.br\/van\/wp-content\/uploads\/2024\/11\/Henrique-Cazes-e-Rapahel-dos-Santos-tocando-no-show-do-Teatro-Municipal-foto_-Rafaela-Andrade--1536x1024.jpg 1536w, http:\/\/jornalismo.ufsj.edu.br\/van\/wp-content\/uploads\/2024\/11\/Henrique-Cazes-e-Rapahel-dos-Santos-tocando-no-show-do-Teatro-Municipal-foto_-Rafaela-Andrade--2048x1365.jpg 2048w, http:\/\/jornalismo.ufsj.edu.br\/van\/wp-content\/uploads\/2024\/11\/Henrique-Cazes-e-Rapahel-dos-Santos-tocando-no-show-do-Teatro-Municipal-foto_-Rafaela-Andrade--900x600.jpg 900w\" sizes=\"auto, (max-width: 1024px) 100vw, 1024px\" \/><figcaption class=\"wp-element-caption\"> Henrique Cazes e Raphael dos Santos tocando no show do Teatro Municipal. Foto: Rafaela Andrade <\/figcaption><\/figure>\n<\/div>\n\n\n<div style=\"height:15px\" aria-hidden=\"true\" class=\"wp-block-spacer\"><\/div>\n\n\n\n<p>No \u00faltimo dia, o Sarau com Bruna Takeuti e Betinho Melodia, encerrou a programa\u00e7\u00e3o e envolveu o p\u00fablico. Carla Gouv\u00eaa, professora no IF, foi uma das pessoas a prestigiar o festival e o elogiou dizendo que j\u00e1 espera ansiosa a agenda do ano que vem. Com esse evento, o Mem\u00f3ria do Cavaquinho Brasileiro reafirma seu papel na preserva\u00e7\u00e3o e expans\u00e3o desse legado musical, unindo gera\u00e7\u00f5es em torno\u00a0 do som singular e envolvente do cavaquinho.<\/p>\n\n\n\n<div style=\"height:15px\" aria-hidden=\"true\" class=\"wp-block-spacer\"><\/div>\n\n\n<div class=\"wp-block-image\">\n<figure class=\"aligncenter size-large is-resized\"><img loading=\"lazy\" decoding=\"async\" width=\"768\" height=\"1024\" src=\"http:\/\/jornalismo.ufsj.edu.br\/van\/wp-content\/uploads\/2024\/11\/MEMORIAL-CAVAQUINHO-768x1024.jpg\" alt=\"\" class=\"wp-image-14502\" style=\"width:540px;height:auto\" srcset=\"http:\/\/jornalismo.ufsj.edu.br\/van\/wp-content\/uploads\/2024\/11\/MEMORIAL-CAVAQUINHO-768x1024.jpg 768w, http:\/\/jornalismo.ufsj.edu.br\/van\/wp-content\/uploads\/2024\/11\/MEMORIAL-CAVAQUINHO-225x300.jpg 225w, http:\/\/jornalismo.ufsj.edu.br\/van\/wp-content\/uploads\/2024\/11\/MEMORIAL-CAVAQUINHO-1152x1536.jpg 1152w, http:\/\/jornalismo.ufsj.edu.br\/van\/wp-content\/uploads\/2024\/11\/MEMORIAL-CAVAQUINHO-1536x2048.jpg 1536w, http:\/\/jornalismo.ufsj.edu.br\/van\/wp-content\/uploads\/2024\/11\/MEMORIAL-CAVAQUINHO-scaled.jpg 1920w\" sizes=\"auto, (max-width: 768px) 100vw, 768px\" \/><figcaption class=\"wp-element-caption\">Carlos Chaves ministrando a oficina de choro. Danielly Faustino<\/figcaption><\/figure>\n<\/div>\n\n\n<div style=\"height:15px\" aria-hidden=\"true\" class=\"wp-block-spacer\"><\/div>\n\n\n\n<h3 class=\"wp-block-heading\"><strong>Cavaquinho no Brasil<\/strong><\/h3>\n\n\n\n<p>O cavaquinho surgiu na regi\u00e3o de Minho, posteriormente foi introduzido na cultura popular de Braga, em Portugal. Depois alcan\u00e7ou outras regi\u00f5es: Cabo Verde, Mo\u00e7ambique, Hava\u00ed, Madeira e no Brasil. O instrumento chegou em territ\u00f3rio brasileiro juntamente com os colonizadores portugueses, mas foram, principalmente, os escravos que incorporaram em suas manifesta\u00e7\u00f5es musicais, adaptando o cavaquinho na cultura.&nbsp;<\/p>\n\n\n\n<p>Os primeiros ritmos musicais a usarem o instrumento foram o choro e o samba. O choro nasceu no Rio de Janeiro, os primeiros grupos apareceram na d\u00e9cada de 1870, e em 1889, com a Proclama\u00e7\u00e3o da Rep\u00fablica, ficou ainda mais popularizado, devido a busca pela \u00eanfase da cultura nacional. Os m\u00fasicos brasileiros, geralmente tocavam valsa e m\u00fasica europeia e, aos poucos, iam trazendo elementos de matriz africana, o que criou um um estilo sofisticado, mel\u00f3dico, cheio de balan\u00e7o e improviso.<\/p>\n\n\n\n<p>O cavaquinho tem extrema import\u00e2ncia em nossa cultura. Em 2022 foi reconhecido como Patrim\u00f4nio Cultural Imaterial no Invent\u00e1rio\u00a0Nacional Brasileiro. Por ser um instrumento vers\u00e1til, atualmente ele est\u00e1 presente em diversos ritmos, como frevo, forr\u00f3, samba enredo, m\u00fasicas populares e can\u00e7\u00f5es regionais, e conta com grandes nomes da m\u00fasica brasileira, como Arlindo Cruz, Paulinho da Viola e Dudu Nobre.<\/p>\n","protected":false},"excerpt":{"rendered":"<p>Entre os dias 31 de outubro e 2 de novembro, a hist\u00f3rica cidade de S\u00e3o Jo\u00e3o del-Rei (MG) recebeu a quinta edi\u00e7\u00e3o do festival gratuito Mem\u00f3ria do Cavaquinho Brasileiro, idealizado pelo m\u00fasico Pedro Cantalice e pelo professor Carlos Chaves. Este ano, as programa\u00e7\u00f5es ocorreram no \u00a0Centro Cultural da UFSJ, Teatro Municipal e na Galeria Adro+. As atividades foram variadas, incluindo palestras, apresenta\u00e7\u00f5es, oficinas especializadas e, claro, muita emo\u00e7\u00e3o. Diversos cavaquistas marcaram presen\u00e7a, compartilhando sua t\u00e9cnica e paix\u00e3o.<\/p>\n","protected":false},"author":2,"featured_media":14500,"comment_status":"closed","ping_status":"open","sticky":false,"template":"","format":"standard","meta":{"_monsterinsights_skip_tracking":false,"_monsterinsights_sitenote_active":false,"_monsterinsights_sitenote_note":"","_monsterinsights_sitenote_category":0,"_themeisle_gutenberg_block_has_review":false,"cybocfi_hide_featured_image":"yes","footnotes":""},"categories":[765,728,13,704,781,109,782],"tags":[59,809,152,93,57,14],"class_list":["post-14499","post","type-post","status-publish","format-standard","has-post-thumbnail","hentry","category-arte","category-consciencia-negra","category-cultura","category-entretenimento","category-musica","category-sao-joao-del-rei-microrregiao-de-sao-joao-del-rei","category-turismo","tag-arte","tag-choro-e-samba","tag-cultura","tag-lazer","tag-musica","tag-sao-joao-del-rei"],"_links":{"self":[{"href":"http:\/\/jornalismo.ufsj.edu.br\/van\/wp-json\/wp\/v2\/posts\/14499","targetHints":{"allow":["GET"]}}],"collection":[{"href":"http:\/\/jornalismo.ufsj.edu.br\/van\/wp-json\/wp\/v2\/posts"}],"about":[{"href":"http:\/\/jornalismo.ufsj.edu.br\/van\/wp-json\/wp\/v2\/types\/post"}],"author":[{"embeddable":true,"href":"http:\/\/jornalismo.ufsj.edu.br\/van\/wp-json\/wp\/v2\/users\/2"}],"replies":[{"embeddable":true,"href":"http:\/\/jornalismo.ufsj.edu.br\/van\/wp-json\/wp\/v2\/comments?post=14499"}],"version-history":[{"count":2,"href":"http:\/\/jornalismo.ufsj.edu.br\/van\/wp-json\/wp\/v2\/posts\/14499\/revisions"}],"predecessor-version":[{"id":14531,"href":"http:\/\/jornalismo.ufsj.edu.br\/van\/wp-json\/wp\/v2\/posts\/14499\/revisions\/14531"}],"wp:featuredmedia":[{"embeddable":true,"href":"http:\/\/jornalismo.ufsj.edu.br\/van\/wp-json\/wp\/v2\/media\/14500"}],"wp:attachment":[{"href":"http:\/\/jornalismo.ufsj.edu.br\/van\/wp-json\/wp\/v2\/media?parent=14499"}],"wp:term":[{"taxonomy":"category","embeddable":true,"href":"http:\/\/jornalismo.ufsj.edu.br\/van\/wp-json\/wp\/v2\/categories?post=14499"},{"taxonomy":"post_tag","embeddable":true,"href":"http:\/\/jornalismo.ufsj.edu.br\/van\/wp-json\/wp\/v2\/tags?post=14499"}],"curies":[{"name":"wp","href":"https:\/\/api.w.org\/{rel}","templated":true}]}}