{"id":14404,"date":"2024-10-14T10:52:00","date_gmt":"2024-10-14T13:52:00","guid":{"rendered":"https:\/\/jornalismo.ufsj.edu.br\/van\/?p=14404"},"modified":"2024-10-18T21:46:31","modified_gmt":"2024-10-19T00:46:31","slug":"semana-criativa-de-tiradentes-2024-pre-evento-celebracao-arte-e-cultura","status":"publish","type":"post","link":"http:\/\/jornalismo.ufsj.edu.br\/van\/semana-criativa-de-tiradentes-2024-pre-evento-celebracao-arte-e-cultura\/","title":{"rendered":"Semana Criativa de Tiradentes 2024: Pr\u00e9 Evento, Celebra\u00e7\u00e3o, Arte e Cultura"},"content":{"rendered":"\n<p class=\"has-text-align-right\"><strong>Por Giulianna Andrade, Isabela Barbosa e Livia Fernandes<\/strong><\/p>\n\n\n\n<p>Em 2024, a hist\u00f3rica cidade de Tiradentes, Minas Gerais, mais uma vez se tornar\u00e1 palco de criatividade, design e cultura com a realiza\u00e7\u00e3o da 8\u00b0 Semana Criativa de Tiradentes (SCT). Preparada com cuidado e aten\u00e7\u00e3o aos detalhes, n\u00e3o s\u00f3 nos \u00faltimos meses, mas ao longo de todas as edi\u00e7\u00f5es anteriores, conta com uma programa\u00e7\u00e3o repleta de diferentes formas de arte. O evento re\u00fane artes\u00e3os, designers, arquitetos e profissionais de diversas \u00e1reas criativas em um interc\u00e2mbio entre inova\u00e7\u00e3o e tradi\u00e7\u00e3o. A Semana Criativa ocorrer\u00e1 dos dias 17 a 20 de Outubro, com o intuito de valorizar as ra\u00edzes artesanais da regi\u00e3o e promover uma rica programa\u00e7\u00e3o que inclui oficinas, exposi\u00e7\u00f5es, palestras, cinema, bate-papos e passeios.<\/p>\n\n\n\n<div style=\"height:15px\" aria-hidden=\"true\" class=\"wp-block-spacer\"><\/div>\n\n\n<div class=\"wp-block-image\">\n<figure class=\"aligncenter size-large\"><img decoding=\"async\" src=\"http:\/\/jornalismo.ufsj.edu.br\/van\/wp-content\/uploads\/2024\/10\/FOTO-SEMANA-CRIATIVA-OUT-VAN-1-1024x373.png\" alt=\"Foto oficial de divulga\u00e7\u00e3o contendo informa\u00e7\u00f5es do evento.\" class=\"wp-image-14405\"\/><figcaption class=\"wp-element-caption\">Celebrando a criatividade e cultura, Semana Criativa de Tiradentes: uma imers\u00e3o completa! <br>Fonte: Divulga\u00e7\u00e3o\/Semana Criativa de Tiradentes<br><\/figcaption><\/figure>\n<\/div>\n\n\n<div style=\"height:15px\" aria-hidden=\"true\" class=\"wp-block-spacer\"><\/div>\n\n\n\n<p>Alexandre Rousset, que atua no evento desde 2019, foi respons\u00e1vel pela curadoria de exposi\u00e7\u00f5es. Ele determinou a identidade dessas exposi\u00e7\u00f5es e ressaltou a import\u00e2ncia de trazer novidades em cada edi\u00e7\u00e3o. Neste ano, o evento conta com exposi\u00e7\u00e3o do projeto PALLAS, iniciativa que busca divulgar o trabalho de carpinteiros amaz\u00f4nicos;\u00a0 Bate papo sobre o artes\u00e3o homenageado Gerv\u00e1sio Oliveira Santos; Palestra com Lufe Gomes, embaixador da Electrolux, sobre sustentabilidade e criatividade na arquitetura; Oficina de tear na grade com\u00a0 Eliana Maia e muito mais.\u00a0<\/p>\n\n\n\n<div style=\"height:15px\" aria-hidden=\"true\" class=\"wp-block-spacer\"><\/div>\n\n\n<div class=\"wp-block-image\">\n<figure class=\"aligncenter size-full is-resized\"><img loading=\"lazy\" decoding=\"async\" width=\"341\" height=\"440\" src=\"http:\/\/jornalismo.ufsj.edu.br\/van\/wp-content\/uploads\/2024\/10\/FOTO-SEMANA-CRIATIVA-2.jpg\" alt=\"Divulga\u00e7\u00e3o: Guia da programa\u00e7\u00e3o.\" class=\"wp-image-14406\" style=\"width:475px;height:auto\" srcset=\"http:\/\/jornalismo.ufsj.edu.br\/van\/wp-content\/uploads\/2024\/10\/FOTO-SEMANA-CRIATIVA-2.jpg 341w, http:\/\/jornalismo.ufsj.edu.br\/van\/wp-content\/uploads\/2024\/10\/FOTO-SEMANA-CRIATIVA-2-233x300.jpg 233w\" sizes=\"auto, (max-width: 341px) 100vw, 341px\" \/><figcaption class=\"wp-element-caption\">A programa\u00e7\u00e3o completa est\u00e1 dispon\u00edvel no site oficial do evento (semanacriativadetiradentes.com.br). <br>Fonte: Divulga\u00e7\u00e3o\/Semana Criativa de Tiradentes<br><\/figcaption><\/figure>\n<\/div>\n\n\n<div style=\"height:15px\" aria-hidden=\"true\" class=\"wp-block-spacer\"><\/div>\n\n\n\n<p>Al\u00e9m de uma programa\u00e7\u00e3o diversificada, os visitantes ter\u00e3o a oportunidade de vivenciar o charme de Tiradentes, com suas ruas de pedra e constru\u00e7\u00f5es coloniais. Durante a semana, a cidade \u00e9 composta por instala\u00e7\u00f5es e espa\u00e7os interativos, promovendo uma verdadeira imers\u00e3o na arte.&nbsp;<\/p>\n\n\n\n<p>Seja para profissionais da \u00e1rea criativa, entusiastas do design ou turistas em busca de inspira\u00e7\u00e3o, a Semana Criativa de Tiradentes 2024 promete ser um evento imperd\u00edvel, onde a cultura e a inova\u00e7\u00e3o se encontram em um conjunto de ideias e projetos que celebram o melhor do Brasil criativo. E voc\u00ea, j\u00e1 conferiu a programa\u00e7\u00e3o?<\/p>\n","protected":false},"excerpt":{"rendered":"<p>Em 2024, a hist\u00f3rica Tiradentes (MG) mais uma vez se tornar\u00e1 palco de criatividade, design e cultura com a realiza\u00e7\u00e3o da 8\u00b0 Semana Criativa de Tiradentes (SCT).<br \/>\nO evento, que re\u00fane artes\u00e3os, designers, arquitetos e profissionais de diversas \u00e1reas criativas em um interc\u00e2mbio entre inova\u00e7\u00e3o e tradi\u00e7\u00e3o, ocorrer\u00e1 dos dias 17 a 20 de Outubro. <\/p>\n","protected":false},"author":2,"featured_media":14423,"comment_status":"closed","ping_status":"open","sticky":false,"template":"","format":"standard","meta":{"_monsterinsights_skip_tracking":false,"_monsterinsights_sitenote_active":false,"_monsterinsights_sitenote_note":"","_monsterinsights_sitenote_category":0,"_themeisle_gutenberg_block_has_review":false,"cybocfi_hide_featured_image":"yes","footnotes":""},"categories":[765,696,13,387,704,19],"tags":[152,32,93,157],"class_list":["post-14404","post","type-post","status-publish","format-standard","has-post-thumbnail","hentry","category-arte","category-cidadania","category-cultura","category-educacao","category-entretenimento","category-tiradentes","tag-cultura","tag-educacao","tag-lazer","tag-tiradentes"],"_links":{"self":[{"href":"http:\/\/jornalismo.ufsj.edu.br\/van\/wp-json\/wp\/v2\/posts\/14404","targetHints":{"allow":["GET"]}}],"collection":[{"href":"http:\/\/jornalismo.ufsj.edu.br\/van\/wp-json\/wp\/v2\/posts"}],"about":[{"href":"http:\/\/jornalismo.ufsj.edu.br\/van\/wp-json\/wp\/v2\/types\/post"}],"author":[{"embeddable":true,"href":"http:\/\/jornalismo.ufsj.edu.br\/van\/wp-json\/wp\/v2\/users\/2"}],"replies":[{"embeddable":true,"href":"http:\/\/jornalismo.ufsj.edu.br\/van\/wp-json\/wp\/v2\/comments?post=14404"}],"version-history":[{"count":1,"href":"http:\/\/jornalismo.ufsj.edu.br\/van\/wp-json\/wp\/v2\/posts\/14404\/revisions"}],"predecessor-version":[{"id":14407,"href":"http:\/\/jornalismo.ufsj.edu.br\/van\/wp-json\/wp\/v2\/posts\/14404\/revisions\/14407"}],"wp:featuredmedia":[{"embeddable":true,"href":"http:\/\/jornalismo.ufsj.edu.br\/van\/wp-json\/wp\/v2\/media\/14423"}],"wp:attachment":[{"href":"http:\/\/jornalismo.ufsj.edu.br\/van\/wp-json\/wp\/v2\/media?parent=14404"}],"wp:term":[{"taxonomy":"category","embeddable":true,"href":"http:\/\/jornalismo.ufsj.edu.br\/van\/wp-json\/wp\/v2\/categories?post=14404"},{"taxonomy":"post_tag","embeddable":true,"href":"http:\/\/jornalismo.ufsj.edu.br\/van\/wp-json\/wp\/v2\/tags?post=14404"}],"curies":[{"name":"wp","href":"https:\/\/api.w.org\/{rel}","templated":true}]}}