{"id":144,"date":"2015-03-23T12:27:00","date_gmt":"2015-03-23T12:27:00","guid":{"rendered":"http:\/\/jornalismo.ufsj.edu.br\/van\/?p=144"},"modified":"2015-05-25T22:08:27","modified_gmt":"2015-05-25T22:08:27","slug":"idolos-do-futebol-frances-comanda","status":"publish","type":"post","link":"http:\/\/jornalismo.ufsj.edu.br\/van\/idolos-do-futebol-frances-comanda\/","title":{"rendered":"\u00cddolos do futebol franc\u00eas comandam projeto no Social FC"},"content":{"rendered":"<div class=\"separator\" style=\"clear: both; text-align: center;\"><a style=\"margin-left: 1em; margin-right: 1em;\" href=\"http:\/\/2.bp.blogspot.com\/-nFo_D5QwZgU\/VRFX8spgXoI\/AAAAAAAAEh8\/0T9FrJiLqRs\/s1600\/11079822_622294237872095_281118711_n%2B(1).jpg\"><img loading=\"lazy\" decoding=\"async\" src=\"http:\/\/2.bp.blogspot.com\/-nFo_D5QwZgU\/VRFX8spgXoI\/AAAAAAAAEh8\/0T9FrJiLqRs\/s1600\/11079822_622294237872095_281118711_n%2B(1).jpg\" alt=\"\" width=\"400\" height=\"223\" border=\"0\" \/><\/a><\/div>\n<p>&nbsp;<\/p>\n<div style=\"text-align: justify;\">Com o futebol em alta em SJDR, nasceu uma parceria entre os ex- atletas Andr\u00e9 Lu\u00eds, Cl\u00e1udio Ca\u00e7apa (Ex-treinador da Sele\u00e7\u00e3o Brasileira sub 15) e o Social Futebol Clube. A iniciativa visa atender crian\u00e7as e adolescentes de 5 a 17 anos de idade. Outro fator importante para o Xavante do Matosinhos ser\u00e1 a disputa do Campeonato Mineiro de Futebol nas categorias infantil e juvenil que dar\u00e1 uma maior visibilidade para os garotos que sonham em viver da bola.<\/div>\n<div style=\"text-align: justify;\"><\/div>\n<div style=\"text-align: justify;\">Apesar de n\u00e3o ser da terra dos Sinos, Cl\u00e1udio Ca\u00e7apa (hexacampe\u00e3o franc\u00eas pelo Lyon) \u00e9 natural de Lavras e passou pela base do Xavantes em SJDR, antes de ingressar no Atl\u00e9tico MG. J\u00e1 Andr\u00e9 Lu\u00eds acabou se profissionalizando no Tupi de Juiz de Fora, mas quis o destino que o tamb\u00e9m zagueiro fosse para Fran\u00e7a, onde se tornou \u00eddolo do Nancy.<\/div>\n<div style=\"text-align: justify;\"><\/div>\n<div style=\"text-align: justify;\">\u201cA nossa ideia principal \u00e9 formar o cidad\u00e3o. N\u00e3o importa se tem 5 ou 17 anos, a gente est\u00e1 sempre dando conselho no dia-dia. Nosso \u00faltimo treino na semana \u00e9 na quinta; n\u00f3s sempre os reunimos \u00a0e os advertimos para terem ju\u00edzo no fim de semana, porque n\u00e3o \u00e9 garantido que algu\u00e9m vai virar jogador de futebol\u201d, explicou Andr\u00e9 Lu\u00eds, um dos idealizadores do projeto junto com o amigo Cl\u00e1udio Ca\u00e7apa.<\/div>\n<div style=\"text-align: justify;\"><\/div>\n<div style=\"text-align: justify;\">Outro nome forte da comiss\u00e3o t\u00e9cnica \u00e9 Ricardo Campos, o Cac\u00e1; apesar de n\u00e3o ser conhecido no cen\u00e1rio nacional, o treinador conta com muito prestigio em SJDR e regi\u00e3o. Al\u00e9m de ser formado em Educa\u00e7\u00e3o F\u00edsica, Cac\u00e1 fez p\u00f3s-gradua\u00e7\u00e3o em futebol na Universidade Federal de Vi\u00e7osa (UFV). Desde 2009 trabalhando no Xavantes, ele tamb\u00e9m comentou como est\u00e1 \u00a0acontecendo a montagem do elenco para o Mineiro.<\/div>\n<div style=\"text-align: justify;\"><\/div>\n<div style=\"text-align: justify;\">\u201cEm algumas cidades n\u00f3s fizemos um seletiva. Selecionamos alguns garotos em Madre de Deus, por exemplo. Esses garotos selecionados participaram de outra avalia\u00e7\u00e3o aqui no clube conosco\u201d.<\/div>\n<div style=\"text-align: justify;\"><\/div>\n<div class=\"separator\" style=\"clear: both; text-align: center;\"><a style=\"margin-left: 1em; margin-right: 1em;\" href=\"http:\/\/3.bp.blogspot.com\/--GTXkC5VIl0\/VRFX8m92e1I\/AAAAAAAAEiA\/DzZ4jft0-dY\/s1600\/11081573_622294234538762_1948737912_n.jpg\"><img loading=\"lazy\" decoding=\"async\" src=\"http:\/\/3.bp.blogspot.com\/--GTXkC5VIl0\/VRFX8m92e1I\/AAAAAAAAEiA\/DzZ4jft0-dY\/s1600\/11081573_622294234538762_1948737912_n.jpg\" alt=\"\" width=\"400\" height=\"223\" border=\"0\" \/><\/a><\/div>\n<div style=\"text-align: justify;\"><\/div>\n<div style=\"text-align: justify;\"><\/div>\n<div style=\"text-align: justify;\"><b>S\u00e3o Jo\u00e3o da bola<\/b><\/div>\n<div style=\"text-align: justify;\"><\/div>\n<div style=\"text-align: justify;\">Al\u00e9m da parceria entre os ex-zagueiros do Atl\u00e9tico MG, Andr\u00e9 Lu\u00eds e Ca\u00e7apa, a cidade hist\u00f3rica segue a todo vapor no futebol, j\u00e1 que o Figueirense do Bom Pastor disputar\u00e1 a Segundona do Mineiro, enquanto a sele\u00e7\u00e3o Joanense \u00a0disputa a Copa Zona da Mata de Futebol Regional e j\u00e1 ostenta duas vit\u00f3rias na competi\u00e7\u00e3o.]<\/div>\n<div style=\"text-align: justify;\"><\/div>\n<div style=\"text-align: justify;\">Texto: Diego Cabral\/ VAN<\/div>\n<div style=\"text-align: justify;\">Foto: Reprodu\u00e7\u00e3o Facebook Ricardo Campos<\/div>\n","protected":false},"excerpt":{"rendered":"<p>&nbsp; Com o futebol em alta em SJDR, nasceu uma parceria entre os ex- atletas Andr\u00e9 Lu\u00eds, Cl\u00e1udio Ca\u00e7apa (Ex-treinador da Sele\u00e7\u00e3o Brasileira sub 15) e o Social Futebol Clube.<\/p>\n","protected":false},"author":2,"featured_media":1133,"comment_status":"open","ping_status":"open","sticky":false,"template":"","format":"standard","meta":{"_monsterinsights_skip_tracking":false,"_monsterinsights_sitenote_active":false,"_monsterinsights_sitenote_note":"","_monsterinsights_sitenote_category":0,"_themeisle_gutenberg_block_has_review":false,"cybocfi_hide_featured_image":"","footnotes":""},"categories":[16,109],"tags":[],"class_list":["post-144","post","type-post","status-publish","format-standard","has-post-thumbnail","hentry","category-esporte","category-sao-joao-del-rei-microrregiao-de-sao-joao-del-rei"],"_links":{"self":[{"href":"http:\/\/jornalismo.ufsj.edu.br\/van\/wp-json\/wp\/v2\/posts\/144","targetHints":{"allow":["GET"]}}],"collection":[{"href":"http:\/\/jornalismo.ufsj.edu.br\/van\/wp-json\/wp\/v2\/posts"}],"about":[{"href":"http:\/\/jornalismo.ufsj.edu.br\/van\/wp-json\/wp\/v2\/types\/post"}],"author":[{"embeddable":true,"href":"http:\/\/jornalismo.ufsj.edu.br\/van\/wp-json\/wp\/v2\/users\/2"}],"replies":[{"embeddable":true,"href":"http:\/\/jornalismo.ufsj.edu.br\/van\/wp-json\/wp\/v2\/comments?post=144"}],"version-history":[{"count":1,"href":"http:\/\/jornalismo.ufsj.edu.br\/van\/wp-json\/wp\/v2\/posts\/144\/revisions"}],"predecessor-version":[{"id":1134,"href":"http:\/\/jornalismo.ufsj.edu.br\/van\/wp-json\/wp\/v2\/posts\/144\/revisions\/1134"}],"wp:featuredmedia":[{"embeddable":true,"href":"http:\/\/jornalismo.ufsj.edu.br\/van\/wp-json\/wp\/v2\/media\/1133"}],"wp:attachment":[{"href":"http:\/\/jornalismo.ufsj.edu.br\/van\/wp-json\/wp\/v2\/media?parent=144"}],"wp:term":[{"taxonomy":"category","embeddable":true,"href":"http:\/\/jornalismo.ufsj.edu.br\/van\/wp-json\/wp\/v2\/categories?post=144"},{"taxonomy":"post_tag","embeddable":true,"href":"http:\/\/jornalismo.ufsj.edu.br\/van\/wp-json\/wp\/v2\/tags?post=144"}],"curies":[{"name":"wp","href":"https:\/\/api.w.org\/{rel}","templated":true}]}}