{"id":143,"date":"2015-03-24T12:10:00","date_gmt":"2015-03-24T12:10:00","guid":{"rendered":"http:\/\/jornalismo.ufsj.edu.br\/van\/?p=143"},"modified":"2015-05-25T21:33:33","modified_gmt":"2015-05-25T21:33:33","slug":"conheca-em-sao-tiago-casinha-da-caridade","status":"publish","type":"post","link":"http:\/\/jornalismo.ufsj.edu.br\/van\/conheca-em-sao-tiago-casinha-da-caridade\/","title":{"rendered":"Conhe\u00e7a em S\u00e3o Tiago a Casinha da Caridade"},"content":{"rendered":"<div class=\"separator\" style=\"clear: both; text-align: center;\"><a style=\"margin-left: 1em; margin-right: 1em;\" href=\"http:\/\/4.bp.blogspot.com\/-W_H_XzpVtJU\/VRKle_zE_GI\/AAAAAAAAEic\/CGntkrqYR4c\/s1600\/Casa%2Bda%2BCaridade%2B-%2BFotos%2B-%2BJan.%2B2015%2B(31).JPG\"><img loading=\"lazy\" decoding=\"async\" src=\"http:\/\/4.bp.blogspot.com\/-W_H_XzpVtJU\/VRKle_zE_GI\/AAAAAAAAEic\/CGntkrqYR4c\/s1600\/Casa%2Bda%2BCaridade%2B-%2BFotos%2B-%2BJan.%2B2015%2B(31).JPG\" alt=\"\" width=\"400\" height=\"300\" border=\"0\" \/><\/a><\/div>\n<p>&nbsp;<\/p>\n<div style=\"text-align: justify;\">Para quem ainda n\u00e3o conhece, existe um espa\u00e7o na comunidade s\u00e3o-tiaguense onde \u00e9 poss\u00edvel descansar, confraternizar, ter momentos de evangeliza\u00e7\u00e3o e espiritualidade. Trata-se da Casa de Caridade e Orat\u00f3rio Cora\u00e7\u00e3o de Jesus fundada em 2008 pelo mission\u00e1rio Tiago Eduardo.<\/div>\n<div style=\"text-align: justify;\"><\/div>\n<div style=\"text-align: justify;\">Maria do Carmo Ferreira &#8211; auxiliar de produ\u00e7\u00e3o e conhecedora do projeto &#8211; comenta sobre o apostolado do coordenador e sua miss\u00e3o \u00e0 frente da Casa da Caridade. \u201cConhe\u00e7o o Tiago e seu trabalho social na Casinha da Caridade h\u00e1 muito tempo. \u00c9 uma pessoa muito carism\u00e1tica e de f\u00e9; por onde vai conquista as pessoas com seu jeito simples de ser. Onde passa, seja em miss\u00f5es nas comunidades rurais ou na cidade, todos o conhecem. Na Casinha, al\u00e9m de acolher as crian\u00e7as acolhe a todos que precisam de uma palavra de f\u00e9, de otimismo e de ajuda. Muitos saem de l\u00e1 felizes, encorajados e com paz no cora\u00e7\u00e3o. Admiro muito o trabalho e a doa\u00e7\u00e3o da vida em prol dessa causa. O que ele faz \u00e9 de cora\u00e7\u00e3o e com muito amor. Por onde passa deixa a b\u00ean\u00e7\u00e3o de Deus\u201d, afirma Maria Ferreira.<\/div>\n<div style=\"text-align: justify;\"><\/div>\n<div style=\"text-align: justify;\">Tiago Eduardo idealizador da obra, inspirado na cita\u00e7\u00e3o b\u00edblica de S\u00e3o Tiago (\u201cA F\u00e9 sem obras \u00e9 morta\u201d), come\u00e7ou sua miss\u00e3o num Sal\u00e3o da Vila Ozanam, onde aproveitava para catequizar, evangelizar, promover um momento de ora\u00e7\u00e3o, descontra\u00e7\u00e3o e lanche para as crian\u00e7as carentes do bairro Cerrado. \u201cCome\u00e7amos nossas atividades na Casinha da Caridade e Orat\u00f3rio Cora\u00e7\u00e3o de Jesus em 2008, em um lote que minha fam\u00edlia me cedeu. No come\u00e7o n\u00e3o foi f\u00e1cil, muitos desafios, mas n\u00e3o desanimei. Temos oferecido essa op\u00e7\u00e3o \u00e0s crian\u00e7as da comunidade e, \u00a0com ajuda das padarias, \u00a0mantemos um lanche di\u00e1rio, cestas b\u00e1sicas, doa\u00e7\u00e3o de roupas, cal\u00e7ados e quantias em dinheiro para pagamento de contas de \u00e1gua, luz, \u00a0al\u00e9m de rem\u00e9dios \u00e0s fam\u00edlias carentes que nos procuram. Nossa miss\u00e3o \u00e9 acolher as crian\u00e7as, fam\u00edlias, amigos e \u00a0quem \u00a0mais precisar de conversar. O espa\u00e7o possibilita esse ambiente agrad\u00e1vel ao estar \u00e0 sombra de uma \u00e1rvore, perto de uma mina d\u2019\u00e1gua e viver essa espiritualidade em contato com a natureza, com Deus e consigo mesmo\u201d, explica o idealizador.<\/div>\n<div style=\"text-align: justify;\"><\/div>\n<div class=\"separator\" style=\"clear: both; text-align: center;\"><a style=\"margin-left: 1em; margin-right: 1em;\" href=\"http:\/\/3.bp.blogspot.com\/-YVjgjz-h2Cg\/VRKle-Koq2I\/AAAAAAAAEiY\/eAHSOx0daDE\/s1600\/Casa%2Bda%2BCaridade%2B-%2BFotos%2B-%2BJan.%2B2015%2B(8).JPG\"><img loading=\"lazy\" decoding=\"async\" src=\"http:\/\/3.bp.blogspot.com\/-YVjgjz-h2Cg\/VRKle-Koq2I\/AAAAAAAAEiY\/eAHSOx0daDE\/s1600\/Casa%2Bda%2BCaridade%2B-%2BFotos%2B-%2BJan.%2B2015%2B(8).JPG\" alt=\"\" width=\"400\" height=\"300\" border=\"0\" \/><\/a><\/div>\n<div style=\"text-align: justify;\"><\/div>\n<div style=\"text-align: justify;\">O contato com a natureza e a simplicidade do lugar, predisp\u00f5e ao visitante, essa sintonia e harmonia com o Criador e consigo mesmo, \u00e9 o que afirma Den\u00ed de F\u00e1tima Reis, funcion\u00e1ria p\u00fablica. \u201cO lugar \u00e9 muito aconchegante; quando vou l\u00e1 sinto muito a presen\u00e7a de Deus em cada detalhe, nos bancos, nas \u00e1rvores, nas frases b\u00edblicas. O lugar em si \u00e9 um espa\u00e7o de grande espiritualidade que nos faz sentir bem, em paz, onde podemos rezar e refletir. Quando olho para a Casinha me recordo da vida simples e da humildade em que viveu a Fam\u00edlia de Nazar\u00e9, ber\u00e7o de nosso Senhor Jesus. Ent\u00e3o vejo esse lugar, como um local muito especial onde n\u00e3o s\u00f3 se acolhe crian\u00e7as, mas todos que l\u00e1 v\u00e3o. \u00c9 um lugar de ora\u00e7\u00e3o e de presen\u00e7a de Deus\u201d, ressalta Den\u00ed Reis.<\/div>\n<div style=\"text-align: justify;\"><\/div>\n<div style=\"text-align: justify;\">Para voc\u00ea que ainda n\u00e3o conhece, a Casa de Caridade e Orat\u00f3rio Cora\u00e7\u00e3o de Jesus fica \u00e0 Rua Jos\u00e9 Gaud\u00eancio J\u00fanior, 1.115, no Bairro Cerrado, perto do trevo da cidade de S\u00e3o Tiago (MG). Telefones para contato: (32) 9923-8255 ou (37) 8815-8856.<\/div>\n<div style=\"text-align: justify;\"><\/div>\n<p>Texto: Marcus Santiago\/VAN<br \/>\nFoto: Marcus Santiago<\/p>\n","protected":false},"excerpt":{"rendered":"<p>&nbsp; Para quem ainda n\u00e3o conhece, existe um espa\u00e7o na comunidade s\u00e3o-tiaguense onde \u00e9 poss\u00edvel descansar, confraternizar, ter momentos de evangeliza\u00e7\u00e3o e espiritualidade. Trata-se da Casa de Caridade e Orat\u00f3rio<\/p>\n","protected":false},"author":2,"featured_media":1066,"comment_status":"open","ping_status":"open","sticky":false,"template":"","format":"standard","meta":{"_monsterinsights_skip_tracking":false,"_monsterinsights_sitenote_active":false,"_monsterinsights_sitenote_note":"","_monsterinsights_sitenote_category":0,"_themeisle_gutenberg_block_has_review":false,"cybocfi_hide_featured_image":"","footnotes":""},"categories":[26],"tags":[],"class_list":["post-143","post","type-post","status-publish","format-standard","has-post-thumbnail","hentry","category-sao-tiago"],"_links":{"self":[{"href":"http:\/\/jornalismo.ufsj.edu.br\/van\/wp-json\/wp\/v2\/posts\/143","targetHints":{"allow":["GET"]}}],"collection":[{"href":"http:\/\/jornalismo.ufsj.edu.br\/van\/wp-json\/wp\/v2\/posts"}],"about":[{"href":"http:\/\/jornalismo.ufsj.edu.br\/van\/wp-json\/wp\/v2\/types\/post"}],"author":[{"embeddable":true,"href":"http:\/\/jornalismo.ufsj.edu.br\/van\/wp-json\/wp\/v2\/users\/2"}],"replies":[{"embeddable":true,"href":"http:\/\/jornalismo.ufsj.edu.br\/van\/wp-json\/wp\/v2\/comments?post=143"}],"version-history":[{"count":1,"href":"http:\/\/jornalismo.ufsj.edu.br\/van\/wp-json\/wp\/v2\/posts\/143\/revisions"}],"predecessor-version":[{"id":1067,"href":"http:\/\/jornalismo.ufsj.edu.br\/van\/wp-json\/wp\/v2\/posts\/143\/revisions\/1067"}],"wp:featuredmedia":[{"embeddable":true,"href":"http:\/\/jornalismo.ufsj.edu.br\/van\/wp-json\/wp\/v2\/media\/1066"}],"wp:attachment":[{"href":"http:\/\/jornalismo.ufsj.edu.br\/van\/wp-json\/wp\/v2\/media?parent=143"}],"wp:term":[{"taxonomy":"category","embeddable":true,"href":"http:\/\/jornalismo.ufsj.edu.br\/van\/wp-json\/wp\/v2\/categories?post=143"},{"taxonomy":"post_tag","embeddable":true,"href":"http:\/\/jornalismo.ufsj.edu.br\/van\/wp-json\/wp\/v2\/tags?post=143"}],"curies":[{"name":"wp","href":"https:\/\/api.w.org\/{rel}","templated":true}]}}