{"id":14248,"date":"2024-09-04T14:54:00","date_gmt":"2024-09-04T17:54:00","guid":{"rendered":"https:\/\/jornalismo.ufsj.edu.br\/van\/?p=14248"},"modified":"2024-09-05T17:53:42","modified_gmt":"2024-09-05T20:53:42","slug":"dia-internacional-da-caridade-conheca-algumas-obras-sociais-na-regiao-das-vertentes","status":"publish","type":"post","link":"http:\/\/jornalismo.ufsj.edu.br\/van\/dia-internacional-da-caridade-conheca-algumas-obras-sociais-na-regiao-das-vertentes\/","title":{"rendered":"Dia Internacional da Caridade: Conhe\u00e7a algumas obras sociais na regi\u00e3o das Vertentes"},"content":{"rendered":"\n<p class=\"has-text-align-right\">Por Felipe Rocha, Laura Br\u00eatas e Rafael Alonso<br><\/p>\n\n\n\n<div style=\"height:15px\" aria-hidden=\"true\" class=\"wp-block-spacer\"><\/div>\n\n\n<div class=\"wp-block-image\">\n<figure class=\"aligncenter size-large is-resized\"><img loading=\"lazy\" decoding=\"async\" width=\"1024\" height=\"875\" src=\"http:\/\/jornalismo.ufsj.edu.br\/van\/wp-content\/uploads\/2024\/09\/DIA-DA-CARIDADE-VAN-SETEMBRO-RAFAEL-1024x875.jpg\" alt=\"Imagem ilustrativa de cuidado.\" class=\"wp-image-14249\" style=\"width:529px;height:auto\" srcset=\"http:\/\/jornalismo.ufsj.edu.br\/van\/wp-content\/uploads\/2024\/09\/DIA-DA-CARIDADE-VAN-SETEMBRO-RAFAEL-1024x875.jpg 1024w, http:\/\/jornalismo.ufsj.edu.br\/van\/wp-content\/uploads\/2024\/09\/DIA-DA-CARIDADE-VAN-SETEMBRO-RAFAEL-300x256.jpg 300w, http:\/\/jornalismo.ufsj.edu.br\/van\/wp-content\/uploads\/2024\/09\/DIA-DA-CARIDADE-VAN-SETEMBRO-RAFAEL-768x656.jpg 768w, http:\/\/jornalismo.ufsj.edu.br\/van\/wp-content\/uploads\/2024\/09\/DIA-DA-CARIDADE-VAN-SETEMBRO-RAFAEL-1536x1312.jpg 1536w, http:\/\/jornalismo.ufsj.edu.br\/van\/wp-content\/uploads\/2024\/09\/DIA-DA-CARIDADE-VAN-SETEMBRO-RAFAEL.jpg 1600w\" sizes=\"auto, (max-width: 1024px) 100vw, 1024px\" \/><figcaption class=\"wp-element-caption\">Foto: Reprodu\u00e7\u00e3o\/FreePik<\/figcaption><\/figure>\n<\/div>\n\n\n<div style=\"height:15px\" aria-hidden=\"true\" class=\"wp-block-spacer\"><\/div>\n\n\n\n<p>\u201cO que eu fa\u00e7o \u00e9 uma gota no meio do oceano, mas sem ela o oceano seria menor\u201d. Esses s\u00e3o os dizeres de Madre Teresa de Calcut\u00e1, cujo anivers\u00e1rio de morte assinala o Dia da Caridade, em 5 de setembro de 1997. A ONU (Organiza\u00e7\u00e3o das Na\u00e7\u00f5es Unidas), em 2012, escolheu essa data para homenagear a ganhadora do Pr\u00eamio Nobel da Paz, que dedicou sua vida a ajudar pessoas carentes. Esse dia simb\u00f3lico possui uma s\u00e9rie de motiva\u00e7\u00f5es: conscientizar as pessoas sobre a solidariedade e a caridade, discutir sobre a erradica\u00e7\u00e3o da pobreza, concretizar os Objetivos do Desenvolvimento Sustent\u00e1vel (ODS) da Agenda 2030 e, reconhecer iniciativas filantr\u00f3picas e volunt\u00e1rias que colaboram para uma sociedade mais resiliente e humanit\u00e1ria.<\/p>\n\n\n\n<div style=\"height:15px\" aria-hidden=\"true\" class=\"wp-block-spacer\"><\/div>\n\n\n<div class=\"wp-block-image\">\n<figure class=\"aligncenter size-large is-resized\"><img loading=\"lazy\" decoding=\"async\" width=\"1024\" height=\"682\" src=\"http:\/\/jornalismo.ufsj.edu.br\/van\/wp-content\/uploads\/2024\/09\/MADRE-TERESA-CARIDADADE-VAN-SET-1024x682.png\" alt=\"Madre Tersa de Calcut\u00e1 segurando um beb\u00ea.\" class=\"wp-image-14250\" style=\"width:560px;height:auto\" srcset=\"http:\/\/jornalismo.ufsj.edu.br\/van\/wp-content\/uploads\/2024\/09\/MADRE-TERESA-CARIDADADE-VAN-SET-1024x682.png 1024w, http:\/\/jornalismo.ufsj.edu.br\/van\/wp-content\/uploads\/2024\/09\/MADRE-TERESA-CARIDADADE-VAN-SET-300x200.png 300w, http:\/\/jornalismo.ufsj.edu.br\/van\/wp-content\/uploads\/2024\/09\/MADRE-TERESA-CARIDADADE-VAN-SET-768x512.png 768w, http:\/\/jornalismo.ufsj.edu.br\/van\/wp-content\/uploads\/2024\/09\/MADRE-TERESA-CARIDADADE-VAN-SET-900x600.png 900w, http:\/\/jornalismo.ufsj.edu.br\/van\/wp-content\/uploads\/2024\/09\/MADRE-TERESA-CARIDADADE-VAN-SET.png 1288w\" sizes=\"auto, (max-width: 1024px) 100vw, 1024px\" \/><figcaption class=\"wp-element-caption\">Madre Teresa de Calcut\u00e1. Foto: Reprodu\u00e7\u00e3o\/Catholic Parents Online<\/figcaption><\/figure>\n<\/div>\n\n\n<div style=\"height:15px\" aria-hidden=\"true\" class=\"wp-block-spacer\"><\/div>\n\n\n\n<p>Como Madre Teresa afirma na frase acima, n\u00e3o basta a\u00e7\u00f5es grandiosas para mudar o mundo. Se cada um fizer uma pequena a\u00e7\u00e3o, ela j\u00e1 \u00e9 suficiente para promover grandes mudan\u00e7as. E s\u00e3o nessas pequenas atividades cotidianas que o mundo se transforma, como \u00e9 o caso dos projetos sociais, especialmente na regi\u00e3o mineira do Campo das Vertentes: em S\u00e3o Jo\u00e3o del-Rei, Barbacena e Lavras.&nbsp;<\/p>\n\n\n\n<p>Em S\u00e3o Jo\u00e3o del-Rei, existem diversas a\u00e7\u00f5es de fraternidade e cuidado ao pr\u00f3ximo, como o Centro Infantil Santa Clara, localizado na comunidade do Rio Acima, que atua no munic\u00edpio h\u00e1 mais de duas d\u00e9cadas. A institui\u00e7\u00e3o foi fundada por Frei Estanislau Bartholdy e come\u00e7ou a operar em 6 de julho de 2004. Foi criada a fim de diminuir a vulnerabilidade infantil e auxiliar as m\u00e3es na oportunidade de exercer um trabalho fora do lar para complemento salarial da fam\u00edlia, conforme destaca documento oficial da creche.&nbsp;<\/p>\n\n\n\n<p>Atualmente, \u00e9 mantida pela Par\u00f3quia de S\u00e3o Francisco de Assis. Oferece educa\u00e7\u00e3o infantil \u00e0s crian\u00e7as e beb\u00eas de 1 a 3 anos e 11 meses de idade. A estrutura administrativa e pedag\u00f3gica \u00e9 composta pela dire\u00e7\u00e3o, pelo corpo docente e por auxiliares educacionais. A diretora do centro social Maria Auxiliadora Sousa expressou sua satisfa\u00e7\u00e3o com o projeto: \u201cAtendemos 34 crian\u00e7as e temos 12 funcion\u00e1rios, dentre eles professores, monitores, coordenadores pedag\u00f3gicos, auxiliares de limpeza e cozinha. As instala\u00e7\u00f5es s\u00e3o muito boas e muito organizadas\u201d. Mas n\u00e3o ocultou os desafios, e afirmou que o projeto est\u00e1 sempre aberto \u00e0s doa\u00e7\u00f5es: \u201cPrecisamos de alguns itens para adapta\u00e7\u00e3o, mas para isso \u00e9 necess\u00e1rio recursos, buscar ajuda com conv\u00eanio federal. Sendo colaboradores de forma espont\u00e2nea, aceitamos doa\u00e7\u00f5es financeiras e diversas, como materiais de limpeza e g\u00eaneros aliment\u00edcios\u201d, ressalta.<\/p>\n\n\n\n<div style=\"height:15px\" aria-hidden=\"true\" class=\"wp-block-spacer\"><\/div>\n\n\n<div class=\"wp-block-image\">\n<figure class=\"aligncenter size-large is-resized\"><img loading=\"lazy\" decoding=\"async\" width=\"1024\" height=\"768\" src=\"http:\/\/jornalismo.ufsj.edu.br\/van\/wp-content\/uploads\/2024\/09\/CRECHE-STA-CLARA-CARIDADE-VAN-SETEMBRO-1024x768.png\" alt=\"Fachada da Creche Santa Clara.\" class=\"wp-image-14251\" style=\"width:624px;height:auto\" srcset=\"http:\/\/jornalismo.ufsj.edu.br\/van\/wp-content\/uploads\/2024\/09\/CRECHE-STA-CLARA-CARIDADE-VAN-SETEMBRO-1024x768.png 1024w, http:\/\/jornalismo.ufsj.edu.br\/van\/wp-content\/uploads\/2024\/09\/CRECHE-STA-CLARA-CARIDADE-VAN-SETEMBRO-300x225.png 300w, http:\/\/jornalismo.ufsj.edu.br\/van\/wp-content\/uploads\/2024\/09\/CRECHE-STA-CLARA-CARIDADE-VAN-SETEMBRO-768x576.png 768w, http:\/\/jornalismo.ufsj.edu.br\/van\/wp-content\/uploads\/2024\/09\/CRECHE-STA-CLARA-CARIDADE-VAN-SETEMBRO-1536x1152.png 1536w, http:\/\/jornalismo.ufsj.edu.br\/van\/wp-content\/uploads\/2024\/09\/CRECHE-STA-CLARA-CARIDADE-VAN-SETEMBRO-200x150.png 200w, http:\/\/jornalismo.ufsj.edu.br\/van\/wp-content\/uploads\/2024\/09\/CRECHE-STA-CLARA-CARIDADE-VAN-SETEMBRO.png 1600w\" sizes=\"auto, (max-width: 1024px) 100vw, 1024px\" \/><figcaption class=\"wp-element-caption\">Creche Santa Clara. Foto: Reprodu\u00e7\u00e3o\/Facebook Creche Santa Clara\n<\/figcaption><\/figure>\n<\/div>\n\n\n<div style=\"height:15px\" aria-hidden=\"true\" class=\"wp-block-spacer\"><\/div>\n\n\n\n<p>Na regi\u00e3o das Vertentes, a ANAPECC (Associa\u00e7\u00e3o de Amparo \u00e0s Pessoas Carentes com C\u00e2ncer e Outras Doen\u00e7as) se destaca como uma das principais associa\u00e7\u00f5es de caridade. Fundada em 2006 e com sede em Barbacena, a ANAPECC tamb\u00e9m mant\u00e9m casas de apoio em S\u00e3o Jo\u00e3o del-Rei e Belo Horizonte. Estas casas t\u00eam o objetivo de acolher acompanhantes de pacientes que v\u00eam de outras cidades para tratamento e n\u00e3o possuem onde ficar. Elas oferecem um ambiente acolhedor e confort\u00e1vel, com infraestrutura e recursos b\u00e1sicos, permitindo que os acompanhantes possam descansar e aliviar a carga financeira e emocional, enquanto apoiam o paciente.<\/p>\n\n\n\n<p>Al\u00e9m das casas de apoio, a ANAPECC atua em diversas frentes, incluindo a doa\u00e7\u00e3o de cestas b\u00e1sicas, medicamentos, leites especiais e fraldas geri\u00e1tricas. A institui\u00e7\u00e3o tamb\u00e9m oferece apoio psicol\u00f3gico, transporte e assist\u00eancia em casos especiais. Sustentada por doa\u00e7\u00f5es de pessoas generosas de Minas Gerais, a ANAPECC realiza a arrecada\u00e7\u00e3o atrav\u00e9s de mensageiros que passam pelas cidades, al\u00e9m de aceitar contribui\u00e7\u00f5es via transfer\u00eancia banc\u00e1ria ou pix e promover bazares e eventos para angariar fundos.<\/p>\n\n\n\n<p>Atualmente, a ANAPECC est\u00e1 se preparando para a Campanha de Natal, uma tradi\u00e7\u00e3o anual em dezembro. Durante esta campanha, a associa\u00e7\u00e3o distribui cestas especiais de Natal e organiza uma celebra\u00e7\u00e3o para as fam\u00edlias amparadas, com brinquedos, doces, bolo, cachorro-quente, pipoca, churrasco e a presen\u00e7a do Papai e da Mam\u00e3e Noel.<\/p>\n\n\n\n<p>J\u00e1 em Lavras, o IAREM (Instituto de Acolhimento e Recupera\u00e7\u00e3o Eterna Miseric\u00f3rdia) realiza um trabalho semelhante desde fevereiro de 2006. O Instituto acolhe homens e pessoas idosas em situa\u00e7\u00e3o de exclus\u00e3o social, oferecendo assist\u00eancia bio-psico-social gratuita para cerca de 50 acolhidos. Como a ANAPECC, o IAREM depende exclusivamente de doa\u00e7\u00f5es e projetos internos, como bazares e feiras solid\u00e1rias.<\/p>\n\n\n\n<p>A primeira sede do Instituto foi na constru\u00e7\u00e3o de uma Igreja, mas a falta de infraestrutura exigia longas dist\u00e2ncias para transporte de \u00e1gua e alimentos. Em dezembro de 2010, uma doa\u00e7\u00e3o an\u00f4nima de propriedade possibilitou o in\u00edcio da constru\u00e7\u00e3o dos dormit\u00f3rios em 2013, com a ajuda dos pr\u00f3prios acolhidos e parceiros. Ao longo dos 19 anos de hist\u00f3ria, o IAREM j\u00e1 auxiliou mais de 8 mil pessoas, proporcionando acolhimento e recupera\u00e7\u00e3o para homens e idosos em situa\u00e7\u00e3o de rua.<\/p>\n\n\n\n<p>A dedica\u00e7\u00e3o e o impacto das associa\u00e7\u00f5es de caridade na regi\u00e3o das vertentes demonstram a import\u00e2ncia do apoio comunit\u00e1rio na vida de pessoas em situa\u00e7\u00e3o de vulnerabilidade. As institui\u00e7\u00f5es, sustentadas por doa\u00e7\u00f5es e esfor\u00e7os volunt\u00e1rios, desempenham um papel crucial na promo\u00e7\u00e3o do bem-estar e dignidade das pessoas que atendem. Cada contribui\u00e7\u00e3o, seja doa\u00e7\u00e3o, servi\u00e7o volunt\u00e1rio, participa\u00e7\u00e3o em eventos beneficentes, significa a esperan\u00e7a de continuidade dessas organiza\u00e7\u00f5es. Juntos, podemos transformar vidas e oferecer ajuda para aqueles que mais precisam.<\/p>\n\n\n\n<div style=\"height:20px\" aria-hidden=\"true\" class=\"wp-block-spacer\"><\/div>\n\n\n\n<h2 class=\"wp-block-heading has-text-align-center\"><strong>Servi\u00e7o<\/strong><\/h2>\n\n\n\n<p class=\"has-text-align-center\">Para saber mais e contribuir com as organiza\u00e7\u00f5es citadas:<\/p>\n\n\n\n<p class=\"has-text-align-center\">Centro Infantil Santa Clara &#8211; S\u00e3o Jo\u00e3o del-Rei:<\/p>\n\n\n\n<p class=\"has-text-align-center\">Telefones: (32) 99963-0272 ou (32) 99919-7526 \/ Instagram: @crechesantaclararioacima&nbsp;<\/p>\n\n\n\n<p class=\"has-text-align-center\">ANAPECC &#8211; Barbacena:<\/p>\n\n\n\n<p class=\"has-text-align-center\">Telefone: (32)3332 &#8211; 6425 \/ Instagram: @associacaoanapecc<\/p>\n\n\n\n<p class=\"has-text-align-center\">IAREM &#8211; Lavras:<\/p>\n\n\n\n<p class=\"has-text-align-center\">Telefone: (35) 98868-8243 \/ Instagram: @eterna.misericordia<\/p>\n\n\n\n<p class=\"has-text-align-center\"><br><\/p>\n","protected":false},"excerpt":{"rendered":"<p>\u201cO que eu fa\u00e7o \u00e9 uma gota no meio do oceano, mas sem ela o oceano seria menor\u201d. Esses s\u00e3o os dizeres de Madre Teresa de Calcut\u00e1, cujo anivers\u00e1rio de morte assinala o Dia da Caridade, 5 de setembro.  A ONU, em 2012, decidiu homenagear a ganhadora do Pr\u00eamio Nobel da Paz e esse dia simb\u00f3lico passou a ter uma s\u00e9rie de motiva\u00e7\u00f5es, como solidariedade e caridade, erradica\u00e7\u00e3o da pobreza, e outras.<\/p>\n","protected":false},"author":2,"featured_media":14249,"comment_status":"closed","ping_status":"open","sticky":false,"template":"","format":"standard","meta":{"_monsterinsights_skip_tracking":false,"_monsterinsights_sitenote_active":false,"_monsterinsights_sitenote_note":"","_monsterinsights_sitenote_category":0,"_themeisle_gutenberg_block_has_review":false,"cybocfi_hide_featured_image":"yes","footnotes":""},"categories":[20,710,17,25,109,21],"tags":[158,162,14,159,70],"class_list":["post-14248","post","type-post","status-publish","format-standard","has-post-thumbnail","hentry","category-barbacena","category-campo-dos-vertentes","category-cidade","category-lavras","category-sao-joao-del-rei-microrregiao-de-sao-joao-del-rei","category-saude","tag-barbacena","tag-lavras","tag-sao-joao-del-rei","tag-saude","tag-solidariedade"],"_links":{"self":[{"href":"http:\/\/jornalismo.ufsj.edu.br\/van\/wp-json\/wp\/v2\/posts\/14248","targetHints":{"allow":["GET"]}}],"collection":[{"href":"http:\/\/jornalismo.ufsj.edu.br\/van\/wp-json\/wp\/v2\/posts"}],"about":[{"href":"http:\/\/jornalismo.ufsj.edu.br\/van\/wp-json\/wp\/v2\/types\/post"}],"author":[{"embeddable":true,"href":"http:\/\/jornalismo.ufsj.edu.br\/van\/wp-json\/wp\/v2\/users\/2"}],"replies":[{"embeddable":true,"href":"http:\/\/jornalismo.ufsj.edu.br\/van\/wp-json\/wp\/v2\/comments?post=14248"}],"version-history":[{"count":3,"href":"http:\/\/jornalismo.ufsj.edu.br\/van\/wp-json\/wp\/v2\/posts\/14248\/revisions"}],"predecessor-version":[{"id":14254,"href":"http:\/\/jornalismo.ufsj.edu.br\/van\/wp-json\/wp\/v2\/posts\/14248\/revisions\/14254"}],"wp:featuredmedia":[{"embeddable":true,"href":"http:\/\/jornalismo.ufsj.edu.br\/van\/wp-json\/wp\/v2\/media\/14249"}],"wp:attachment":[{"href":"http:\/\/jornalismo.ufsj.edu.br\/van\/wp-json\/wp\/v2\/media?parent=14248"}],"wp:term":[{"taxonomy":"category","embeddable":true,"href":"http:\/\/jornalismo.ufsj.edu.br\/van\/wp-json\/wp\/v2\/categories?post=14248"},{"taxonomy":"post_tag","embeddable":true,"href":"http:\/\/jornalismo.ufsj.edu.br\/van\/wp-json\/wp\/v2\/tags?post=14248"}],"curies":[{"name":"wp","href":"https:\/\/api.w.org\/{rel}","templated":true}]}}