{"id":13749,"date":"2024-05-07T21:00:00","date_gmt":"2024-05-08T00:00:00","guid":{"rendered":"https:\/\/jornalismo.ufsj.edu.br\/van\/?p=13749"},"modified":"2024-05-08T01:31:36","modified_gmt":"2024-05-08T04:31:36","slug":"vislumbrando-sentimentos-e-costurando-narrativas-a-escrita-e-o-lancamento-de-anima-mundi-de-anna-carolina-ribeiro","status":"publish","type":"post","link":"http:\/\/jornalismo.ufsj.edu.br\/van\/vislumbrando-sentimentos-e-costurando-narrativas-a-escrita-e-o-lancamento-de-anima-mundi-de-anna-carolina-ribeiro\/","title":{"rendered":"Vislumbrando sentimentos e costurando narrativas: a escrita e o lan\u00e7amento de \u201cAnima Mundi\u201d, de Anna Carolina Ribeiro"},"content":{"rendered":"\n<p class=\"has-text-align-right\"><strong>por J\u00falia Diniz e L\u00edvia Antoniazzi<\/strong><\/p>\n\n\n\n<p>No \u00faltimo s\u00e1bado, 4, a poeta Anna Carolina Ribeiro lan\u00e7ou seu novo trabalho: o livro de poesias \u201c<em>Anima Mundi<\/em>\u201d. O evento ocorreu \u00e0s 10 horas na Biblioteca Municipal de S\u00e3o Jo\u00e3o del-Rei, a primeira biblioteca p\u00fablica de Minas Gerais, e teve direito a caf\u00e9 da manh\u00e3, m\u00fasica e muita alegria. Com a participa\u00e7\u00e3o de admiradores, parentes, amigos e da cantora Alice Vieira, que preparou um show voz e viol\u00e3o especialmente para o dia, Anna apresentou suas inspira\u00e7\u00f5es e desafios que enfrentou ao longo do processo de escrever, organizar e confeccionar sua obra.&nbsp;&nbsp;<\/p>\n\n\n\n<div style=\"height:15px\" aria-hidden=\"true\" class=\"wp-block-spacer\"><\/div>\n\n\n\n<figure class=\"wp-block-gallery has-nested-images columns-default is-cropped wp-block-gallery-1 is-layout-flex wp-block-gallery-is-layout-flex\">\n<figure class=\"wp-block-image size-large\"><img loading=\"lazy\" decoding=\"async\" width=\"768\" height=\"1024\" data-id=\"13750\" src=\"https:\/\/jornalismo.ufsj.edu.br\/van\/wp-content\/uploads\/2024\/05\/CANTORA-ANIMA-MUNDI-768x1024.jpeg\" alt=\"Cantora Alice Vieira abrindo o lan\u00e7amento.\" class=\"wp-image-13750\" srcset=\"http:\/\/jornalismo.ufsj.edu.br\/van\/wp-content\/uploads\/2024\/05\/CANTORA-ANIMA-MUNDI-768x1024.jpeg 768w, http:\/\/jornalismo.ufsj.edu.br\/van\/wp-content\/uploads\/2024\/05\/CANTORA-ANIMA-MUNDI-225x300.jpeg 225w, http:\/\/jornalismo.ufsj.edu.br\/van\/wp-content\/uploads\/2024\/05\/CANTORA-ANIMA-MUNDI-1152x1536.jpeg 1152w, http:\/\/jornalismo.ufsj.edu.br\/van\/wp-content\/uploads\/2024\/05\/CANTORA-ANIMA-MUNDI.jpeg 1200w\" sizes=\"auto, (max-width: 768px) 100vw, 768px\" \/><figcaption class=\"wp-element-caption\">Cantora Alice Vieira abrindo o lan\u00e7amento. Foto: J\u00falia Diniz<\/figcaption><\/figure>\n\n\n\n<figure class=\"wp-block-image size-large\"><img loading=\"lazy\" decoding=\"async\" width=\"768\" height=\"1024\" data-id=\"13751\" src=\"https:\/\/jornalismo.ufsj.edu.br\/van\/wp-content\/uploads\/2024\/05\/JANELAS-ANIMA-MUNDI-768x1024.jpeg\" alt=\"Anna e Niara conversando.\" class=\"wp-image-13751\" srcset=\"http:\/\/jornalismo.ufsj.edu.br\/van\/wp-content\/uploads\/2024\/05\/JANELAS-ANIMA-MUNDI-768x1024.jpeg 768w, http:\/\/jornalismo.ufsj.edu.br\/van\/wp-content\/uploads\/2024\/05\/JANELAS-ANIMA-MUNDI-225x300.jpeg 225w, http:\/\/jornalismo.ufsj.edu.br\/van\/wp-content\/uploads\/2024\/05\/JANELAS-ANIMA-MUNDI-1152x1536.jpeg 1152w, http:\/\/jornalismo.ufsj.edu.br\/van\/wp-content\/uploads\/2024\/05\/JANELAS-ANIMA-MUNDI.jpeg 1200w\" sizes=\"auto, (max-width: 768px) 100vw, 768px\" \/><figcaption class=\"wp-element-caption\">Anna e a escritora Niara Rocha conversando. Foto: J\u00falia Diniz.<\/figcaption><\/figure>\n<\/figure>\n\n\n\n<div style=\"height:15px\" aria-hidden=\"true\" class=\"wp-block-spacer\"><\/div>\n\n\n\n<p>Segundo a autora do livro, suas poesias s\u00e3o escritas de forma aleat\u00f3ria durante suas viv\u00eancias e a caracteriza como uma pessoa muito intensa. Inclusive o t\u00edtulo <em>Anima Mundi<\/em>, \u201calma do mundo\u201d em latim, \u00e9 o resultado de uma jornada pessoal de Anna, que descobriu atrav\u00e9s do tar\u00f4 outras perspectivas para enxergar a vida. Trata-se tamb\u00e9m de um livro costurado a m\u00e3o, um trabalho de tamanha delicadeza e poesia.<\/p>\n\n\n\n<div style=\"height:15px\" aria-hidden=\"true\" class=\"wp-block-spacer\"><\/div>\n\n\n\n<figure class=\"wp-block-video\"><video height=\"1920\" style=\"aspect-ratio: 1080 \/ 1920;\" width=\"1080\" controls src=\"http:\/\/jornalismo.ufsj.edu.br\/van\/wp-content\/uploads\/2024\/05\/VIDEO1.mov\"><\/video><\/figure>\n\n\n\n<div style=\"height:15px\" aria-hidden=\"true\" class=\"wp-block-spacer\"><\/div>\n\n\n\n<p>Durante a roda de conversa proposta pela autora, a pauta sobre leitura surgiu ressaltando a import\u00e2ncia de cultivar este h\u00e1bito. Nesse contexto, a autora Niara Rocha, que tamb\u00e9m esteve presente, contou um pouco de sua experi\u00eancia com a escrita e com o projeto que participa junto com Anna Carolina, o Coletivo Margem. Essa iniciativa tem como objetivo ser uma rede de apoio entre pessoas que se interessam em desenvolver mais a pr\u00e1tica da escrita. Vale ressaltar que n\u00e3o \u00e9 necess\u00e1rio os membros j\u00e1 terem publicado algo ou terem alguma familiaridade com esse h\u00e1bito, uma vez que o prop\u00f3sito do grupo \u00e9 justamente servir como rede de apoio para come\u00e7ar e tamb\u00e9m aprimorar essa habilidade.&nbsp;<\/p>\n\n\n\n<div style=\"height:15px\" aria-hidden=\"true\" class=\"wp-block-spacer\"><\/div>\n\n\n\n<figure class=\"wp-block-gallery has-nested-images columns-default is-cropped wp-block-gallery-2 is-layout-flex wp-block-gallery-is-layout-flex\">\n<figure class=\"wp-block-image size-large\"><img loading=\"lazy\" decoding=\"async\" width=\"1024\" height=\"768\" data-id=\"13753\" src=\"https:\/\/jornalismo.ufsj.edu.br\/van\/wp-content\/uploads\/2024\/05\/SALAO-ANIMA-MUNDI-1024x768.jpeg\" alt=\"\" class=\"wp-image-13753\" srcset=\"http:\/\/jornalismo.ufsj.edu.br\/van\/wp-content\/uploads\/2024\/05\/SALAO-ANIMA-MUNDI-1024x768.jpeg 1024w, http:\/\/jornalismo.ufsj.edu.br\/van\/wp-content\/uploads\/2024\/05\/SALAO-ANIMA-MUNDI-300x225.jpeg 300w, http:\/\/jornalismo.ufsj.edu.br\/van\/wp-content\/uploads\/2024\/05\/SALAO-ANIMA-MUNDI-768x576.jpeg 768w, http:\/\/jornalismo.ufsj.edu.br\/van\/wp-content\/uploads\/2024\/05\/SALAO-ANIMA-MUNDI-1536x1152.jpeg 1536w, http:\/\/jornalismo.ufsj.edu.br\/van\/wp-content\/uploads\/2024\/05\/SALAO-ANIMA-MUNDI-200x150.jpeg 200w, http:\/\/jornalismo.ufsj.edu.br\/van\/wp-content\/uploads\/2024\/05\/SALAO-ANIMA-MUNDI.jpeg 1600w\" sizes=\"auto, (max-width: 1024px) 100vw, 1024px\" \/><figcaption class=\"wp-element-caption\">Lan\u00e7amento do livro &#8220;Anima Mundi&#8221; na Biblioteca Baptista Caetano d\u2019Almeida. Foto: J\u00falia Diniz <\/figcaption><\/figure>\n\n\n\n<figure class=\"wp-block-image size-large\"><img loading=\"lazy\" decoding=\"async\" width=\"768\" height=\"1024\" data-id=\"13754\" src=\"https:\/\/jornalismo.ufsj.edu.br\/van\/wp-content\/uploads\/2024\/05\/SENHORA-ANIMA-MUNDI-768x1024.jpeg\" alt=\"\" class=\"wp-image-13754\" srcset=\"http:\/\/jornalismo.ufsj.edu.br\/van\/wp-content\/uploads\/2024\/05\/SENHORA-ANIMA-MUNDI-768x1024.jpeg 768w, http:\/\/jornalismo.ufsj.edu.br\/van\/wp-content\/uploads\/2024\/05\/SENHORA-ANIMA-MUNDI-225x300.jpeg 225w, http:\/\/jornalismo.ufsj.edu.br\/van\/wp-content\/uploads\/2024\/05\/SENHORA-ANIMA-MUNDI-1152x1536.jpeg 1152w, http:\/\/jornalismo.ufsj.edu.br\/van\/wp-content\/uploads\/2024\/05\/SENHORA-ANIMA-MUNDI.jpeg 1200w\" sizes=\"auto, (max-width: 768px) 100vw, 768px\" \/><figcaption class=\"wp-element-caption\">Av\u00f3 de Anna Carolina. Foto: J\u00falia Diniz.<\/figcaption><\/figure>\n\n\n\n<figure class=\"wp-block-image size-large\"><img loading=\"lazy\" decoding=\"async\" width=\"768\" height=\"1024\" data-id=\"13755\" src=\"https:\/\/jornalismo.ufsj.edu.br\/van\/wp-content\/uploads\/2024\/05\/SENHORAS-ANIMA-MUNDI-768x1024.jpeg\" alt=\"\" class=\"wp-image-13755\" srcset=\"http:\/\/jornalismo.ufsj.edu.br\/van\/wp-content\/uploads\/2024\/05\/SENHORAS-ANIMA-MUNDI-768x1024.jpeg 768w, http:\/\/jornalismo.ufsj.edu.br\/van\/wp-content\/uploads\/2024\/05\/SENHORAS-ANIMA-MUNDI-225x300.jpeg 225w, http:\/\/jornalismo.ufsj.edu.br\/van\/wp-content\/uploads\/2024\/05\/SENHORAS-ANIMA-MUNDI-1152x1536.jpeg 1152w, http:\/\/jornalismo.ufsj.edu.br\/van\/wp-content\/uploads\/2024\/05\/SENHORAS-ANIMA-MUNDI.jpeg 1200w\" sizes=\"auto, (max-width: 768px) 100vw, 768px\" \/><figcaption class=\"wp-element-caption\">M\u00e3e e av\u00f3 de Anna Carolina. Foto: J\u00falia Diniz.<\/figcaption><\/figure>\n<\/figure>\n\n\n\n<div style=\"height:15px\" aria-hidden=\"true\" class=\"wp-block-spacer\"><\/div>\n\n\n\n<p>Ainda nesse bate-papo, a bibliotec\u00e1ria Rosy Oliveira contou um pouco sobre a hist\u00f3ria da biblioteca e a import\u00e2ncia do local para a democratiza\u00e7\u00e3o do conhecimento. A funda\u00e7\u00e3o do espa\u00e7o \u00e9 datada em 1827 e a Biblioteca Baptista Caetano d\u2019Almeida leva esse nome em homenagem \u00e0 idealiza\u00e7\u00e3o do inaugurador, que concretizou a necessidade da Villa del Rei de ter uma \u2018\u2019livraria p\u00fablica\u2019\u2019, termo utilizado na \u00e9poca. O processo de dar vida ao projeto teve in\u00edcio em 1824, at\u00e9 ser de fato colocado para al\u00e9m do papel tr\u00eas anos depois. Al\u00e9m disso, Baptista Caetano era um vision\u00e1rio, uma vez que via a indispensabilidade da educa\u00e7\u00e3o, letramento, capacidade de leitura e escrita para todos, n\u00e3o s\u00f3 para homens ricos e brancos, como definia os padr\u00f5es sociais desta \u00e9poca.&nbsp;<\/p>\n\n\n\n<div style=\"height:15px\" aria-hidden=\"true\" class=\"wp-block-spacer\"><\/div>\n\n\n\n<figure class=\"wp-block-video\"><video height=\"1920\" style=\"aspect-ratio: 1080 \/ 1920;\" width=\"1080\" controls src=\"http:\/\/jornalismo.ufsj.edu.br\/van\/wp-content\/uploads\/2024\/05\/VIDEO2.mov\"><\/video><\/figure>\n\n\n\n<div style=\"height:15px\" aria-hidden=\"true\" class=\"wp-block-spacer\"><\/div>\n\n\n\n<p>Para realizar o cadastro na biblioteca, \u00e9 necess\u00e1rio CPF, documento oficial com foto, comprovante de resid\u00eancia, uma foto 3\u00d74 e pagar uma taxa simb\u00f3lica no valor de R$5,00. A&nbsp; carteirinha garante acesso \u00e0 empr\u00e9stimos de livros e renova\u00e7\u00f5es em at\u00e9 tr\u00eas vezes, podendo ser realizadas de forma presencial ou remota atrav\u00e9s do site da biblioteca. Aos menores de 16 anos essa inscri\u00e7\u00e3o deve ser realizada juntamente \u00e0 um respons\u00e1vel.&nbsp;<\/p>\n\n\n\n<div style=\"height:10px\" aria-hidden=\"true\" class=\"wp-block-spacer\"><\/div>\n\n\n\n<h2 class=\"wp-block-heading has-text-align-center\">Servi\u00e7o<\/h2>\n\n\n\n<p class=\"has-text-align-center\">Biblioteca Municipal de S\u00e3o Jo\u00e3o del-Rei &#8211; <\/p>\n\n\n\n<p class=\"has-text-align-center\">Site: <a href=\"https:\/\/biblioteca.saojoaodelrei.mg.gov.br\/\">biblioteca.saojoaodelrei.mg.gov.br\/<\/a> \/ Instagram: @bibliotecamunicipalsjdr<\/p>\n\n\n\n<p class=\"has-text-align-center\">Aos interessados em fazer parte do Coletivo Margem, entrar em contato pelo Instagram @coletivo.margem<\/p>\n","protected":false},"excerpt":{"rendered":"<p>No \u00faltimo s\u00e1bado, 4, a poeta Anna Carolina Ribeiro lan\u00e7ou seu novo trabalho: o livro de poesias \u201cAnima Mundi\u201d. O evento ocorreu \u00e0s 10 horas na Biblioteca Municipal de S\u00e3o Jo\u00e3o del-Rei, a primeira biblioteca p\u00fablica de Minas Gerais, com direito a caf\u00e9 da manh\u00e3, m\u00fasica e muita alegria. Com a participa\u00e7\u00e3o de admiradores, parentes, amigos e artistas, Anna apresentou suas inspira\u00e7\u00f5es e desafios ao longo do processo de escrever, organizar e confeccionar sua obra.\u00a0\u00a0<\/p>\n","protected":false},"author":2,"featured_media":13753,"comment_status":"closed","ping_status":"open","sticky":false,"template":"","format":"standard","meta":{"_monsterinsights_skip_tracking":false,"_monsterinsights_sitenote_active":false,"_monsterinsights_sitenote_note":"","_monsterinsights_sitenote_category":0,"_themeisle_gutenberg_block_has_review":false,"cybocfi_hide_featured_image":"yes","footnotes":""},"categories":[765,13,109],"tags":[152,14],"class_list":["post-13749","post","type-post","status-publish","format-standard","has-post-thumbnail","hentry","category-arte","category-cultura","category-sao-joao-del-rei-microrregiao-de-sao-joao-del-rei","tag-cultura","tag-sao-joao-del-rei"],"_links":{"self":[{"href":"http:\/\/jornalismo.ufsj.edu.br\/van\/wp-json\/wp\/v2\/posts\/13749","targetHints":{"allow":["GET"]}}],"collection":[{"href":"http:\/\/jornalismo.ufsj.edu.br\/van\/wp-json\/wp\/v2\/posts"}],"about":[{"href":"http:\/\/jornalismo.ufsj.edu.br\/van\/wp-json\/wp\/v2\/types\/post"}],"author":[{"embeddable":true,"href":"http:\/\/jornalismo.ufsj.edu.br\/van\/wp-json\/wp\/v2\/users\/2"}],"replies":[{"embeddable":true,"href":"http:\/\/jornalismo.ufsj.edu.br\/van\/wp-json\/wp\/v2\/comments?post=13749"}],"version-history":[{"count":3,"href":"http:\/\/jornalismo.ufsj.edu.br\/van\/wp-json\/wp\/v2\/posts\/13749\/revisions"}],"predecessor-version":[{"id":13760,"href":"http:\/\/jornalismo.ufsj.edu.br\/van\/wp-json\/wp\/v2\/posts\/13749\/revisions\/13760"}],"wp:featuredmedia":[{"embeddable":true,"href":"http:\/\/jornalismo.ufsj.edu.br\/van\/wp-json\/wp\/v2\/media\/13753"}],"wp:attachment":[{"href":"http:\/\/jornalismo.ufsj.edu.br\/van\/wp-json\/wp\/v2\/media?parent=13749"}],"wp:term":[{"taxonomy":"category","embeddable":true,"href":"http:\/\/jornalismo.ufsj.edu.br\/van\/wp-json\/wp\/v2\/categories?post=13749"},{"taxonomy":"post_tag","embeddable":true,"href":"http:\/\/jornalismo.ufsj.edu.br\/van\/wp-json\/wp\/v2\/tags?post=13749"}],"curies":[{"name":"wp","href":"https:\/\/api.w.org\/{rel}","templated":true}]}}