{"id":13739,"date":"2024-05-06T23:17:12","date_gmt":"2024-05-07T02:17:12","guid":{"rendered":"https:\/\/jornalismo.ufsj.edu.br\/van\/?p=13739"},"modified":"2024-05-07T00:25:31","modified_gmt":"2024-05-07T03:25:31","slug":"11o-tiradentes-em-cena-evento-que-prestigia-o-teatro-movimentou-a-cidade-historica-no-campo-das-vertentes","status":"publish","type":"post","link":"http:\/\/jornalismo.ufsj.edu.br\/van\/11o-tiradentes-em-cena-evento-que-prestigia-o-teatro-movimentou-a-cidade-historica-no-campo-das-vertentes\/","title":{"rendered":"11\u00ba Tiradentes em Cena: Evento que prestigia o teatro movimentou a cidade hist\u00f3rica no Campo das Vertentes"},"content":{"rendered":"\n<p class=\"has-text-align-right\"><strong>Por Ana Julia Barbosa<\/strong><\/p>\n\n\n\n<div style=\"height:15px\" aria-hidden=\"true\" class=\"wp-block-spacer\"><\/div>\n\n\n\n<p>Entre os dias 2 e 5 de maio, Tiradentes realizou o evento \u201cMostra de Artes C\u00eanicas Tiradentes em Cena\u201d que reuniu diversas pe\u00e7as de teatro, oficinas, shows e muitas atra\u00e7\u00f5es, onde a popula\u00e7\u00e3o e artistas puderam aproveitar dias de muita conex\u00e3o e experi\u00eancias art\u00edsticas. Nesse ano, o tema foi \u201cCelebra\u00e7\u00f5es e Encontros\u201d e, assim, a Mostra p\u00f4de nos contar, atrav\u00e9s da arte, como ela nos une, transforma, inspira e move. Al\u00e9m disso, essa edi\u00e7\u00e3o estreou o palco na rodovi\u00e1ria democratizando o acesso \u00e0 arte a todos, seja moradores ou turistas da cidade.\u00a0<\/p>\n\n\n\n<div style=\"height:15px\" aria-hidden=\"true\" class=\"wp-block-spacer\"><\/div>\n\n\n<div class=\"wp-block-image\">\n<figure class=\"aligncenter size-full is-resized\"><img loading=\"lazy\" decoding=\"async\" width=\"827\" height=\"600\" src=\"http:\/\/jornalismo.ufsj.edu.br\/van\/wp-content\/uploads\/2024\/05\/TIRADENTES-EM-CENA00.jpg\" alt=\"Palco montado na pra\u00e7a da rodovi\u00e1ria. \" class=\"wp-image-13740\" style=\"width:747px;height:auto\" srcset=\"http:\/\/jornalismo.ufsj.edu.br\/van\/wp-content\/uploads\/2024\/05\/TIRADENTES-EM-CENA00.jpg 827w, http:\/\/jornalismo.ufsj.edu.br\/van\/wp-content\/uploads\/2024\/05\/TIRADENTES-EM-CENA00-300x218.jpg 300w, http:\/\/jornalismo.ufsj.edu.br\/van\/wp-content\/uploads\/2024\/05\/TIRADENTES-EM-CENA00-768x557.jpg 768w\" sizes=\"auto, (max-width: 827px) 100vw, 827px\" \/><figcaption class=\"wp-element-caption\">Palco montado na pra\u00e7a da rodovi\u00e1ria. Foto: Marlon\/Site Tiradentes em Cena \n<\/figcaption><\/figure>\n<\/div>\n\n\n<div style=\"height:15px\" aria-hidden=\"true\" class=\"wp-block-spacer\"><\/div>\n\n\n\n<p>Dentre os artistas presentes neste ano, a atriz Christiane Torloni esteve no primeiro dia conversando sobre seu filme \u201cAmaz\u00f4nia, o despertar da florestania\u201d, que junto de diversos ativistas e artistas discutiu o tema retratado. No s\u00e1bado, a atriz,&nbsp; junto de sua m\u00e3e, Monah Delacy, compartilhou com o p\u00fablico suas viv\u00eancias e hist\u00f3rias em um lindo encontro no teatro do Centro Cultural Yves Alves.<\/p>\n\n\n\n<p>Tamb\u00e9m no s\u00e1bado, o ator renomado Paulo Betti esteve no evento se apresentando na pra\u00e7a da rodovi\u00e1ria. O artista fez sua \u201cautobiografia autorizada\u201d, onde em um mon\u00f3logo, contou a hist\u00f3ria da sua vida relembrando sua inf\u00e2ncia na ro\u00e7a e eventos marcantes de sua trajet\u00f3ria.&nbsp;<\/p>\n\n\n\n<p>N\u00e3o s\u00f3 os adultos puderam curtir esses dias. A crian\u00e7ada p\u00f4de assistir duas apresenta\u00e7\u00f5es de circo gratuitas no Palco Sesc, sendo elas \u201cO Pequeno Circo do Pinico\u201d e \u201cCirco de Fam\u00edlia\u201d, da Cia Circunst\u00e2ncia. E, entre as oficinas, os pequenos junto com os adultos curtiram muito a \u201cOficina do Bambol\u00ea\u201d, onde a coordenadora motora Deborah Lisboa apresentou a brincadeira para o p\u00fablico de diversas idades.<\/p>\n\n\n\n<h2 class=\"wp-block-heading\"><strong>O Teatro da Pedra&nbsp;<\/strong><\/h2>\n\n\n\n<p>O coletivo de teatro com sede em S\u00e3o Jo\u00e3o del-Rei ganhou nessa edi\u00e7\u00e3o uma exposi\u00e7\u00e3o em sua homenagem. Com t\u00edtulo \u201cTeatro da Pedra, de dentro para fora\u201d, o grupo exp\u00f4s artigos e figurinos que foram usados em suas pe\u00e7as contando a sua hist\u00f3ria.<\/p>\n\n\n\n<div style=\"height:15px\" aria-hidden=\"true\" class=\"wp-block-spacer\"><\/div>\n\n\n<div class=\"wp-block-image\">\n<figure class=\"aligncenter size-large\"><img loading=\"lazy\" decoding=\"async\" width=\"1024\" height=\"575\" src=\"http:\/\/jornalismo.ufsj.edu.br\/van\/wp-content\/uploads\/2024\/05\/TIRADENTES-EM-CENA-2-1024x575.jpg\" alt=\"Exposi\u00e7\u00e3o do Teatro da Pedra. \" class=\"wp-image-13741\" srcset=\"http:\/\/jornalismo.ufsj.edu.br\/van\/wp-content\/uploads\/2024\/05\/TIRADENTES-EM-CENA-2-1024x575.jpg 1024w, http:\/\/jornalismo.ufsj.edu.br\/van\/wp-content\/uploads\/2024\/05\/TIRADENTES-EM-CENA-2-300x168.jpg 300w, http:\/\/jornalismo.ufsj.edu.br\/van\/wp-content\/uploads\/2024\/05\/TIRADENTES-EM-CENA-2-768x431.jpg 768w, http:\/\/jornalismo.ufsj.edu.br\/van\/wp-content\/uploads\/2024\/05\/TIRADENTES-EM-CENA-2-1536x862.jpg 1536w, http:\/\/jornalismo.ufsj.edu.br\/van\/wp-content\/uploads\/2024\/05\/TIRADENTES-EM-CENA-2.jpg 1600w\" sizes=\"auto, (max-width: 1024px) 100vw, 1024px\" \/><figcaption class=\"wp-element-caption\">Exposi\u00e7\u00e3o do Teatro da Pedra. Foto: Ana Julia Barbosa \n<\/figcaption><\/figure>\n<\/div>\n\n\n<div style=\"height:15px\" aria-hidden=\"true\" class=\"wp-block-spacer\"><\/div>\n\n\n\n<p>O grupo est\u00e1 fazendo uma arrecada\u00e7\u00e3o virtual para se apresentar em Cuba, no XXI Congresso Mundial e no Festival de Artes C\u00eanicas da ASSITEJ Internacional, com a pe\u00e7a \u201cOKAN\u201d, apresentada sexta-feira no evento. No domingo tamb\u00e9m houve exibi\u00e7\u00e3o, com \u201cSeresta Partida\u201d, no palco da rodovi\u00e1ria.<\/p>\n\n\n\n<div style=\"height:15px\" aria-hidden=\"true\" class=\"wp-block-spacer\"><\/div>\n\n\n<div class=\"wp-block-image\">\n<figure class=\"aligncenter size-large\"><img loading=\"lazy\" decoding=\"async\" width=\"1024\" height=\"575\" src=\"http:\/\/jornalismo.ufsj.edu.br\/van\/wp-content\/uploads\/2024\/05\/TIRADENTES-EM-CENA-TEATRO-DA-PEDRA-2-1024x575.jpg\" alt=\"Figurinos utilizados nas apresenta\u00e7\u00f5es do Teatro da Pedra. \" class=\"wp-image-13745\" srcset=\"http:\/\/jornalismo.ufsj.edu.br\/van\/wp-content\/uploads\/2024\/05\/TIRADENTES-EM-CENA-TEATRO-DA-PEDRA-2-1024x575.jpg 1024w, http:\/\/jornalismo.ufsj.edu.br\/van\/wp-content\/uploads\/2024\/05\/TIRADENTES-EM-CENA-TEATRO-DA-PEDRA-2-300x168.jpg 300w, http:\/\/jornalismo.ufsj.edu.br\/van\/wp-content\/uploads\/2024\/05\/TIRADENTES-EM-CENA-TEATRO-DA-PEDRA-2-768x431.jpg 768w, http:\/\/jornalismo.ufsj.edu.br\/van\/wp-content\/uploads\/2024\/05\/TIRADENTES-EM-CENA-TEATRO-DA-PEDRA-2-1536x862.jpg 1536w, http:\/\/jornalismo.ufsj.edu.br\/van\/wp-content\/uploads\/2024\/05\/TIRADENTES-EM-CENA-TEATRO-DA-PEDRA-2.jpg 1600w\" sizes=\"auto, (max-width: 1024px) 100vw, 1024px\" \/><figcaption class=\"wp-element-caption\">Figurinos utilizados nas apresenta\u00e7\u00f5es do Teatro da Pedra. Foto: Ana Julia Barbosa <\/figcaption><\/figure>\n<\/div>","protected":false},"excerpt":{"rendered":"<p>Entre os dias 2 e 5 de maio, Tiradentes realizou o evento \u201cMostra de Artes C\u00eanicas Tiradentes em Cena\u201d que reuniu diversas pe\u00e7as de teatro, oficinas, shows e muitas atra\u00e7\u00f5es, onde a popula\u00e7\u00e3o e artistas puderam aproveitar dias de muita conex\u00e3o e experi\u00eancias art\u00edsticas. Nesse ano, o tema foi \u201cCelebra\u00e7\u00f5es e Encontros\u201d e, assim, a Mostra p\u00f4de nos contar, atrav\u00e9s da arte, como ela nos une, transforma, inspira e move. Al\u00e9m disso, essa edi\u00e7\u00e3o estreou o palco na rodovi\u00e1ria democratizando o acesso \u00e0 arte a todos, seja moradores ou turistas da cidade.\u00a0<\/p>\n","protected":false},"author":2,"featured_media":13740,"comment_status":"closed","ping_status":"open","sticky":false,"template":"","format":"standard","meta":{"_monsterinsights_skip_tracking":false,"_monsterinsights_sitenote_active":false,"_monsterinsights_sitenote_note":"","_monsterinsights_sitenote_category":0,"_themeisle_gutenberg_block_has_review":false,"cybocfi_hide_featured_image":"yes","footnotes":""},"categories":[765,13,704,19],"tags":[59,152,157],"class_list":["post-13739","post","type-post","status-publish","format-standard","has-post-thumbnail","hentry","category-arte","category-cultura","category-entretenimento","category-tiradentes","tag-arte","tag-cultura","tag-tiradentes"],"_links":{"self":[{"href":"http:\/\/jornalismo.ufsj.edu.br\/van\/wp-json\/wp\/v2\/posts\/13739","targetHints":{"allow":["GET"]}}],"collection":[{"href":"http:\/\/jornalismo.ufsj.edu.br\/van\/wp-json\/wp\/v2\/posts"}],"about":[{"href":"http:\/\/jornalismo.ufsj.edu.br\/van\/wp-json\/wp\/v2\/types\/post"}],"author":[{"embeddable":true,"href":"http:\/\/jornalismo.ufsj.edu.br\/van\/wp-json\/wp\/v2\/users\/2"}],"replies":[{"embeddable":true,"href":"http:\/\/jornalismo.ufsj.edu.br\/van\/wp-json\/wp\/v2\/comments?post=13739"}],"version-history":[{"count":3,"href":"http:\/\/jornalismo.ufsj.edu.br\/van\/wp-json\/wp\/v2\/posts\/13739\/revisions"}],"predecessor-version":[{"id":13748,"href":"http:\/\/jornalismo.ufsj.edu.br\/van\/wp-json\/wp\/v2\/posts\/13739\/revisions\/13748"}],"wp:featuredmedia":[{"embeddable":true,"href":"http:\/\/jornalismo.ufsj.edu.br\/van\/wp-json\/wp\/v2\/media\/13740"}],"wp:attachment":[{"href":"http:\/\/jornalismo.ufsj.edu.br\/van\/wp-json\/wp\/v2\/media?parent=13739"}],"wp:term":[{"taxonomy":"category","embeddable":true,"href":"http:\/\/jornalismo.ufsj.edu.br\/van\/wp-json\/wp\/v2\/categories?post=13739"},{"taxonomy":"post_tag","embeddable":true,"href":"http:\/\/jornalismo.ufsj.edu.br\/van\/wp-json\/wp\/v2\/tags?post=13739"}],"curies":[{"name":"wp","href":"https:\/\/api.w.org\/{rel}","templated":true}]}}