{"id":13725,"date":"2024-05-03T20:53:27","date_gmt":"2024-05-03T23:53:27","guid":{"rendered":"https:\/\/jornalismo.ufsj.edu.br\/van\/?p=13725"},"modified":"2024-05-04T03:07:50","modified_gmt":"2024-05-04T06:07:50","slug":"plebiscito-popular-contra-a-privatizacao-das-estatais-recolhe-votos-em-sao-joao-del-rei","status":"publish","type":"post","link":"http:\/\/jornalismo.ufsj.edu.br\/van\/plebiscito-popular-contra-a-privatizacao-das-estatais-recolhe-votos-em-sao-joao-del-rei\/","title":{"rendered":"Plebiscito Popular contra a privatiza\u00e7\u00e3o das estatais recolhe votos em S\u00e3o Jo\u00e3o del-Rei"},"content":{"rendered":"\n<p class=\"has-text-align-right\"><em><strong>Por J\u00falia Resende<\/strong><\/em><\/p>\n\n\n\n<div style=\"height:15px\" aria-hidden=\"true\" class=\"wp-block-spacer\"><\/div>\n\n\n<div class=\"wp-block-image\">\n<figure class=\"aligncenter size-large is-resized\"><img loading=\"lazy\" decoding=\"async\" width=\"768\" height=\"1024\" src=\"http:\/\/jornalismo.ufsj.edu.br\/van\/wp-content\/uploads\/2024\/05\/PLEBISCITO-POPULAR01--768x1024.jpg\" alt=\"Cidad\u00e3o votando no Plebiscito em urna da rodovi\u00e1ria de S\u00e3o Jo\u00e3o del-Rei. \" class=\"wp-image-13726\" style=\"width:840px;height:auto\" srcset=\"http:\/\/jornalismo.ufsj.edu.br\/van\/wp-content\/uploads\/2024\/05\/PLEBISCITO-POPULAR01--768x1024.jpg 768w, http:\/\/jornalismo.ufsj.edu.br\/van\/wp-content\/uploads\/2024\/05\/PLEBISCITO-POPULAR01--225x300.jpg 225w, http:\/\/jornalismo.ufsj.edu.br\/van\/wp-content\/uploads\/2024\/05\/PLEBISCITO-POPULAR01--1152x1536.jpg 1152w, http:\/\/jornalismo.ufsj.edu.br\/van\/wp-content\/uploads\/2024\/05\/PLEBISCITO-POPULAR01-.jpg 1200w\" sizes=\"auto, (max-width: 768px) 100vw, 768px\" \/><figcaption class=\"wp-element-caption\">Cidad\u00e3o votando em urna na rodovi\u00e1ria de S\u00e3o Jo\u00e3o del-Rei. Reprodu\u00e7\u00e3o: Instagram &#8211; @plebiscitosjdr<br><\/figcaption><\/figure>\n<\/div>\n\n\n<div style=\"height:15px\" aria-hidden=\"true\" class=\"wp-block-spacer\"><\/div>\n\n\n\n<p>De 21 de abril a 1 de maio, urnas foram colocadas em v\u00e1rios pontos da cidade a fim de que os s\u00e3o-joanenses participassem do Plebiscito Popular em Defesa das Estatais Mineiras. Organizada por movimentos sociais, partidos pol\u00edticos, sindicatos e movimentos estudantis espalhados por toda Minas Gerais, a a\u00e7\u00e3o alcan\u00e7ou mais de 100 cidades mineiras e foi constru\u00edda a partir da apresenta\u00e7\u00e3o da Proposta de Emenda \u00e0 Constitui\u00e7\u00e3o (PEC) 24\/2023 do governador do estado, Romeu Zema.&nbsp;<\/p>\n\n\n\n<p>Essa emenda prop\u00f5e a retirada da exig\u00eancia de serem feitas consultas p\u00fablicas para o processo de privatiza\u00e7\u00e3o das empresas estatais, como a Cemig, Copasa, Codemig e Gasmig. A PEC aguarda parecer de comiss\u00e3o na Assembleia Legislativa e, desde o come\u00e7o de sua tramita\u00e7\u00e3o, trouxe indigna\u00e7\u00e3o entre os mineiros. No site da Assembleia, no espa\u00e7o destinado \u00e0 opini\u00e3o p\u00fablica dos projetos, at\u00e9 o fechamento desta not\u00edcia, \u00e0s 16 horas do dia 3 de maio, 6778 se manifestaram contra, e 274 a favor da aprova\u00e7\u00e3o da Emenda.&nbsp;<\/p>\n\n\n\n<p>A inten\u00e7\u00e3o do Plebiscito em S\u00e3o Jo\u00e3o del-Rei, articulado a partir de reuni\u00e3o realizada em 7 de abril,&nbsp; foi de contabilizar cerca de 1000 votos em todas as urnas, que foram acomodadas em frente a Casa dos Comit\u00eas, na Rua da Cacha\u00e7a; no Cal\u00e7ad\u00e3o, no Centro; no bairro Senhor dos Montes; nos campi da UFSJ; na rodovi\u00e1ria nova e na antiga; e em outros pontos estrat\u00e9gicos da cidade. Com o t\u00e9rmino do per\u00edodo de vota\u00e7\u00e3o, os votos est\u00e3o sendo apurados e todo o material recolhido ser\u00e1 levado \u00e0 capital mineira para fortalecer o debate.&nbsp;<\/p>\n\n\n\n<p>Al\u00e9m de exercer o direito de participar e de proteger o patrim\u00f4nio, a participa\u00e7\u00e3o s\u00e3o-joanense garante tamb\u00e9m a defesa de interesses que podem afetar diretamente toda a regi\u00e3o, j\u00e1 que a Cemig cobre toda a distribui\u00e7\u00e3o de energia da cidade, assim como a Copasa \u00e9 respons\u00e1vel pela distribui\u00e7\u00e3o da \u00e1gua de alguns bairros, e a Codemig influencia as atividades de todo estado.&nbsp;<\/p>\n\n\n\n<p>O Plebiscito levanta pontos que podem afetar diretamente o servi\u00e7o prestado e o valor cobrado por essas empresas caso ocorra a privatiza\u00e7\u00e3o, como o fim das tarifas sociais, a demiss\u00e3o dos trabalhadores, a menor seguran\u00e7a, o pouco investimento em melhorias e a consequente piora da qualidade do servi\u00e7o, al\u00e9m das contas mais caras.&nbsp;<\/p>\n\n\n\n<div style=\"height:15px\" aria-hidden=\"true\" class=\"wp-block-spacer\"><\/div>\n\n\n<div class=\"wp-block-image\">\n<figure class=\"aligncenter size-large is-resized\"><img loading=\"lazy\" decoding=\"async\" width=\"1024\" height=\"768\" src=\"http:\/\/jornalismo.ufsj.edu.br\/van\/wp-content\/uploads\/2024\/05\/PLEBISCITO-POPULAR02--1024x768.jpg\" alt=\"Urna no Cal\u00e7ad\u00e3o de S\u00e3o Jo\u00e3o del-Rei.\n\" class=\"wp-image-13727\" style=\"width:840px;height:auto\" srcset=\"http:\/\/jornalismo.ufsj.edu.br\/van\/wp-content\/uploads\/2024\/05\/PLEBISCITO-POPULAR02--1024x768.jpg 1024w, http:\/\/jornalismo.ufsj.edu.br\/van\/wp-content\/uploads\/2024\/05\/PLEBISCITO-POPULAR02--300x225.jpg 300w, http:\/\/jornalismo.ufsj.edu.br\/van\/wp-content\/uploads\/2024\/05\/PLEBISCITO-POPULAR02--768x576.jpg 768w, http:\/\/jornalismo.ufsj.edu.br\/van\/wp-content\/uploads\/2024\/05\/PLEBISCITO-POPULAR02--1536x1152.jpg 1536w, http:\/\/jornalismo.ufsj.edu.br\/van\/wp-content\/uploads\/2024\/05\/PLEBISCITO-POPULAR02--200x150.jpg 200w, http:\/\/jornalismo.ufsj.edu.br\/van\/wp-content\/uploads\/2024\/05\/PLEBISCITO-POPULAR02-.jpg 1600w\" sizes=\"auto, (max-width: 1024px) 100vw, 1024px\" \/><figcaption class=\"wp-element-caption\">Urna no Cal\u00e7ad\u00e3o de S\u00e3o Jo\u00e3o del-Rei. Foto\/Reprodu\u00e7\u00e3o: Instagram &#8211; @plebiscitosjdr\n<\/figcaption><\/figure>\n<\/div>\n\n\n<div style=\"height:15px\" aria-hidden=\"true\" class=\"wp-block-spacer\"><\/div>\n\n\n\n<h2 class=\"wp-block-heading has-text-align-center\">Servi\u00e7o<\/h2>\n\n\n\n<p class=\"has-text-align-center\">Para maiores informa\u00e7\u00f5es<\/p>\n\n\n\n<p class=\"has-text-align-center\">Site: <a href=\"https:\/\/www.almg.gov.br\/comunicacao\/noticias\">almg.gov.br\/comunicacao\/noticias<\/a><\/p>\n","protected":false},"excerpt":{"rendered":"<p>De 21 de abril a 1 de maio, urnas foram colocadas em v\u00e1rios pontos da cidade a fim de que os s\u00e3o-joanenses participassem do Plebiscito Popular em Defesa das Estatais Mineiras. <\/p>\n","protected":false},"author":2,"featured_media":13726,"comment_status":"closed","ping_status":"open","sticky":false,"template":"","format":"standard","meta":{"_monsterinsights_skip_tracking":false,"_monsterinsights_sitenote_active":false,"_monsterinsights_sitenote_note":"","_monsterinsights_sitenote_category":0,"_themeisle_gutenberg_block_has_review":false,"cybocfi_hide_featured_image":"yes","footnotes":""},"categories":[696,3,24,15],"tags":[161,153,14],"class_list":["post-13725","post","type-post","status-publish","format-standard","has-post-thumbnail","hentry","category-cidadania","category-cidades","category-economia","category-politica","tag-economia","tag-politica","tag-sao-joao-del-rei"],"_links":{"self":[{"href":"http:\/\/jornalismo.ufsj.edu.br\/van\/wp-json\/wp\/v2\/posts\/13725","targetHints":{"allow":["GET"]}}],"collection":[{"href":"http:\/\/jornalismo.ufsj.edu.br\/van\/wp-json\/wp\/v2\/posts"}],"about":[{"href":"http:\/\/jornalismo.ufsj.edu.br\/van\/wp-json\/wp\/v2\/types\/post"}],"author":[{"embeddable":true,"href":"http:\/\/jornalismo.ufsj.edu.br\/van\/wp-json\/wp\/v2\/users\/2"}],"replies":[{"embeddable":true,"href":"http:\/\/jornalismo.ufsj.edu.br\/van\/wp-json\/wp\/v2\/comments?post=13725"}],"version-history":[{"count":4,"href":"http:\/\/jornalismo.ufsj.edu.br\/van\/wp-json\/wp\/v2\/posts\/13725\/revisions"}],"predecessor-version":[{"id":13734,"href":"http:\/\/jornalismo.ufsj.edu.br\/van\/wp-json\/wp\/v2\/posts\/13725\/revisions\/13734"}],"wp:featuredmedia":[{"embeddable":true,"href":"http:\/\/jornalismo.ufsj.edu.br\/van\/wp-json\/wp\/v2\/media\/13726"}],"wp:attachment":[{"href":"http:\/\/jornalismo.ufsj.edu.br\/van\/wp-json\/wp\/v2\/media?parent=13725"}],"wp:term":[{"taxonomy":"category","embeddable":true,"href":"http:\/\/jornalismo.ufsj.edu.br\/van\/wp-json\/wp\/v2\/categories?post=13725"},{"taxonomy":"post_tag","embeddable":true,"href":"http:\/\/jornalismo.ufsj.edu.br\/van\/wp-json\/wp\/v2\/tags?post=13725"}],"curies":[{"name":"wp","href":"https:\/\/api.w.org\/{rel}","templated":true}]}}