{"id":13720,"date":"2024-05-02T20:43:03","date_gmt":"2024-05-02T23:43:03","guid":{"rendered":"https:\/\/jornalismo.ufsj.edu.br\/van\/?p=13720"},"modified":"2024-05-03T00:03:25","modified_gmt":"2024-05-03T03:03:25","slug":"direito-de-ir-e-vir-novo-plano-de-mobilidade-urbana-propoe-modificacoes-na-infraestrutura-de-sao-joao-del-rei","status":"publish","type":"post","link":"http:\/\/jornalismo.ufsj.edu.br\/van\/direito-de-ir-e-vir-novo-plano-de-mobilidade-urbana-propoe-modificacoes-na-infraestrutura-de-sao-joao-del-rei\/","title":{"rendered":"Direito de ir e vir: Novo plano de mobilidade urbana prop\u00f5e modifica\u00e7\u00f5es na infraestrutura de S\u00e3o Jo\u00e3o del-Rei"},"content":{"rendered":"\n<p class=\"has-text-align-right\"><em><strong>por Rafael Alonso<\/strong><\/em><\/p>\n\n\n\n<div style=\"height:15px\" aria-hidden=\"true\" class=\"wp-block-spacer\"><\/div>\n\n\n<div class=\"wp-block-image\">\n<figure class=\"aligncenter size-large is-resized\"><img loading=\"lazy\" decoding=\"async\" width=\"1024\" height=\"577\" src=\"http:\/\/jornalismo.ufsj.edu.br\/van\/wp-content\/uploads\/2024\/05\/MOBILIDADE-URBANA01--1024x577.jpg\" alt=\"PROJETO: Novo plano de mobilidade urbana\" class=\"wp-image-13721\" style=\"width:804px;height:auto\" srcset=\"http:\/\/jornalismo.ufsj.edu.br\/van\/wp-content\/uploads\/2024\/05\/MOBILIDADE-URBANA01--1024x577.jpg 1024w, http:\/\/jornalismo.ufsj.edu.br\/van\/wp-content\/uploads\/2024\/05\/MOBILIDADE-URBANA01--300x169.jpg 300w, http:\/\/jornalismo.ufsj.edu.br\/van\/wp-content\/uploads\/2024\/05\/MOBILIDADE-URBANA01--768x433.jpg 768w, http:\/\/jornalismo.ufsj.edu.br\/van\/wp-content\/uploads\/2024\/05\/MOBILIDADE-URBANA01-.jpg 1064w\" sizes=\"auto, (max-width: 1024px) 100vw, 1024px\" \/><figcaption class=\"wp-element-caption\"> PROJETO: Novo plano de mobilidade urbana &#8211; Foto por: Rafael Alonso<\/figcaption><\/figure>\n<\/div>\n\n\n<div style=\"height:15px\" aria-hidden=\"true\" class=\"wp-block-spacer\"><\/div>\n\n\n\n<p>No dia 19 de mar\u00e7o de 2024, a C\u00e2mara Municipal de S\u00e3o Jo\u00e3o del-Rei aprovou o novo plano de mobilidade urbana, que abrange tanto o servi\u00e7o de transporte p\u00fablico quanto toda a infraestrutura da cidade.<\/p>\n\n\n\n<h2 class=\"wp-block-heading\">&nbsp;<strong>A mobilidade urbana<\/strong><\/h2>\n\n\n\n<p>A Mobilidade Urbana refere-se \u00e0 forma como as pessoas se deslocam dentro de \u00e1reas urbanas, como cidades e regi\u00f5es metropolitanas. Envolve os diferentes modos de transporte utilizados para se locomover, incluindo transporte p\u00fablico (\u00f4nibus, metr\u00f4 e trem), infraestrutura vi\u00e1ria (ruas, avenidas, ciclovias, cal\u00e7adas e pontes), transporte individual (carros e motocicletas) e at\u00e9 mesmo o deslocamento a p\u00e9.<\/p>\n\n\n\n<p>O objetivo da mobilidade urbana \u00e9 garantir que as pessoas possam se locomover eficientemente de um lugar para outro, promovendo acessibilidade, seguran\u00e7a, sustentabilidade e qualidade de vida. Isso inclui considera\u00e7\u00f5es sobre planejamento urbano, infraestrutura de transporte, pol\u00edticas de mobilidade, gest\u00e3o de tr\u00e1fego e acessibilidade para pessoas com defici\u00eancia, dentre outros.<\/p>\n\n\n\n<h2 class=\"wp-block-heading\"><strong>O plano<\/strong><\/h2>\n\n\n\n<p>A presidente da comiss\u00e3o de mobilidade urbana e arquiteta Ludmila Ribeiro, enfatiza que o plano foi desenvolvido a partir do trabalho de mestrado do arquiteto M\u00e1rcio Santos. \u201cN\u00e3o foi criada uma nova comiss\u00e3o como dito por ve\u00edculos de comunica\u00e7\u00e3o da cidade, mas, o que ocorreu foi uma atualiza\u00e7\u00e3o dessa delega\u00e7\u00e3o, que pretende acompanhar a implementa\u00e7\u00e3o do plano aprovado no in\u00edcio do ano\u201d, destaca.<\/p>\n\n\n\n<p>De acordo com a vereadora L\u00edvia Guimar\u00e3es, o plano prop\u00f5e algumas a\u00e7\u00f5es que visam modificar o transporte p\u00fablico de S\u00e3o Jo\u00e3o del-Rei: readequa\u00e7\u00e3o e otimiza\u00e7\u00e3o de rotas e hor\u00e1rios, defini\u00e7\u00e3o de trajetos que atendem aos bairros mais populosos, defini\u00e7\u00f5es de padr\u00e3o de qualidade e \u00edndices de controle operacional e elabora\u00e7\u00e3o dos projetos para transporte coletivo urbano contendo os estudos e an\u00e1lises para dimensionar a quantidade de ve\u00edculos, itiner\u00e1rios e hor\u00e1rios.<\/p>\n\n\n\n<h2 class=\"wp-block-heading\"><strong>A emenda<\/strong><\/h2>\n\n\n\n<p>Por ter algumas ressalvas ao projeto, L\u00edvia prop\u00f4s uma emenda alterando o prazo estabelecido para a elabora\u00e7\u00e3o do programa de arboriza\u00e7\u00e3o urbana. A ideia \u00e9 encurtar o tempo necess\u00e1rio para o plantio de \u00e1rvores nas \u00e1reas urbanas, passando de 6 a 10 anos para 3 a 5 anos. \u201cEmbora a execu\u00e7\u00e3o efetiva do programa passe a demandar mais tempo, o processo de planejamento n\u00e3o deveria requerer um prazo t\u00e3o longo. Dessa forma, a emenda busca otimizar o tempo necess\u00e1rio para a elabora\u00e7\u00e3o do programa\u201d, explica.<\/p>\n\n\n\n<p>Questionada sobre a influ\u00eancia do plano na locomo\u00e7\u00e3o das pessoas com defici\u00eancia (PCDs), L\u00edvia ressalta que \u00e9 crucial que as leis e regras n\u00e3o fiquem somente no papel, mas deve-se garantir que elas sejam aplicadas em todas as inst\u00e2ncias: no trabalho, nos transportes e espa\u00e7os p\u00fablicos. \u201c\u00c9 importante transformar palavras em a\u00e7\u00f5es que visam melhorar e incluir a pessoa com defici\u00eancia na sociedade\u201d<\/p>\n\n\n\n<h2 class=\"wp-block-heading\"><strong>Opini\u00e3o p\u00fablica<\/strong><\/h2>\n\n\n\n<p>A aut\u00f4noma Ionice Maria Guimar\u00e3es, m\u00e3e de Jonathan, jovem com mobilidade reduzida, comprova a urg\u00eancia de adaptabilidade da infraestrutura da cidade, al\u00e9m da colabora\u00e7\u00e3o social para a locomo\u00e7\u00e3o dos PCDs ao destacar as dificuldades que encontra neste processo: \u201cOs passeios est\u00e3o p\u00e9ssimos! Estamos desviando dos buracos, correndo risco de mim e meu filho cairmos, pois eu sou o apoio dele. No centro, motoristas n\u00e3o respeitam a faixa de pedestre, temos que esperar v\u00e1rios minutos algu\u00e9m parar para atravessarmos a rua\u201d.<\/p>\n\n\n\n<div style=\"height:15px\" aria-hidden=\"true\" class=\"wp-block-spacer\"><\/div>\n\n\n<div class=\"wp-block-image\">\n<figure class=\"aligncenter size-full\"><img loading=\"lazy\" decoding=\"async\" width=\"920\" height=\"600\" src=\"http:\/\/jornalismo.ufsj.edu.br\/van\/wp-content\/uploads\/2024\/05\/MOBILIDADE-URBANA02-.jpg\" alt=\"BURACOS - Empecilho para o eficiente deslocamento p\u00fablico \" class=\"wp-image-13722\" srcset=\"http:\/\/jornalismo.ufsj.edu.br\/van\/wp-content\/uploads\/2024\/05\/MOBILIDADE-URBANA02-.jpg 920w, http:\/\/jornalismo.ufsj.edu.br\/van\/wp-content\/uploads\/2024\/05\/MOBILIDADE-URBANA02--300x196.jpg 300w, http:\/\/jornalismo.ufsj.edu.br\/van\/wp-content\/uploads\/2024\/05\/MOBILIDADE-URBANA02--768x501.jpg 768w, http:\/\/jornalismo.ufsj.edu.br\/van\/wp-content\/uploads\/2024\/05\/MOBILIDADE-URBANA02--370x241.jpg 370w\" sizes=\"auto, (max-width: 920px) 100vw, 920px\" \/><figcaption class=\"wp-element-caption\">BURACOS: Empecilho para o eficiente deslocamento p\u00fablico &#8211; Foto por: Rafael Alonso<\/figcaption><\/figure>\n<\/div>\n\n\n<div style=\"height:15px\" aria-hidden=\"true\" class=\"wp-block-spacer\"><\/div>\n\n\n\n<p>Al\u00e9m disso, Ionice reclama da m\u00e1 gest\u00e3o do transporte p\u00fablico: \u201cMoro no alto do Lomb\u00e3o, n\u00e3o tem muitos hor\u00e1rios pra c\u00e1. Isso me atrasa muito, precisamos de mais hor\u00e1rios de \u00f4nibus no nosso bairro\u201d. Para ela, a melhor solu\u00e7\u00e3o seria trocar a empresa que presta os servi\u00e7os de transporte coletivo na cidade.<\/p>\n\n\n\n<div style=\"height:15px\" aria-hidden=\"true\" class=\"wp-block-spacer\"><\/div>\n\n\n<div class=\"wp-block-image\">\n<figure class=\"aligncenter size-full is-resized\"><img loading=\"lazy\" decoding=\"async\" width=\"563\" height=\"600\" src=\"http:\/\/jornalismo.ufsj.edu.br\/van\/wp-content\/uploads\/2024\/05\/MOBILIDADE-URBANA03-.jpg\" alt=\"INACESSIBILIDADE: Elevador de \u00f4nibus quebrado\" class=\"wp-image-13723\" style=\"width:677px;height:auto\" srcset=\"http:\/\/jornalismo.ufsj.edu.br\/van\/wp-content\/uploads\/2024\/05\/MOBILIDADE-URBANA03-.jpg 563w, http:\/\/jornalismo.ufsj.edu.br\/van\/wp-content\/uploads\/2024\/05\/MOBILIDADE-URBANA03--282x300.jpg 282w\" sizes=\"auto, (max-width: 563px) 100vw, 563px\" \/><figcaption class=\"wp-element-caption\">INACESSIBILIDADE: Elevador de \u00f4nibus quebrado &#8211; Foto por: Rafael Alonso<\/figcaption><\/figure>\n<\/div>\n\n\n<p><\/p>\n","protected":false},"excerpt":{"rendered":"<p>No dia 19 de mar\u00e7o de 2024, a C\u00e2mara Municipal de S\u00e3o Jo\u00e3o del-Rei aprovou o novo plano de mobilidade urbana, que abrange tanto o servi\u00e7o de transporte p\u00fablico quanto toda a infraestrutura da cidade.<\/p>\n","protected":false},"author":2,"featured_media":13721,"comment_status":"closed","ping_status":"open","sticky":false,"template":"","format":"standard","meta":{"_monsterinsights_skip_tracking":false,"_monsterinsights_sitenote_active":false,"_monsterinsights_sitenote_note":"","_monsterinsights_sitenote_category":0,"_themeisle_gutenberg_block_has_review":false,"cybocfi_hide_featured_image":"yes","footnotes":""},"categories":[696,17,15,109],"tags":[153,14],"class_list":["post-13720","post","type-post","status-publish","format-standard","has-post-thumbnail","hentry","category-cidadania","category-cidade","category-politica","category-sao-joao-del-rei-microrregiao-de-sao-joao-del-rei","tag-politica","tag-sao-joao-del-rei"],"_links":{"self":[{"href":"http:\/\/jornalismo.ufsj.edu.br\/van\/wp-json\/wp\/v2\/posts\/13720","targetHints":{"allow":["GET"]}}],"collection":[{"href":"http:\/\/jornalismo.ufsj.edu.br\/van\/wp-json\/wp\/v2\/posts"}],"about":[{"href":"http:\/\/jornalismo.ufsj.edu.br\/van\/wp-json\/wp\/v2\/types\/post"}],"author":[{"embeddable":true,"href":"http:\/\/jornalismo.ufsj.edu.br\/van\/wp-json\/wp\/v2\/users\/2"}],"replies":[{"embeddable":true,"href":"http:\/\/jornalismo.ufsj.edu.br\/van\/wp-json\/wp\/v2\/comments?post=13720"}],"version-history":[{"count":1,"href":"http:\/\/jornalismo.ufsj.edu.br\/van\/wp-json\/wp\/v2\/posts\/13720\/revisions"}],"predecessor-version":[{"id":13724,"href":"http:\/\/jornalismo.ufsj.edu.br\/van\/wp-json\/wp\/v2\/posts\/13720\/revisions\/13724"}],"wp:featuredmedia":[{"embeddable":true,"href":"http:\/\/jornalismo.ufsj.edu.br\/van\/wp-json\/wp\/v2\/media\/13721"}],"wp:attachment":[{"href":"http:\/\/jornalismo.ufsj.edu.br\/van\/wp-json\/wp\/v2\/media?parent=13720"}],"wp:term":[{"taxonomy":"category","embeddable":true,"href":"http:\/\/jornalismo.ufsj.edu.br\/van\/wp-json\/wp\/v2\/categories?post=13720"},{"taxonomy":"post_tag","embeddable":true,"href":"http:\/\/jornalismo.ufsj.edu.br\/van\/wp-json\/wp\/v2\/tags?post=13720"}],"curies":[{"name":"wp","href":"https:\/\/api.w.org\/{rel}","templated":true}]}}