{"id":13689,"date":"2024-04-26T10:48:58","date_gmt":"2024-04-26T13:48:58","guid":{"rendered":"https:\/\/jornalismo.ufsj.edu.br\/van\/?p=13689"},"modified":"2024-04-29T10:52:05","modified_gmt":"2024-04-29T13:52:05","slug":"apaexonados-uma-educacao-excepcional","status":"publish","type":"post","link":"http:\/\/jornalismo.ufsj.edu.br\/van\/apaexonados-uma-educacao-excepcional\/","title":{"rendered":"APAExonados: Uma educa\u00e7\u00e3o excepcional"},"content":{"rendered":"\n<p class=\"has-text-align-right\"><strong>por Ana Julia Barbosa e L\u00edvia Fernandes\u00a0<\/strong><\/p>\n\n\n\n<div style=\"height:15px\" aria-hidden=\"true\" class=\"wp-block-spacer\"><\/div>\n\n\n\n<p>As APAEs, Associa\u00e7\u00e3o de Pais e Amigos dos Excepcionais, s\u00e3o institui\u00e7\u00f5es que t\u00eam como miss\u00e3o prestar atendimentos na \u00e1rea da sa\u00fade, promover educa\u00e7\u00e3o e lutar pelos direitos na perspectiva da inclus\u00e3o social. Em S\u00e3o Jo\u00e3o del-Rei, a APAE atua h\u00e1 mais de 55 anos, se comprometendo com esses objetivos. Logo, para garantia do ensino para pessoas com defici\u00eancia, ela possui uma escola de educa\u00e7\u00e3o b\u00e1sica com 67 crian\u00e7as entre 3 a 12 anos matriculadas, visando o aprendizado de maneira diferenciada, de acordo com a especificidade de cada aluno.<\/p>\n\n\n\n<div style=\"height:15px\" aria-hidden=\"true\" class=\"wp-block-spacer\"><\/div>\n\n\n<div class=\"wp-block-image\">\n<figure class=\"aligncenter size-full is-resized\"><img loading=\"lazy\" decoding=\"async\" width=\"512\" height=\"384\" src=\"http:\/\/jornalismo.ufsj.edu.br\/van\/wp-content\/uploads\/2024\/04\/O-maior-intuito-deles-e-proporcionar-para-os-alunos-uma-educacao-de-qualidade-e-inclusiva.jpg\" alt=\"\" class=\"wp-image-13688\" style=\"width:860px;height:auto\" srcset=\"http:\/\/jornalismo.ufsj.edu.br\/van\/wp-content\/uploads\/2024\/04\/O-maior-intuito-deles-e-proporcionar-para-os-alunos-uma-educacao-de-qualidade-e-inclusiva.jpg 512w, http:\/\/jornalismo.ufsj.edu.br\/van\/wp-content\/uploads\/2024\/04\/O-maior-intuito-deles-e-proporcionar-para-os-alunos-uma-educacao-de-qualidade-e-inclusiva-300x225.jpg 300w, http:\/\/jornalismo.ufsj.edu.br\/van\/wp-content\/uploads\/2024\/04\/O-maior-intuito-deles-e-proporcionar-para-os-alunos-uma-educacao-de-qualidade-e-inclusiva-200x150.jpg 200w\" sizes=\"auto, (max-width: 512px) 100vw, 512px\" \/><figcaption class=\"wp-element-caption\">O maior intuito deles \u00e9 proporcionar para os alunos uma educa\u00e7\u00e3o de qualidade e inclusiva &#8211; Foto: L\u00edvia Fernandes \n\n<\/figcaption><\/figure>\n<\/div>\n\n\n<div style=\"height:15px\" aria-hidden=\"true\" class=\"wp-block-spacer\"><\/div>\n\n\n\n<p>Em conversa com a diretora,&nbsp; Dorinha Teixeira, ela explica que as crian\u00e7as matriculadas s\u00e3o encaminhadas por uma equipe multidisciplinar que, ao analisar o caso individualmente, solicita uma vaga para ela. As atividades s\u00e3o pensadas de maneira mais l\u00fadica, por\u00e9m \u00e9 apresentado \u00e0s crian\u00e7as conte\u00fados similares ao ensino regular das escolas da cidade.&nbsp;<\/p>\n\n\n\n<p>Dessa forma, elas t\u00eam aulas como: matem\u00e1tica, geografia, portugu\u00eas e todas que fazem parte da matriz de ensino b\u00e1sico. A \u00fanica diferen\u00e7a \u00e9 que as atividades s\u00e3o pensadas pelos profissionais&nbsp; de forma diferenciada, utilizando objetos e instrumentos variados para auxiliar melhor o aprendizado dessas crian\u00e7as.&nbsp;&nbsp;<\/p>\n\n\n\n<div style=\"height:15px\" aria-hidden=\"true\" class=\"wp-block-spacer\"><\/div>\n\n\n<div class=\"wp-block-image\">\n<figure class=\"aligncenter size-full is-resized\"><img loading=\"lazy\" decoding=\"async\" width=\"512\" height=\"384\" src=\"http:\/\/jornalismo.ufsj.edu.br\/van\/wp-content\/uploads\/2024\/04\/Realizando-trabalhos-diversos-a-escola-preza-por-respeitar-e-explorar-a-individualidade-de-cada-crianca.jpg\" alt=\"\" class=\"wp-image-13687\" style=\"width:841px;height:auto\" srcset=\"http:\/\/jornalismo.ufsj.edu.br\/van\/wp-content\/uploads\/2024\/04\/Realizando-trabalhos-diversos-a-escola-preza-por-respeitar-e-explorar-a-individualidade-de-cada-crianca.jpg 512w, http:\/\/jornalismo.ufsj.edu.br\/van\/wp-content\/uploads\/2024\/04\/Realizando-trabalhos-diversos-a-escola-preza-por-respeitar-e-explorar-a-individualidade-de-cada-crianca-300x225.jpg 300w, http:\/\/jornalismo.ufsj.edu.br\/van\/wp-content\/uploads\/2024\/04\/Realizando-trabalhos-diversos-a-escola-preza-por-respeitar-e-explorar-a-individualidade-de-cada-crianca-200x150.jpg 200w\" sizes=\"auto, (max-width: 512px) 100vw, 512px\" \/><figcaption class=\"wp-element-caption\">Realizando trabalhos diversos, a escola preza por respeitar e explorar a individualidade de cada crian\u00e7a &#8211; Foto: L\u00edvia Fernandes\n<\/figcaption><\/figure>\n<\/div>\n\n\n<div style=\"height:15px\" aria-hidden=\"true\" class=\"wp-block-spacer\"><\/div>\n\n\n\n<p>As salas da escola hoje s\u00e3o divididas entre educa\u00e7\u00e3o infantil e creche, onde as crian\u00e7as s\u00e3o divididas por idades&nbsp; e necessidades individuais. Essas salas variam de turmas de 6 a 9 alunos, e em cada sala os alunos s\u00e3o acompanhados por uma professora e uma monitora.&nbsp;<\/p>\n\n\n\n<p>A diretora ressalta que todos os alunos s\u00e3o observados de perto, e assim que percebem que algum aluno&nbsp; tem condi\u00e7\u00f5es de frequentar uma escola regular, ele \u00e9 encaminhado para uma. A aten\u00e7\u00e3o \u00e9 cont\u00ednua, visto que, se necess\u00e1rio, esse aluno pode retornar para a APAE. Portanto, todos profissionais t\u00eam essa aten\u00e7\u00e3o em rela\u00e7\u00e3o ao desenvolvimento e o que \u00e9 melhor para cada crian\u00e7a.&nbsp;<\/p>\n\n\n\n<figure class=\"wp-block-pullquote\"><blockquote><p><strong>SERVI\u00c7OS<\/strong>\u00a0<br>Instagram\u00a0<br>@apaesjdr<br>Endere\u00e7o\u00a0<br>Av Leite de Castro, 1380 &#8211;\u00a0 F\u00e1bricas<\/p><\/blockquote><\/figure>\n","protected":false},"excerpt":{"rendered":"<p>As APAEs, Associa\u00e7\u00e3o de Pais e Amigos dos Excepcionais, s\u00e3o institui\u00e7\u00f5es que t\u00eam como miss\u00e3o prestar atendimentos na \u00e1rea da sa\u00fade, promover educa\u00e7\u00e3o e lutar pelos direitos na perspectiva da inclus\u00e3o social. Em S\u00e3o Jo\u00e3o del-Rei, a APAE atua h\u00e1 mais de 55 anos, se comprometendo com esses objetivos. Logo, para garantia do ensino para pessoas com defici\u00eancia, ela possui uma escola de educa\u00e7\u00e3o b\u00e1sica com 67 crian\u00e7as entre 3 a 12 anos matriculadas, visando o aprendizado de maneira diferenciada, de acordo com a especificidade de cada aluno.<\/p>\n","protected":false},"author":2,"featured_media":13688,"comment_status":"closed","ping_status":"open","sticky":false,"template":"","format":"standard","meta":{"_monsterinsights_skip_tracking":false,"_monsterinsights_sitenote_active":false,"_monsterinsights_sitenote_note":"","_monsterinsights_sitenote_category":0,"_themeisle_gutenberg_block_has_review":false,"cybocfi_hide_featured_image":"yes","footnotes":""},"categories":[794],"tags":[14],"class_list":["post-13689","post","type-post","status-publish","format-standard","has-post-thumbnail","hentry","category-apaexonados","tag-sao-joao-del-rei"],"_links":{"self":[{"href":"http:\/\/jornalismo.ufsj.edu.br\/van\/wp-json\/wp\/v2\/posts\/13689","targetHints":{"allow":["GET"]}}],"collection":[{"href":"http:\/\/jornalismo.ufsj.edu.br\/van\/wp-json\/wp\/v2\/posts"}],"about":[{"href":"http:\/\/jornalismo.ufsj.edu.br\/van\/wp-json\/wp\/v2\/types\/post"}],"author":[{"embeddable":true,"href":"http:\/\/jornalismo.ufsj.edu.br\/van\/wp-json\/wp\/v2\/users\/2"}],"replies":[{"embeddable":true,"href":"http:\/\/jornalismo.ufsj.edu.br\/van\/wp-json\/wp\/v2\/comments?post=13689"}],"version-history":[{"count":1,"href":"http:\/\/jornalismo.ufsj.edu.br\/van\/wp-json\/wp\/v2\/posts\/13689\/revisions"}],"predecessor-version":[{"id":13690,"href":"http:\/\/jornalismo.ufsj.edu.br\/van\/wp-json\/wp\/v2\/posts\/13689\/revisions\/13690"}],"wp:featuredmedia":[{"embeddable":true,"href":"http:\/\/jornalismo.ufsj.edu.br\/van\/wp-json\/wp\/v2\/media\/13688"}],"wp:attachment":[{"href":"http:\/\/jornalismo.ufsj.edu.br\/van\/wp-json\/wp\/v2\/media?parent=13689"}],"wp:term":[{"taxonomy":"category","embeddable":true,"href":"http:\/\/jornalismo.ufsj.edu.br\/van\/wp-json\/wp\/v2\/categories?post=13689"},{"taxonomy":"post_tag","embeddable":true,"href":"http:\/\/jornalismo.ufsj.edu.br\/van\/wp-json\/wp\/v2\/tags?post=13689"}],"curies":[{"name":"wp","href":"https:\/\/api.w.org\/{rel}","templated":true}]}}