{"id":13685,"date":"2024-04-25T10:42:10","date_gmt":"2024-04-25T13:42:10","guid":{"rendered":"https:\/\/jornalismo.ufsj.edu.br\/van\/?p=13685"},"modified":"2024-04-29T10:45:33","modified_gmt":"2024-04-29T13:45:33","slug":"moda-e-sustentabilidade-semana-fashion-revolution-marcou-presenca-em-sao-joao-del-rei","status":"publish","type":"post","link":"http:\/\/jornalismo.ufsj.edu.br\/van\/moda-e-sustentabilidade-semana-fashion-revolution-marcou-presenca-em-sao-joao-del-rei\/","title":{"rendered":"Moda e sustentabilidade: Semana Fashion Revolution marcou presen\u00e7a em S\u00e3o Jo\u00e3o del-Rei"},"content":{"rendered":"\n<p>Clara Gon\u00e7alves, Jakeline Azevedo e Lara Cristina Reis<\/p>\n\n\n<div class=\"wp-block-image\">\n<figure class=\"aligncenter size-full is-resized\"><img loading=\"lazy\" decoding=\"async\" width=\"512\" height=\"352\" src=\"http:\/\/jornalismo.ufsj.edu.br\/van\/wp-content\/uploads\/2024\/04\/Monique-Silva-apresenta-diferentes-tipos-de-tecidos-para-participantes-Foto-Jakeline-Azevedo-2.jpg\" alt=\"\" class=\"wp-image-13681\" style=\"width:839px;height:auto\" srcset=\"http:\/\/jornalismo.ufsj.edu.br\/van\/wp-content\/uploads\/2024\/04\/Monique-Silva-apresenta-diferentes-tipos-de-tecidos-para-participantes-Foto-Jakeline-Azevedo-2.jpg 512w, http:\/\/jornalismo.ufsj.edu.br\/van\/wp-content\/uploads\/2024\/04\/Monique-Silva-apresenta-diferentes-tipos-de-tecidos-para-participantes-Foto-Jakeline-Azevedo-2-300x206.jpg 300w\" sizes=\"auto, (max-width: 512px) 100vw, 512px\" \/><figcaption class=\"wp-element-caption\">Monique Silva apresenta diferentes tipos de tecidos para participantes &#8211; Foto: Jakeline Azevedo<\/figcaption><\/figure>\n<\/div>\n\n\n<div style=\"height:15px\" aria-hidden=\"true\" class=\"wp-block-spacer\"><\/div>\n\n\n\n<p>Nesse fim de semana, o maior movimento ativista de moda do mundo, o Fashion Revolution, ocupou as ruas de S\u00e3o Jo\u00e3o del-Rei. Levando quest\u00f5es ambientais e sociais para o universo da moda, a organiza\u00e7\u00e3o tem equipes em mais de 75 pa\u00edses e atua na cidade desde 2020 com sua principal campanha, a Semana Fashion Revolution.<\/p>\n\n\n\n<p>Nas palavras de Monique Silva, representante do movimento na cidade, o Fashion Revolution busca promover \u201ca reforma da ind\u00fastria da moda\u201d e a transpar\u00eancia da&nbsp; produ\u00e7\u00e3o. \u201cIsto inclui, desde a produ\u00e7\u00e3o do algod\u00e3o \u00e0 fabrica\u00e7\u00e3o do tecido; quem costura e como as produ\u00e7\u00f5es chegam aos clientes\u201d, conta ela.<\/p>\n\n\n\n<p>O Fashion Revolution surgiu depois de um desastre: em abril de 2013, o Rana Plaza, pr\u00e9dio de confec\u00e7\u00f5es situado em Dakha, Bangladesh, desabou, resultando na morte de mais de 1100 pessoas, al\u00e9m de mais de 2500 feridos. O movimento nasceu com o objetivo principal de promover a conscientiza\u00e7\u00e3o sobre os impactos socioambientais do mundo da moda.<\/p>\n\n\n\n<p>Marcando presen\u00e7a em S\u00e3o Jo\u00e3o del-Rei pelo quinto ano consecutivo, a Semana Fashion Revolution contou com rodas de conversa, um workshop e um cine debate.<\/p>\n\n\n\n<p>Durante o Workshop, no s\u00e1bado (20), Monique Silva e Marcelo Fernandes apresentaram diversos tipos de tecidos, tramas, texturas e composi\u00e7\u00f5es, durante uma din\u00e2mica com os inscritos no evento, e contaram um pouco mais sobre o processo de produ\u00e7\u00e3o e de reciclagem de cada material.<\/p>\n\n\n\n<div style=\"height:15px\" aria-hidden=\"true\" class=\"wp-block-spacer\"><\/div>\n\n\n<div class=\"wp-block-image\">\n<figure class=\"aligncenter size-full is-resized\"><img loading=\"lazy\" decoding=\"async\" width=\"512\" height=\"288\" src=\"http:\/\/jornalismo.ufsj.edu.br\/van\/wp-content\/uploads\/2024\/04\/unnamed-4.jpg\" alt=\"\" class=\"wp-image-13684\" style=\"width:840px;height:auto\" srcset=\"http:\/\/jornalismo.ufsj.edu.br\/van\/wp-content\/uploads\/2024\/04\/unnamed-4.jpg 512w, http:\/\/jornalismo.ufsj.edu.br\/van\/wp-content\/uploads\/2024\/04\/unnamed-4-300x169.jpg 300w\" sizes=\"auto, (max-width: 512px) 100vw, 512px\" \/><figcaption class=\"wp-element-caption\">Monique Silva e Marcelo Fernandes falam sobre moda e sustentabilidade &#8211; Foto: Jakeline Azevedo\n<\/figcaption><\/figure>\n<\/div>\n\n\n<div style=\"height:15px\" aria-hidden=\"true\" class=\"wp-block-spacer\"><\/div>\n\n\n\n<p>J\u00e1 no domingo (21), a Pra\u00e7a Doutor Salatiel hospedou a exibi\u00e7\u00e3o do document\u00e1rio \u201cO Ponto Firme\u201d, dirigido e roteirizado por Laura Artigas. O longa-metragem traz registros do projeto do estilista Gustavo Silvestre e mostra desde as aulas de croch\u00ea, ministradas pelo estilista a detentos de S\u00e3o Paulo, at\u00e9 o desfile da SPFW, onde a cole\u00e7\u00e3o produzida por Silvestre e seus alunos ganhou espa\u00e7o. Ao fim da exibi\u00e7\u00e3o, iniciou-se um debate sobre a rela\u00e7\u00e3o entre a moda e o projeto social.<\/p>\n\n\n\n<h2 class=\"wp-block-heading\"><strong>MODA E SUSTENTABILIDADE<\/strong><\/h2>\n\n\n\n<p>O mundo da moda \u00e9 um dos maiores poluentes do nosso planeta. No Brasil, apenas 20% dos res\u00edduos t\u00eaxteis s\u00e3o reciclados, enquanto o restante vai para aterros ou \u00e9 descartado incorretamente, o que \u00e9 contr\u00e1rio ao conceito de sustentabilidade, o qual afirma que deve-se consumir pensando em evitar amea\u00e7ar o planeta e causar danos ambientais para as gera\u00e7\u00f5es futuras.<\/p>\n\n\n\n<p>Criadora de conte\u00fado sobre consumo consciente e sustentabilidade nas redes sociais desde 2018, Monique utilizou o espa\u00e7o para apontar os impactos ambientais em consequ\u00eancia do consumo de certos tecidos. &#8220;O Poli\u00e9ster \u00e9 um tipo de pl\u00e1stico, que \u00e9 proveniente do petr\u00f3leo, um dos maiores poluentes da natureza, sem contar que \u00e9 um recurso n\u00e3o renov\u00e1vel.&#8221; afirma.&nbsp;<\/p>\n\n\n\n<p>Ao longo do evento, Monique tamb\u00e9m destacou outro problema comum: a falta de pontos de descarte de res\u00edduos t\u00eaxteis no Brasil e a dificuldade da reciclagem de tecidos mesclados no processo de produ\u00e7\u00e3o, algo que \u00e9 feito para baratear o processo.<\/p>\n\n\n\n<div style=\"height:15px\" aria-hidden=\"true\" class=\"wp-block-spacer\"><\/div>\n\n\n<div class=\"wp-block-image\">\n<figure class=\"aligncenter size-full is-resized\"><img loading=\"lazy\" decoding=\"async\" width=\"512\" height=\"384\" src=\"http:\/\/jornalismo.ufsj.edu.br\/van\/wp-content\/uploads\/2024\/04\/Monique-Silva-apresenta-diferentes-tipos-de-tecidos-para-participantes-Foto-Jakeline-Azevedo.jpg\" alt=\"\" class=\"wp-image-13683\" style=\"width:840px;height:auto\" srcset=\"http:\/\/jornalismo.ufsj.edu.br\/van\/wp-content\/uploads\/2024\/04\/Monique-Silva-apresenta-diferentes-tipos-de-tecidos-para-participantes-Foto-Jakeline-Azevedo.jpg 512w, http:\/\/jornalismo.ufsj.edu.br\/van\/wp-content\/uploads\/2024\/04\/Monique-Silva-apresenta-diferentes-tipos-de-tecidos-para-participantes-Foto-Jakeline-Azevedo-300x225.jpg 300w, http:\/\/jornalismo.ufsj.edu.br\/van\/wp-content\/uploads\/2024\/04\/Monique-Silva-apresenta-diferentes-tipos-de-tecidos-para-participantes-Foto-Jakeline-Azevedo-200x150.jpg 200w\" sizes=\"auto, (max-width: 512px) 100vw, 512px\" \/><figcaption class=\"wp-element-caption\">Monique Silva apresentando workshop na Semana Fashion Revolution &#8211; Foto: Lara Cristina Reis\n<\/figcaption><\/figure>\n<\/div>\n\n\n<div style=\"height:15px\" aria-hidden=\"true\" class=\"wp-block-spacer\"><\/div>\n\n\n\n<p>Para ela, uma das maiores dificuldades para a promo\u00e7\u00e3o da sustentabilidade est\u00e1 na conscientiza\u00e7\u00e3o da popula\u00e7\u00e3o. A ativista tamb\u00e9m comenta sobre a participa\u00e7\u00e3o das empresas nesse processo, destacando a falta de comprometimento dessas institui\u00e7\u00f5es com o futuro do planeta, \u201cUma marca sustent\u00e1vel faz mais que somente vender seu produto\u201d.<\/p>\n\n\n\n<p>Ao ser questionada sobre a import\u00e2ncia de ligar a sustentabilidade \u00e0 moda, Monique respondeu que \u201c\u00e9 a sobreviv\u00eancia da humanidade\u201d e completou: \u201cPrecisamos mudar urgentemente.\u201d<\/p>\n\n\n\n<p>Al\u00e9m dessas quest\u00f5es, Monique cita o impasse para a mobiliza\u00e7\u00e3o governamental. Segundo ela, \u00e9 fundamental que o governo n\u00e3o flexibilize leis anti-sustent\u00e1veis e que esteja sempre fiscalizando e protegendo o meio ambiente, \u201cHaja vista tantas mudan\u00e7as clim\u00e1ticas em que a moda afeta diretamente\u201d.<\/p>\n\n\n\n<p>Apesar de apontar os diversos problemas gerados pela Ind\u00fastria da moda, a criadora de conte\u00fado ressalta o movimento de conscientiza\u00e7\u00e3o que vem ocorrendo. \u201cHoje j\u00e1 existe um grande n\u00famero de pessoas conscientes que entendem as consequ\u00eancias do Fast Fashion, e que est\u00e3o valorizando as produ\u00e7\u00f5es do Slow Fashion, de marcas locais, o consumo em brech\u00f3s e que est\u00e3o questionando \u00e0s marcas quem fez suas roupas. (&#8230;) \u00c9 a busca por uma moda justa socialmente, falando sobre ra\u00e7a e g\u00eanero\u201d.<\/p>\n","protected":false},"excerpt":{"rendered":"<p>Nesse fim de semana, o maior movimento ativista de moda do mundo, o Fashion Revolution, ocupou as ruas de S\u00e3o Jo\u00e3o del-Rei. Levando quest\u00f5es ambientais e sociais para o universo da moda, a organiza\u00e7\u00e3o tem equipes em mais de 75 pa\u00edses e atua na cidade desde 2020 com sua principal campanha, a Semana Fashion Revolution.<\/p>\n","protected":false},"author":2,"featured_media":13681,"comment_status":"closed","ping_status":"open","sticky":false,"template":"","format":"standard","meta":{"_monsterinsights_skip_tracking":false,"_monsterinsights_sitenote_active":false,"_monsterinsights_sitenote_note":"","_monsterinsights_sitenote_category":0,"_themeisle_gutenberg_block_has_review":false,"cybocfi_hide_featured_image":"yes","footnotes":""},"categories":[18],"tags":[14],"class_list":["post-13685","post","type-post","status-publish","format-standard","has-post-thumbnail","hentry","category-meio-ambiente","tag-sao-joao-del-rei"],"_links":{"self":[{"href":"http:\/\/jornalismo.ufsj.edu.br\/van\/wp-json\/wp\/v2\/posts\/13685","targetHints":{"allow":["GET"]}}],"collection":[{"href":"http:\/\/jornalismo.ufsj.edu.br\/van\/wp-json\/wp\/v2\/posts"}],"about":[{"href":"http:\/\/jornalismo.ufsj.edu.br\/van\/wp-json\/wp\/v2\/types\/post"}],"author":[{"embeddable":true,"href":"http:\/\/jornalismo.ufsj.edu.br\/van\/wp-json\/wp\/v2\/users\/2"}],"replies":[{"embeddable":true,"href":"http:\/\/jornalismo.ufsj.edu.br\/van\/wp-json\/wp\/v2\/comments?post=13685"}],"version-history":[{"count":1,"href":"http:\/\/jornalismo.ufsj.edu.br\/van\/wp-json\/wp\/v2\/posts\/13685\/revisions"}],"predecessor-version":[{"id":13686,"href":"http:\/\/jornalismo.ufsj.edu.br\/van\/wp-json\/wp\/v2\/posts\/13685\/revisions\/13686"}],"wp:featuredmedia":[{"embeddable":true,"href":"http:\/\/jornalismo.ufsj.edu.br\/van\/wp-json\/wp\/v2\/media\/13681"}],"wp:attachment":[{"href":"http:\/\/jornalismo.ufsj.edu.br\/van\/wp-json\/wp\/v2\/media?parent=13685"}],"wp:term":[{"taxonomy":"category","embeddable":true,"href":"http:\/\/jornalismo.ufsj.edu.br\/van\/wp-json\/wp\/v2\/categories?post=13685"},{"taxonomy":"post_tag","embeddable":true,"href":"http:\/\/jornalismo.ufsj.edu.br\/van\/wp-json\/wp\/v2\/tags?post=13685"}],"curies":[{"name":"wp","href":"https:\/\/api.w.org\/{rel}","templated":true}]}}