{"id":13671,"date":"2024-04-23T07:03:00","date_gmt":"2024-04-23T10:03:00","guid":{"rendered":"https:\/\/jornalismo.ufsj.edu.br\/van\/?p=13671"},"modified":"2024-04-22T23:09:55","modified_gmt":"2024-04-23T02:09:55","slug":"dia-do-escoteiro-o-movimento-em-sao-joao-del-rei-e-os-grupos-atuantes-na-localidade","status":"publish","type":"post","link":"http:\/\/jornalismo.ufsj.edu.br\/van\/dia-do-escoteiro-o-movimento-em-sao-joao-del-rei-e-os-grupos-atuantes-na-localidade\/","title":{"rendered":"Dia do Escoteiro: o movimento em S\u00e3o Jo\u00e3o del-Rei e os grupos atuantes na localidade"},"content":{"rendered":"\n<p class=\"has-text-align-right\"><em><strong>Por Ana Julia Barbosa e Giulianna Andrade<\/strong><\/em><\/p>\n\n\n\n<p>Hoje, 23 de abril, comemora-se em diversos lugares do mundo o Dia do Escoteiro. Em homenagem a S\u00e3o Jorge, considerado protetor de escoteiros mirins, soldados e cavaleiros, bastante conhecido e celebrado, a data foi escolhida pelo fundador do movimento,&nbsp; Robert Baden-Powell. Segundo ele, Jorge da Capad\u00f3cia, mais conhecido como S\u00e3o Jorge, \u00e9 uma refer\u00eancia para as qualidades que se deve encontrar em um escoteiro, prezando pela coragem de enfrentar os desafios. Al\u00e9m disso, a data \u00e9 utilizada para os membros refletirem sobre o que significa ser um escoteiro, com suas pr\u00e1ticas e viv\u00eancias.<\/p>\n\n\n\n<p><strong>Mas afinal o que \u00e9 o Escotismo?<\/strong><\/p>\n\n\n\n<p>O escotismo \u00e9 um movimento mundial de car\u00e1ter educacional, volunt\u00e1rio e sem fins lucrativos, no qual as crian\u00e7as, adolescentes e jovens t\u00eam a oportunidade de se desenvolverem socialmente de uma forma baseada em valores, respeito, amizade, fraternidade e no amor pela natureza. Buscam auxiliar na constru\u00e7\u00e3o de indiv\u00edduos e futuros adultos respons\u00e1veis, prestativos, com princ\u00edpios de trabalho em equipe e vida ao ar livre.&nbsp;<\/p>\n\n\n\n<p>Com a expans\u00e3o do escotismo, foi fundada a Uni\u00e3o dos Escoteiros do Brasil (UEB), em 1924, a \u00fanica organiza\u00e7\u00e3o brasileira reconhecida pela Organiza\u00e7\u00e3o Mundial do Movimento Escoteiro. A associa\u00e7\u00e3o possui atua\u00e7\u00e3o nacional, de forma educacional, cultural e filantr\u00f3pica, al\u00e9m de acompanhar as condutas nas Unidades Escoteiras Locais, distribu\u00eddas ao longo de todo o territ\u00f3rio do pa\u00eds. S\u00e3o mais de 100 anos de hist\u00f3ria, buscando aperfei\u00e7oar as t\u00e9cnicas e unir cada vez mais pessoas para continuar como um dos maiores grupos de jovens do mundo, o qual conta com mais de 80 mil escoteiros no Brasil, segundo o site Escoteiros do Brasil Distrito Federal.<\/p>\n\n\n\n<p>Em S\u00e3o Jo\u00e3o del-Rei o escotismo est\u00e1 presente h\u00e1 alguns anos. Atualmente, a cidade mineira conta com 2 grupos escoteiros em funcionamento: o Guardi\u00e3o das Vertentes, em pr\u00e1tica h\u00e1 mais de 16 anos, e o Tales 209, fundado h\u00e1 1 ano e meio, aproximadamente. A regi\u00e3o faz parte do Distrito Estrada Real, que engloba as comunidades escotistas de Barbacena, Caranda\u00ed, Congonhas, Conselheiro Lafaiete, Itabirito, Mariana, Ouro Branco, Ouro Preto, S\u00e3o Jo\u00e3o del-Rei, Vi\u00e7osa e Santa Cruz de Minas.<\/p>\n\n\n\n<div style=\"height:15px\" aria-hidden=\"true\" class=\"wp-block-spacer\"><\/div>\n\n\n<div class=\"wp-block-image\">\n<figure class=\"aligncenter size-full\"><img loading=\"lazy\" decoding=\"async\" width=\"828\" height=\"315\" src=\"http:\/\/jornalismo.ufsj.edu.br\/van\/wp-content\/uploads\/2024\/04\/1-1.jpg\" alt=\"\" class=\"wp-image-13667\" srcset=\"http:\/\/jornalismo.ufsj.edu.br\/van\/wp-content\/uploads\/2024\/04\/1-1.jpg 828w, http:\/\/jornalismo.ufsj.edu.br\/van\/wp-content\/uploads\/2024\/04\/1-1-300x114.jpg 300w, http:\/\/jornalismo.ufsj.edu.br\/van\/wp-content\/uploads\/2024\/04\/1-1-768x292.jpg 768w\" sizes=\"auto, (max-width: 828px) 100vw, 828px\" \/><figcaption class=\"wp-element-caption\">Encontro de grupos escoteiros integrantes do Distrito Estrada Real &#8211; Foto: Facebook\/ Escoteiros Distrito Estrada Real &#8211; MG<br><\/figcaption><\/figure>\n<\/div>\n\n\n<div style=\"height:15px\" aria-hidden=\"true\" class=\"wp-block-spacer\"><\/div>\n\n\n\n<p>O Guardi\u00e3o das Vertentes 67\u00b0, fundado em outubro de 2007, \u00e9 um desses grupos atuantes na regi\u00e3o. Eles trabalham com as crian\u00e7as a valoriza\u00e7\u00e3o da vida em todos os \u00e2mbitos, fortalecendo os valores e princ\u00edpios desses jovens.&nbsp;<\/p>\n\n\n\n<p>O chefe escoteiro Ricardo Neves conta que \u00e9 necess\u00e1rio que o movimento escoteiro da regi\u00e3o tenha mais visibilidade e divulga\u00e7\u00e3o, j\u00e1 que poucas pessoas sabem, realmente, o que \u00e9 o escotismo, muitas vezes, associando ao militarismo ou at\u00e9 mesmo com personagens de filmes, fugindo da representa\u00e7\u00e3o real do que a institui\u00e7\u00e3o faz. Al\u00e9m disso, devido \u00e0 pandemia, infelizmente, o grupo que anteriormente j\u00e1 teve em torno de 100 crian\u00e7as hoje possui 12. Como pertencente ao grupo desde crian\u00e7a, Ricardo relata que o contato com o movimento auxilia na forma\u00e7\u00e3o de cidad\u00e3os e, para isso, \u00e9 necess\u00e1rio fazer parte do escotismo e alcan\u00e7ar um maior n\u00famero de jovens.<\/p>\n\n\n\n<p>Raquel Evangelista de Oliveira, professora e chefe escoteira do grupo, presente no movimento por volta de 17 anos, tamb\u00e9m retoma sobre a import\u00e2ncia de atividades do \u00e2mbito escotista no desenvolvimento do jovem, afirmando que incentiva o indiv\u00edduo a aprender encarar desafios e acreditar na sua pr\u00f3pria capacidade. Raquel diz \u201cO escotismo ajuda a lidar com a vida como um todo\u201d.<\/p>\n\n\n\n<p>Eles nos relatam que as atividades s\u00e3o pensadas com o prop\u00f3sito de fortalecer o jovem, com \u00eanfase na inclus\u00e3o. Com isso Ricardo salienta que \u201cCom os lobinhos trabalhamos o l\u00fadico com a hist\u00f3ria de Mogli, os escoteiros \u00e9 a aventura, seniores \u00e9 o desafio e por fim, os pioneiros e o trabalho com a comunidade\u201d, de modo que cada etapa de idade dos membros sejam baseadas nos valores e nas premissas escoteiras.<\/p>\n\n\n\n<p>Sobre o motivo pelo qual as crian\u00e7as recebem o nome de \u201clobinhos\u201d, Raquel nos conta que \u00e9 trabalhado de maneira fantasiosa. Eles utilizam a hist\u00f3ria de Mogli, o menino lobo, para a rela\u00e7\u00e3o com os integrantes do grupo: \u201cAs crian\u00e7as e os chefes s\u00e3o como os personagens, assim eles aprendem a lidar com a natureza e a rea\u00e7\u00e3o desse todo com as a\u00e7\u00f5es deles\u201d. Assim como na hist\u00f3ria, o momento quando as crian\u00e7as passam para a idade de escoteiros se chama passagem, que \u00e9 quando o Mogli volta para sua comunidade deixando de ser um lobinho.&nbsp;<\/p>\n\n\n\n<p>Hoje em dia, o grupo Guardi\u00f5es das Vertentes possui atividades das 9 \u00e0s 11h, aos s\u00e1bados. Eles revezam os locais de pr\u00e1ticas entre o Batalh\u00e3o de Pol\u00edcia de S\u00e3o Jo\u00e3o del-Rei, escolas e a Universidade Federal de S\u00e3o Jo\u00e3o del-Rei (UFSJ).&nbsp;<\/p>\n\n\n\n<p>Atualmente, se dedicam a divulgar o movimento para atrair mais participantes, uma vez que os entrevistados relataram que sentem falta de iniciativas da prefeitura e de institui\u00e7\u00f5es para auxiliar e oferecer mais oportunidades para a comunidade.<\/p>\n\n\n\n<div style=\"height:15px\" aria-hidden=\"true\" class=\"wp-block-spacer\"><\/div>\n\n\n<div class=\"wp-block-image\">\n<figure class=\"aligncenter size-large\"><img loading=\"lazy\" decoding=\"async\" width=\"1024\" height=\"576\" src=\"http:\/\/jornalismo.ufsj.edu.br\/van\/wp-content\/uploads\/2024\/04\/2-1-1024x576.jpg\" alt=\"\" class=\"wp-image-13668\" srcset=\"http:\/\/jornalismo.ufsj.edu.br\/van\/wp-content\/uploads\/2024\/04\/2-1-1024x576.jpg 1024w, http:\/\/jornalismo.ufsj.edu.br\/van\/wp-content\/uploads\/2024\/04\/2-1-300x169.jpg 300w, http:\/\/jornalismo.ufsj.edu.br\/van\/wp-content\/uploads\/2024\/04\/2-1-768x432.jpg 768w, http:\/\/jornalismo.ufsj.edu.br\/van\/wp-content\/uploads\/2024\/04\/2-1-1536x864.jpg 1536w, http:\/\/jornalismo.ufsj.edu.br\/van\/wp-content\/uploads\/2024\/04\/2-1.jpg 2048w\" sizes=\"auto, (max-width: 1024px) 100vw, 1024px\" \/><figcaption class=\"wp-element-caption\">Hasteamento da bandeira realizada pelo grupo Guardi\u00e3o das Vertentes 67\u00ba &#8211; FOTO: Facebook\/Escoteiro Guardi\u00e3o das Vertentes 67<br><\/figcaption><\/figure>\n<\/div>\n\n\n<div style=\"height:15px\" aria-hidden=\"true\" class=\"wp-block-spacer\"><\/div>\n\n\n\n<p>O grupo escoteiro Tales 209, localizado em S\u00e3o Jo\u00e3o del-Rei, possui duas sess\u00f5es: \u00e0s dos lobinhos, crian\u00e7as de 6 anos e meio at\u00e9 10 anos, e dos escoteiros, de 11 a 14 anos. O grupo recebe qualquer crian\u00e7a independente de g\u00eanero, religi\u00e3o e aspectos financeiros, eles trabalham de maneira volunt\u00e1ria e sem v\u00ednculos pol\u00edticos como determinado pelas premissas escoteiras. As atividades realizadas por eles s\u00e3o pensadas para atender as idades e demandas das crian\u00e7as, mas todas elas buscam trabalhar com contato respeito com a natureza, o senso de comunidade e o desenvolvimento de habilidades, isso \u00e9 realizado de maneira l\u00fadica e divertida com jogos e&nbsp; can\u00e7\u00f5es.<\/p>\n\n\n\n<p>&nbsp;As atividades trazem para a vida desse jovem um desenvolvimento significativo como nos conta o Chefe&nbsp; Delcio Paulo Carrara, que tamb\u00e9m \u00e9 diretor e presidente do projeto NAC Tales no munic\u00edpio: &nbsp;\u201cO prop\u00f3sito escoteiro \u00e9 contribuir para que as crian\u00e7as, adolescentes e jovens assumam seu pr\u00f3prio desenvolvimento, para que abracem seu pleno potencial f\u00edsico, intelectual, afetivo, social, espiritual, como indiv\u00edduos e cidad\u00e3os respons\u00e1veis e membros ativos de suas comunidades, seja local, nacional ou internacional\u201d.<\/p>\n\n\n\n<p>Segundo ele, j\u00e1 \u00e9 poss\u00edvel observar resultados desse primeiro ano do grupo nas crian\u00e7as, v\u00e1rios pais e respons\u00e1veis contam sobre as mudan\u00e7as positivas que impactaram na vida de suas crian\u00e7as, seja no contexto familiar, na escola e na comunidade em geral.<\/p>\n\n\n\n<p>Para o chefe, tal pr\u00e1tica \u00e9 uma chance para essas pessoas terem contato com uma oportunidade sadia de ajudar seu pr\u00f3prio crescimento pessoal. O grupo hoje possui lista de espera para crian\u00e7as de 6 anos e meio a 11 anos e para escoteiros, que s\u00e3o os jovens de 12 a 14 anos, que possuem vagas. As atividades ocorrem aos s\u00e1bados das 14 \u00e0s 16h na institui\u00e7\u00e3o NAC Tales, localizado na Rua Monsenhor Silvestre de Castro, 1627 &#8211; S\u00e3o Jo\u00e3o del-Rei.<\/p>\n\n\n\n<div style=\"height:15px\" aria-hidden=\"true\" class=\"wp-block-spacer\"><\/div>\n\n\n<div class=\"wp-block-image\">\n<figure class=\"aligncenter size-large\"><img loading=\"lazy\" decoding=\"async\" width=\"1024\" height=\"768\" src=\"http:\/\/jornalismo.ufsj.edu.br\/van\/wp-content\/uploads\/2024\/04\/3eCAPA-1024x768.jpeg\" alt=\"\" class=\"wp-image-13669\" srcset=\"http:\/\/jornalismo.ufsj.edu.br\/van\/wp-content\/uploads\/2024\/04\/3eCAPA-1024x768.jpeg 1024w, http:\/\/jornalismo.ufsj.edu.br\/van\/wp-content\/uploads\/2024\/04\/3eCAPA-300x225.jpeg 300w, http:\/\/jornalismo.ufsj.edu.br\/van\/wp-content\/uploads\/2024\/04\/3eCAPA-768x576.jpeg 768w, http:\/\/jornalismo.ufsj.edu.br\/van\/wp-content\/uploads\/2024\/04\/3eCAPA-200x150.jpeg 200w, http:\/\/jornalismo.ufsj.edu.br\/van\/wp-content\/uploads\/2024\/04\/3eCAPA.jpeg 1080w\" sizes=\"auto, (max-width: 1024px) 100vw, 1024px\" \/><figcaption class=\"wp-element-caption\">Grupo Escoteiro Tales 209\u00ba em atividade fora da sede\nFoto: Instagram &#8211;  @grupoescoteiro209 \n<\/figcaption><\/figure>\n<\/div>\n\n\n<div style=\"height:15px\" aria-hidden=\"true\" class=\"wp-block-spacer\"><\/div>\n\n\n\n<p>Procuramos a Secretaria de Lazer e Esporte da cidade de S\u00e3o Jo\u00e3o del-Rei para entendermos melhor como o movimento escoteiro atua na cidade e se a prefeitura pensa em auxiliar de alguma forma essas institui\u00e7\u00f5es sociais, mas at\u00e9 o momento,&nbsp; n\u00e3o obtivemos respostas acerca dos questionamentos.<\/p>\n\n\n\n<p class=\"has-text-align-center\"><strong>Servi\u00e7o<\/strong><\/p>\n\n\n\n<p class=\"has-text-align-center\">Para maiores informa\u00e7\u00f5es e contato<\/p>\n\n\n\n<p class=\"has-text-align-center\">Instagram:<\/p>\n\n\n\n<ul class=\"wp-block-list\">\n<li>@geguardiaodasvertentes67<\/li>\n\n\n\n<li>@grupoescoteiro209<\/li>\n<\/ul>\n\n\n\n<p class=\"has-text-align-center\">Facebook:&nbsp;<\/p>\n\n\n\n<ul class=\"wp-block-list\">\n<li>Guardi\u00e3o das Vertentes 67\u00b0<\/li>\n\n\n\n<li>GRUPO Escoteiro TALES 209<\/li>\n<\/ul>\n","protected":false},"excerpt":{"rendered":"<p>Hoje, 23 de abril, comemora-se em diversos lugares do mundo o Dia do Escoteiro. Em homenagem a S\u00e3o Jorge, considerado protetor de escoteiros mirins, soldados e cavaleiros, bastante conhecido e celebrado, a data foi escolhida pelo fundador do movimento,\u00a0 Robert Baden-Powell. Segundo ele, Jorge da Capad\u00f3cia, mais conhecido como S\u00e3o Jorge, \u00e9 uma refer\u00eancia para as qualidades que se deve encontrar em um escoteiro, prezando pela coragem de enfrentar os desafios. Al\u00e9m disso, a data \u00e9 utilizada para os membros refletirem sobre o que significa ser um escoteiro, com suas pr\u00e1ticas e viv\u00eancias.<\/p>\n","protected":false},"author":2,"featured_media":13669,"comment_status":"closed","ping_status":"open","sticky":false,"template":"","format":"standard","meta":{"_monsterinsights_skip_tracking":false,"_monsterinsights_sitenote_active":false,"_monsterinsights_sitenote_note":"","_monsterinsights_sitenote_category":0,"_themeisle_gutenberg_block_has_review":false,"cybocfi_hide_featured_image":"yes","footnotes":""},"categories":[13],"tags":[14],"class_list":["post-13671","post","type-post","status-publish","format-standard","has-post-thumbnail","hentry","category-cultura","tag-sao-joao-del-rei"],"_links":{"self":[{"href":"http:\/\/jornalismo.ufsj.edu.br\/van\/wp-json\/wp\/v2\/posts\/13671","targetHints":{"allow":["GET"]}}],"collection":[{"href":"http:\/\/jornalismo.ufsj.edu.br\/van\/wp-json\/wp\/v2\/posts"}],"about":[{"href":"http:\/\/jornalismo.ufsj.edu.br\/van\/wp-json\/wp\/v2\/types\/post"}],"author":[{"embeddable":true,"href":"http:\/\/jornalismo.ufsj.edu.br\/van\/wp-json\/wp\/v2\/users\/2"}],"replies":[{"embeddable":true,"href":"http:\/\/jornalismo.ufsj.edu.br\/van\/wp-json\/wp\/v2\/comments?post=13671"}],"version-history":[{"count":1,"href":"http:\/\/jornalismo.ufsj.edu.br\/van\/wp-json\/wp\/v2\/posts\/13671\/revisions"}],"predecessor-version":[{"id":13672,"href":"http:\/\/jornalismo.ufsj.edu.br\/van\/wp-json\/wp\/v2\/posts\/13671\/revisions\/13672"}],"wp:featuredmedia":[{"embeddable":true,"href":"http:\/\/jornalismo.ufsj.edu.br\/van\/wp-json\/wp\/v2\/media\/13669"}],"wp:attachment":[{"href":"http:\/\/jornalismo.ufsj.edu.br\/van\/wp-json\/wp\/v2\/media?parent=13671"}],"wp:term":[{"taxonomy":"category","embeddable":true,"href":"http:\/\/jornalismo.ufsj.edu.br\/van\/wp-json\/wp\/v2\/categories?post=13671"},{"taxonomy":"post_tag","embeddable":true,"href":"http:\/\/jornalismo.ufsj.edu.br\/van\/wp-json\/wp\/v2\/tags?post=13671"}],"curies":[{"name":"wp","href":"https:\/\/api.w.org\/{rel}","templated":true}]}}